{"id":12397,"date":"2012-04-23T02:37:56","date_gmt":"2012-04-23T02:37:56","guid":{"rendered":"http:\/\/www.hoymercedes.com.ar\/principal\/?p=12397"},"modified":"2012-04-23T02:37:56","modified_gmt":"2012-04-23T02:37:56","slug":"vergonzoso-e-indignante","status":"publish","type":"post","link":"https:\/\/www.hoymercedes.com.ar\/principal\/2012\/04\/23\/vergonzoso-e-indignante\/","title":{"rendered":"Vergonzoso e Indignante"},"content":{"rendered":"<p><span style=\"color: #000080;\"><strong>Por Nora Alvarado<\/strong><\/span><\/p>\n<p>Manifiesto la preocupaci\u00f3n de lo que esta pasando en algunos barrios de Mercedes, puntualmente en esta oportunidad me refiero al barrio San Justo.<\/p>\n<p>En el mencionado barrio hay una Sociedad de Fomento que tiene mandato vigente hasta el mes de enero de 2013, presidida por la Sra Dora Sosa, pues bien, hace un mes aproximadamente est\u00e1 tratando de formar una comisi\u00f3n paralela una vecina, con la ayuda del Sr Gustavo Marzano, quien no representa a nadie hablando de fomentismo, pero si representa a un movimiento pol\u00edtico, que perdi\u00f3 las \u00faltimas elecciones, as\u00ed y todo, a pesar que desde el municipio les informaron que todo lo que realizan es ilegal el viernes ultimo realizaron una asamblea , y lo mas asombroso es que a la misma asisti\u00f3 la Presidenta de la Federaci\u00f3n Alejandra Santana, que no deberia haberlo hecho, pues ella debe representar a las comisiones que son legalmente constituidas. Sabemos que la Federaci\u00f3n esta ac\u00e9fala y no representa a nadie, pero es utilizada como sello en estas sucias ocasiones, como tambi\u00e9n sabemos que la Sra Santana \u00a0particip\u00f3 abiertamente para un grupo pol\u00edtico que como mencion\u00e9 perdi\u00f3 las elecciones.<\/p>\n<p>Sostengo, como Fomentistas, porque no se dedican a cuidar su barrio y dejan de meterse donde nadie los necesita, Sres Santana y Marzano?<\/p>\n<p>Nora Alvarado, Presidenta de Barrio San Antonio.<\/p>\n","protected":false},"excerpt":{"rendered":"<p>Por Nora Alvarado Manifiesto la preocupaci\u00f3n de lo que esta pasando en algunos barrios de Mercedes, puntualmente en esta oportunidad &#8230; <a title=\"Vergonzoso e Indignante\" class=\"read-more\" href=\"https:\/\/www.hoymercedes.com.ar\/principal\/2012\/04\/23\/vergonzoso-e-indignante\/\" aria-label=\"Leer m\u00e1s sobre Vergonzoso e Indignante\">Leer m\u00e1s<\/a><\/p>\n","protected":false},"author":1,"featured_media":0,"comment_status":"open","ping_status":"open","sticky":false,"template":"","format":"standard","meta":{"_monsterinsights_skip_tracking":false,"_monsterinsights_sitenote_active":false,"_monsterinsights_sitenote_note":"","_monsterinsights_sitenote_category":0,"jetpack_post_was_ever_published":false,"_jetpack_newsletter_access":"","_jetpack_dont_email_post_to_subs":false,"_jetpack_newsletter_tier_id":0,"_jetpack_memberships_contains_paywalled_content":false,"_jetpack_memberships_contains_paid_content":false,"footnotes":"","jetpack_publicize_message":"","jetpack_publicize_feature_enabled":true,"jetpack_social_post_already_shared":false,"jetpack_social_options":{"image_generator_settings":{"template":"highway","default_image_id":0,"font":"","enabled":false},"version":2},"_wpas_customize_per_network":false},"categories":[5],"tags":[526,860],"class_list":["post-12397","post","type-post","status-publish","format-standard","hentry","category-politica","tag-barrio-san-antonio","tag-nora-alvarado","generate-columns","tablet-grid-50","mobile-grid-100","grid-parent","grid-50"],"jetpack_publicize_connections":[],"jetpack_featured_media_url":"","wps_subtitle":"","jetpack_sharing_enabled":true,"_links":{"self":[{"href":"https:\/\/www.hoymercedes.com.ar\/principal\/wp-json\/wp\/v2\/posts\/12397","targetHints":{"allow":["GET"]}}],"collection":[{"href":"https:\/\/www.hoymercedes.com.ar\/principal\/wp-json\/wp\/v2\/posts"}],"about":[{"href":"https:\/\/www.hoymercedes.com.ar\/principal\/wp-json\/wp\/v2\/types\/post"}],"author":[{"embeddable":true,"href":"https:\/\/www.hoymercedes.com.ar\/principal\/wp-json\/wp\/v2\/users\/1"}],"replies":[{"embeddable":true,"href":"https:\/\/www.hoymercedes.com.ar\/principal\/wp-json\/wp\/v2\/comments?post=12397"}],"version-history":[{"count":0,"href":"https:\/\/www.hoymercedes.com.ar\/principal\/wp-json\/wp\/v2\/posts\/12397\/revisions"}],"wp:attachment":[{"href":"https:\/\/www.hoymercedes.com.ar\/principal\/wp-json\/wp\/v2\/media?parent=12397"}],"wp:term":[{"taxonomy":"category","embeddable":true,"href":"https:\/\/www.hoymercedes.com.ar\/principal\/wp-json\/wp\/v2\/categories?post=12397"},{"taxonomy":"post_tag","embeddable":true,"href":"https:\/\/www.hoymercedes.com.ar\/principal\/wp-json\/wp\/v2\/tags?post=12397"}],"curies":[{"name":"wp","href":"https:\/\/api.w.org\/{rel}","templated":true}]}}