{"id":123978,"date":"2021-01-28T10:00:00","date_gmt":"2021-01-28T13:00:00","guid":{"rendered":"http:\/\/www.hoymercedes.com.ar\/principal\/?p=123978"},"modified":"2021-01-28T09:56:16","modified_gmt":"2021-01-28T12:56:16","slug":"covid-en-lujan-otra-paciente-fallecida-y-39-nuevos-casos-positivos","status":"publish","type":"post","link":"https:\/\/www.hoymercedes.com.ar\/principal\/2021\/01\/28\/covid-en-lujan-otra-paciente-fallecida-y-39-nuevos-casos-positivos\/","title":{"rendered":"Covid en Luj\u00e1n: otra paciente fallecida y 39 nuevos casos positivos"},"content":{"rendered":"\n<p>En su informe oficial N\u00b0 317, emitido este jueves a las 7, la Secretar\u00eda de Salud del Municipio de Luj\u00e1n inform\u00f3 que en las \u00faltimas horas falleci\u00f3 una lujanense de coronavirus.<\/p>\n\n\n\n<p>\u201cSe trata de una mujer de 91 a\u00f1os de edad que se encontraba internada en un efector de salud privado del partido de Luj\u00e1n. La misma pose\u00eda antecedentes de hipertensi\u00f3n arterial e insuficiencia card\u00edaca\u201d, se\u00f1alaron.<\/p>\n\n\n\n<p>Pero tambi\u00e9n se confirmaron 39 nuevos casos positivos de coronavirus. Por su parte, este mi\u00e9rcoles en el Partido de Luj\u00e1n se dieron de alta 17 casos positivos para Covid-19.<\/p>\n\n\n\n<p>Hasta el momento, el Partido de Luj\u00e1n registra 5.424 casos positivos (de los cuales 136 fallecieron, 3.945 fueron dados de alta y 1.343 se encuentran en tratamiento) y 9.971 casos descartados.<\/p>\n","protected":false},"excerpt":{"rendered":"<p>En su informe oficial N\u00b0 317, emitido este jueves a las 7, la Secretar\u00eda de Salud del Municipio de Luj\u00e1n &#8230; <a title=\"Covid en Luj\u00e1n: otra paciente fallecida y 39 nuevos casos positivos\" class=\"read-more\" href=\"https:\/\/www.hoymercedes.com.ar\/principal\/2021\/01\/28\/covid-en-lujan-otra-paciente-fallecida-y-39-nuevos-casos-positivos\/\" aria-label=\"Leer m\u00e1s sobre Covid en Luj\u00e1n: otra paciente fallecida y 39 nuevos casos positivos\">Leer m\u00e1s<\/a><\/p>\n","protected":false},"author":1,"featured_media":111450,"comment_status":"closed","ping_status":"open","sticky":false,"template":"","format":"standard","meta":{"_monsterinsights_skip_tracking":false,"_monsterinsights_sitenote_active":false,"_monsterinsights_sitenote_note":"","_monsterinsights_sitenote_category":0,"jetpack_post_was_ever_published":false,"_jetpack_newsletter_access":"","_jetpack_dont_email_post_to_subs":false,"_jetpack_newsletter_tier_id":0,"_jetpack_memberships_contains_paywalled_content":false,"_jetpack_memberships_contains_paid_content":false,"footnotes":"","jetpack_publicize_message":"","jetpack_publicize_feature_enabled":true,"jetpack_social_post_already_shared":true,"jetpack_social_options":{"image_generator_settings":{"template":"highway","default_image_id":0,"font":"","enabled":false},"version":2},"_wpas_customize_per_network":false},"categories":[201],"tags":[],"class_list":["post-123978","post","type-post","status-publish","format-standard","has-post-thumbnail","hentry","category-lujan-2","generate-columns","tablet-grid-50","mobile-grid-100","grid-parent","grid-50"],"jetpack_publicize_connections":[],"jetpack_featured_media_url":"https:\/\/www.hoymercedes.com.ar\/principal\/wp-content\/uploads\/2020\/05\/31-Coronavirus-Estudios-696x429-1.jpg","wps_subtitle":"","jetpack_sharing_enabled":true,"_links":{"self":[{"href":"https:\/\/www.hoymercedes.com.ar\/principal\/wp-json\/wp\/v2\/posts\/123978","targetHints":{"allow":["GET"]}}],"collection":[{"href":"https:\/\/www.hoymercedes.com.ar\/principal\/wp-json\/wp\/v2\/posts"}],"about":[{"href":"https:\/\/www.hoymercedes.com.ar\/principal\/wp-json\/wp\/v2\/types\/post"}],"author":[{"embeddable":true,"href":"https:\/\/www.hoymercedes.com.ar\/principal\/wp-json\/wp\/v2\/users\/1"}],"replies":[{"embeddable":true,"href":"https:\/\/www.hoymercedes.com.ar\/principal\/wp-json\/wp\/v2\/comments?post=123978"}],"version-history":[{"count":0,"href":"https:\/\/www.hoymercedes.com.ar\/principal\/wp-json\/wp\/v2\/posts\/123978\/revisions"}],"wp:featuredmedia":[{"embeddable":true,"href":"https:\/\/www.hoymercedes.com.ar\/principal\/wp-json\/wp\/v2\/media\/111450"}],"wp:attachment":[{"href":"https:\/\/www.hoymercedes.com.ar\/principal\/wp-json\/wp\/v2\/media?parent=123978"}],"wp:term":[{"taxonomy":"category","embeddable":true,"href":"https:\/\/www.hoymercedes.com.ar\/principal\/wp-json\/wp\/v2\/categories?post=123978"},{"taxonomy":"post_tag","embeddable":true,"href":"https:\/\/www.hoymercedes.com.ar\/principal\/wp-json\/wp\/v2\/tags?post=123978"}],"curies":[{"name":"wp","href":"https:\/\/api.w.org\/{rel}","templated":true}]}}