{"id":123980,"date":"2021-01-28T10:56:00","date_gmt":"2021-01-28T13:56:00","guid":{"rendered":"http:\/\/www.hoymercedes.com.ar\/principal\/?p=123980"},"modified":"2021-01-28T10:02:27","modified_gmt":"2021-01-28T13:02:27","slug":"buscan-jerarquizar-la-estacion-de-tomas-jofre-con-fines-turisticos","status":"publish","type":"post","link":"https:\/\/www.hoymercedes.com.ar\/principal\/2021\/01\/28\/buscan-jerarquizar-la-estacion-de-tomas-jofre-con-fines-turisticos\/","title":{"rendered":"Buscan jerarquizar la estaci\u00f3n de Tom\u00e1s Jofr\u00e9 con fines tur\u00edsticos"},"content":{"rendered":"\n<p>El director de Turismo y Comercio, Mart\u00edn Boragno, se reuni\u00f3 con Mart\u00edn Adri\u00e1n Costa, Subgerente de Desarrollo del Patrimonio Cultural Ferroviario de la Naci\u00f3n para poder avanzar en la jerarquizaci\u00f3n de la Estaci\u00f3n de Tom\u00e1s Jofr\u00e9. Con los \u201cAmigos del Belgrano\u201d se inici\u00f3 el trabajo para generar un espacio para guardia de la Polic\u00eda Comunal en la estaci\u00f3n de la localidad rural.\u00a0<\/p>\n\n\n\n<div class=\"wp-block-image\"><figure class=\"aligncenter size-large\"><img loading=\"lazy\" decoding=\"async\" width=\"800\" height=\"640\" data-attachment-id=\"123982\" data-permalink=\"https:\/\/www.hoymercedes.com.ar\/principal\/2021\/01\/28\/buscan-jerarquizar-la-estacion-de-tomas-jofre-con-fines-turisticos\/whatsapp-image-2021-01-27-at-18-55-29\/#main\" data-orig-file=\"https:\/\/www.hoymercedes.com.ar\/principal\/wp-content\/uploads\/2021\/01\/WhatsApp-Image-2021-01-27-at-18.55.29.jpeg\" data-orig-size=\"800,640\" data-comments-opened=\"0\" data-image-meta=\"{&quot;aperture&quot;:&quot;0&quot;,&quot;credit&quot;:&quot;&quot;,&quot;camera&quot;:&quot;&quot;,&quot;caption&quot;:&quot;&quot;,&quot;created_timestamp&quot;:&quot;0&quot;,&quot;copyright&quot;:&quot;&quot;,&quot;focal_length&quot;:&quot;0&quot;,&quot;iso&quot;:&quot;0&quot;,&quot;shutter_speed&quot;:&quot;0&quot;,&quot;title&quot;:&quot;&quot;,&quot;orientation&quot;:&quot;0&quot;}\" data-image-title=\"WhatsApp Image 2021-01-27 at 18.55.29\" data-image-description=\"\" data-image-caption=\"\" data-large-file=\"https:\/\/www.hoymercedes.com.ar\/principal\/wp-content\/uploads\/2021\/01\/WhatsApp-Image-2021-01-27-at-18.55.29.jpeg\" src=\"https:\/\/www.hoymercedes.com.ar\/principal\/wp-content\/uploads\/2021\/01\/WhatsApp-Image-2021-01-27-at-18.55.29.jpeg\" alt=\"\" class=\"wp-image-123982\" srcset=\"https:\/\/www.hoymercedes.com.ar\/principal\/wp-content\/uploads\/2021\/01\/WhatsApp-Image-2021-01-27-at-18.55.29.jpeg 800w, https:\/\/www.hoymercedes.com.ar\/principal\/wp-content\/uploads\/2021\/01\/WhatsApp-Image-2021-01-27-at-18.55.29-630x504.jpeg 630w, https:\/\/www.hoymercedes.com.ar\/principal\/wp-content\/uploads\/2021\/01\/WhatsApp-Image-2021-01-27-at-18.55.29-150x120.jpeg 150w\" sizes=\"auto, (max-width: 800px) 100vw, 800px\" \/><\/figure><\/div>\n\n\n\n<p>Boragno coment\u00f3 que \u201cestamos trabajando ya en mejoras de lugar, algunos peque\u00f1os detalles, pero sumamente importantes, como limpieza, mejora de aberturas, per\u00edmetros, es decir, cuestiones que sumadas son fundamentales\u201d coment\u00f3 y narr\u00f3 que \u201cbuscamos adem\u00e1s seguir articulando aspectos del no menor plan y deseo del tren tur\u00edstico, un proyecto y planificaci\u00f3n que nunca dejamos de tener en carpeta, aun sabiendo sus complejidades\u201d destac\u00f3. &nbsp;<\/p>\n\n\n\n<p>La reuni\u00f3n se concret\u00f3 en la Ciudad Aut\u00f3noma de Buenos Aires y tambi\u00e9n tuvo como punto de di\u00e1logo e intercambio la actualidad del polo gastron\u00f3mico de la ciudad que ha sido objeto de m\u00faltiples inversiones en los \u00faltimos tiempos, desde carteler\u00eda a iluminaci\u00f3n, empedrado, embellecimiento de la plaza principal, los puestos de artesanos, entre otras intervenciones. &nbsp;<\/p>\n\n\n\n<p><\/p>\n","protected":false},"excerpt":{"rendered":"<p>El director de Turismo y Comercio, Mart\u00edn Boragno, se reuni\u00f3 con Mart\u00edn Adri\u00e1n Costa, Subgerente de Desarrollo del Patrimonio Cultural &#8230; <a title=\"Buscan jerarquizar la estaci\u00f3n de Tom\u00e1s Jofr\u00e9 con fines tur\u00edsticos\" class=\"read-more\" href=\"https:\/\/www.hoymercedes.com.ar\/principal\/2021\/01\/28\/buscan-jerarquizar-la-estacion-de-tomas-jofre-con-fines-turisticos\/\" aria-label=\"Leer m\u00e1s sobre Buscan jerarquizar la estaci\u00f3n de Tom\u00e1s Jofr\u00e9 con fines tur\u00edsticos\">Leer m\u00e1s<\/a><\/p>\n","protected":false},"author":1,"featured_media":123982,"comment_status":"closed","ping_status":"open","sticky":false,"template":"","format":"standard","meta":{"_monsterinsights_skip_tracking":false,"_monsterinsights_sitenote_active":false,"_monsterinsights_sitenote_note":"","_monsterinsights_sitenote_category":0,"jetpack_post_was_ever_published":false,"_jetpack_newsletter_access":"","_jetpack_dont_email_post_to_subs":false,"_jetpack_newsletter_tier_id":0,"_jetpack_memberships_contains_paywalled_content":false,"_jetpack_memberships_contains_paid_content":false,"footnotes":"","jetpack_publicize_message":"","jetpack_publicize_feature_enabled":true,"jetpack_social_post_already_shared":true,"jetpack_social_options":{"image_generator_settings":{"template":"highway","default_image_id":0,"font":"","enabled":false},"version":2},"_wpas_customize_per_network":false},"categories":[30],"tags":[],"class_list":["post-123980","post","type-post","status-publish","format-standard","has-post-thumbnail","hentry","category-municipio","generate-columns","tablet-grid-50","mobile-grid-100","grid-parent","grid-50"],"jetpack_publicize_connections":[],"jetpack_featured_media_url":"https:\/\/www.hoymercedes.com.ar\/principal\/wp-content\/uploads\/2021\/01\/WhatsApp-Image-2021-01-27-at-18.55.29.jpeg","wps_subtitle":"","jetpack_sharing_enabled":true,"_links":{"self":[{"href":"https:\/\/www.hoymercedes.com.ar\/principal\/wp-json\/wp\/v2\/posts\/123980","targetHints":{"allow":["GET"]}}],"collection":[{"href":"https:\/\/www.hoymercedes.com.ar\/principal\/wp-json\/wp\/v2\/posts"}],"about":[{"href":"https:\/\/www.hoymercedes.com.ar\/principal\/wp-json\/wp\/v2\/types\/post"}],"author":[{"embeddable":true,"href":"https:\/\/www.hoymercedes.com.ar\/principal\/wp-json\/wp\/v2\/users\/1"}],"replies":[{"embeddable":true,"href":"https:\/\/www.hoymercedes.com.ar\/principal\/wp-json\/wp\/v2\/comments?post=123980"}],"version-history":[{"count":0,"href":"https:\/\/www.hoymercedes.com.ar\/principal\/wp-json\/wp\/v2\/posts\/123980\/revisions"}],"wp:featuredmedia":[{"embeddable":true,"href":"https:\/\/www.hoymercedes.com.ar\/principal\/wp-json\/wp\/v2\/media\/123982"}],"wp:attachment":[{"href":"https:\/\/www.hoymercedes.com.ar\/principal\/wp-json\/wp\/v2\/media?parent=123980"}],"wp:term":[{"taxonomy":"category","embeddable":true,"href":"https:\/\/www.hoymercedes.com.ar\/principal\/wp-json\/wp\/v2\/categories?post=123980"},{"taxonomy":"post_tag","embeddable":true,"href":"https:\/\/www.hoymercedes.com.ar\/principal\/wp-json\/wp\/v2\/tags?post=123980"}],"curies":[{"name":"wp","href":"https:\/\/api.w.org\/{rel}","templated":true}]}}