{"id":124000,"date":"2021-01-29T08:14:25","date_gmt":"2021-01-29T11:14:25","guid":{"rendered":"http:\/\/www.hoymercedes.com.ar\/principal\/?p=124000"},"modified":"2021-01-30T01:20:01","modified_gmt":"2021-01-30T04:20:01","slug":"descarrilamiento-de-tren-de-carga","status":"publish","type":"post","link":"https:\/\/www.hoymercedes.com.ar\/principal\/2021\/01\/29\/descarrilamiento-de-tren-de-carga\/","title":{"rendered":"Descarrilamiento de tren de carga"},"content":{"rendered":"\n<p>En los primeros minutos de este viernes se produjo el descarrilamiento de un tren de carga a pocos metros de  la estaci\u00f3n de Suipacha. <\/p>\n\n\n\n<div class=\"wp-block-image\"><figure class=\"aligncenter size-large\"><img loading=\"lazy\" decoding=\"async\" width=\"1024\" height=\"683\" data-attachment-id=\"124001\" data-permalink=\"https:\/\/www.hoymercedes.com.ar\/principal\/2021\/01\/29\/descarrilamiento-de-tren-de-carga\/fb_img_1611918482873\/#main\" data-orig-file=\"https:\/\/www.hoymercedes.com.ar\/principal\/wp-content\/uploads\/2021\/01\/FB_IMG_1611918482873.jpg\" data-orig-size=\"1080,720\" data-comments-opened=\"0\" data-image-meta=\"{&quot;aperture&quot;:&quot;0&quot;,&quot;credit&quot;:&quot;&quot;,&quot;camera&quot;:&quot;&quot;,&quot;caption&quot;:&quot;&quot;,&quot;created_timestamp&quot;:&quot;0&quot;,&quot;copyright&quot;:&quot;&quot;,&quot;focal_length&quot;:&quot;0&quot;,&quot;iso&quot;:&quot;0&quot;,&quot;shutter_speed&quot;:&quot;0&quot;,&quot;title&quot;:&quot;&quot;,&quot;orientation&quot;:&quot;0&quot;}\" data-image-title=\"FB_IMG_1611918482873\" data-image-description=\"\" data-image-caption=\"\" data-large-file=\"https:\/\/www.hoymercedes.com.ar\/principal\/wp-content\/uploads\/2021\/01\/FB_IMG_1611918482873-1024x683.jpg\" src=\"https:\/\/www.hoymercedes.com.ar\/principal\/wp-content\/uploads\/2021\/01\/FB_IMG_1611918482873-1024x683.jpg\" alt=\"\" class=\"wp-image-124001\" srcset=\"https:\/\/www.hoymercedes.com.ar\/principal\/wp-content\/uploads\/2021\/01\/FB_IMG_1611918482873-1024x683.jpg 1024w, https:\/\/www.hoymercedes.com.ar\/principal\/wp-content\/uploads\/2021\/01\/FB_IMG_1611918482873-630x420.jpg 630w, https:\/\/www.hoymercedes.com.ar\/principal\/wp-content\/uploads\/2021\/01\/FB_IMG_1611918482873-150x100.jpg 150w, https:\/\/www.hoymercedes.com.ar\/principal\/wp-content\/uploads\/2021\/01\/FB_IMG_1611918482873.jpg 1080w\" sizes=\"auto, (max-width: 1024px) 100vw, 1024px\" \/><\/figure><\/div>\n\n\n\n<p>El siniestro ocurri\u00f3 cuando  la formaci\u00f3n de la empresa Trenes Argentinos,  que circulaba proveniente de la localidad de Soldini (Rosario) con destino Bragado sin carga, al llegar a inmediaciones del paso a nivel de la calle Domingo Faustino Sarmiento, aparentemente a ra\u00edz de la rotura de una aguja de cambios provoco que parte de la formaci\u00f3n se saliera de las v\u00edas descarril\u00e1ndose, sin provocar da\u00f1os a terceros ni a los operarios del tren.<\/p>\n\n\n\n<p>La formaci\u00f3n interrumpe los paso a nivel de Domingo F. Sarmiento y Combate de San Lorenzo , quedando como \u00fanica alternativa el cruce por acceso Padre Brady , seg\u00fan vocero de la empresa en primeras horas de la ma\u00f1ana arribara una m\u00e1quina para retirar la formaci\u00f3n siniestrada., la que en apariencia no habr\u00eda sufrido da\u00f1os de importancia.<\/p>\n\n\n\n<p>Colaboraci\u00f3n: Jorge Lasala de Suipacha<\/p>\n","protected":false},"excerpt":{"rendered":"<p>En los primeros minutos de este viernes se produjo el descarrilamiento de un tren de carga a pocos metros de &#8230; <a title=\"Descarrilamiento de tren de carga\" class=\"read-more\" href=\"https:\/\/www.hoymercedes.com.ar\/principal\/2021\/01\/29\/descarrilamiento-de-tren-de-carga\/\" aria-label=\"Leer m\u00e1s sobre Descarrilamiento de tren de carga\">Leer m\u00e1s<\/a><\/p>\n","protected":false},"author":1,"featured_media":124001,"comment_status":"closed","ping_status":"open","sticky":false,"template":"","format":"standard","meta":{"_monsterinsights_skip_tracking":false,"_monsterinsights_sitenote_active":false,"_monsterinsights_sitenote_note":"","_monsterinsights_sitenote_category":0,"jetpack_post_was_ever_published":false,"_jetpack_newsletter_access":"","_jetpack_dont_email_post_to_subs":false,"_jetpack_newsletter_tier_id":0,"_jetpack_memberships_contains_paywalled_content":false,"_jetpack_memberships_contains_paid_content":false,"footnotes":"","jetpack_publicize_message":"","jetpack_publicize_feature_enabled":true,"jetpack_social_post_already_shared":true,"jetpack_social_options":{"image_generator_settings":{"template":"highway","default_image_id":0,"font":"","enabled":false},"version":2},"_wpas_customize_per_network":false},"categories":[8],"tags":[96,9271],"class_list":["post-124000","post","type-post","status-publish","format-standard","has-post-thumbnail","hentry","category-sociedad","tag-policial-2","tag-tren-sarmiento","generate-columns","tablet-grid-50","mobile-grid-100","grid-parent","grid-50"],"jetpack_publicize_connections":[],"jetpack_featured_media_url":"https:\/\/www.hoymercedes.com.ar\/principal\/wp-content\/uploads\/2021\/01\/FB_IMG_1611918482873.jpg","wps_subtitle":"En Suipacha","jetpack_sharing_enabled":true,"_links":{"self":[{"href":"https:\/\/www.hoymercedes.com.ar\/principal\/wp-json\/wp\/v2\/posts\/124000","targetHints":{"allow":["GET"]}}],"collection":[{"href":"https:\/\/www.hoymercedes.com.ar\/principal\/wp-json\/wp\/v2\/posts"}],"about":[{"href":"https:\/\/www.hoymercedes.com.ar\/principal\/wp-json\/wp\/v2\/types\/post"}],"author":[{"embeddable":true,"href":"https:\/\/www.hoymercedes.com.ar\/principal\/wp-json\/wp\/v2\/users\/1"}],"replies":[{"embeddable":true,"href":"https:\/\/www.hoymercedes.com.ar\/principal\/wp-json\/wp\/v2\/comments?post=124000"}],"version-history":[{"count":0,"href":"https:\/\/www.hoymercedes.com.ar\/principal\/wp-json\/wp\/v2\/posts\/124000\/revisions"}],"wp:featuredmedia":[{"embeddable":true,"href":"https:\/\/www.hoymercedes.com.ar\/principal\/wp-json\/wp\/v2\/media\/124001"}],"wp:attachment":[{"href":"https:\/\/www.hoymercedes.com.ar\/principal\/wp-json\/wp\/v2\/media?parent=124000"}],"wp:term":[{"taxonomy":"category","embeddable":true,"href":"https:\/\/www.hoymercedes.com.ar\/principal\/wp-json\/wp\/v2\/categories?post=124000"},{"taxonomy":"post_tag","embeddable":true,"href":"https:\/\/www.hoymercedes.com.ar\/principal\/wp-json\/wp\/v2\/tags?post=124000"}],"curies":[{"name":"wp","href":"https:\/\/api.w.org\/{rel}","templated":true}]}}