{"id":124018,"date":"2021-01-29T14:36:00","date_gmt":"2021-01-29T17:36:00","guid":{"rendered":"http:\/\/www.hoymercedes.com.ar\/principal\/?p=124018"},"modified":"2021-01-30T01:18:19","modified_gmt":"2021-01-30T04:18:19","slug":"solidaridad-campana-por-una-nina-de-12-anos","status":"publish","type":"post","link":"https:\/\/www.hoymercedes.com.ar\/principal\/2021\/01\/29\/solidaridad-campana-por-una-nina-de-12-anos\/","title":{"rendered":"Solidaridad: Campa\u00f1a por una ni\u00f1a de 12 a\u00f1os"},"content":{"rendered":"\n<p>Bajo el nombre de \u00ab\u00a1Todos por Angelina!\u00bb, un grupo de vecinos y la familia de Angelina de 12 a\u00f1os que fue diagnosticada con cancer en el maxilar, est\u00e1n llevando a cabo una colecta y una campa\u00f1a para ayudar con los gastos del tratamiento. Deber\u00e1n realizarse quimioterapia y rayos. <\/p>\n\n\n\n<p>Para colaboracion, se dispusieron urnas en distintos comercios y sitios p\u00fablicos y privados:<br>&#8211; Ferreteria de 47 y 22.<br>&#8211; Unidad 5 de Mercedes.<br>&#8211; Galletiter\u00eda Do\u00f1a Aurora calle 33 entre 16 y 18. <br>&#8211; Estudio de Deborah Lertora 9 entre 36 y 38.<br>&#8211; Forrajeria El Baguel Av 17 esq 4.<br> &#8211; Curvas y Estilo 32 41 y 43. <br>&#8211; Kiosco de 12 y 35. <br>&#8211; Mercer\u00eda 39, entre 32 y 34<br>Tambi\u00e9n pueden comunicarse a trav\u00e9s de un celular 2324 &#8211; 554378 (Maricel &#8211; mam\u00e1 de una compa\u00f1erita)<br>CBU &#8211; Banco Provincia. Titular: Valeria Ramirez (mam\u00e1 de Angelina Toscan) 0140126003710650085731 <\/p>\n\n\n\n<p>Sino, proponen a los vecinos que se sumen a las cadenas de oraciones por la peque\u00f1a. <\/p>\n","protected":false},"excerpt":{"rendered":"<p>Bajo el nombre de \u00ab\u00a1Todos por Angelina!\u00bb, un grupo de vecinos y la familia de Angelina de 12 a\u00f1os que &#8230; <a title=\"Solidaridad: Campa\u00f1a por una ni\u00f1a de 12 a\u00f1os\" class=\"read-more\" href=\"https:\/\/www.hoymercedes.com.ar\/principal\/2021\/01\/29\/solidaridad-campana-por-una-nina-de-12-anos\/\" aria-label=\"Leer m\u00e1s sobre Solidaridad: Campa\u00f1a por una ni\u00f1a de 12 a\u00f1os\">Leer m\u00e1s<\/a><\/p>\n","protected":false},"author":1,"featured_media":124019,"comment_status":"closed","ping_status":"open","sticky":false,"template":"","format":"standard","meta":{"_monsterinsights_skip_tracking":false,"_monsterinsights_sitenote_active":false,"_monsterinsights_sitenote_note":"","_monsterinsights_sitenote_category":0,"jetpack_post_was_ever_published":false,"_jetpack_newsletter_access":"","_jetpack_dont_email_post_to_subs":false,"_jetpack_newsletter_tier_id":0,"_jetpack_memberships_contains_paywalled_content":false,"_jetpack_memberships_contains_paid_content":false,"footnotes":"","jetpack_publicize_message":"","jetpack_publicize_feature_enabled":true,"jetpack_social_post_already_shared":true,"jetpack_social_options":{"image_generator_settings":{"template":"highway","default_image_id":0,"font":"","enabled":false},"version":2},"_wpas_customize_per_network":false},"categories":[8],"tags":[7873,7802,3361],"class_list":["post-124018","post","type-post","status-publish","format-standard","has-post-thumbnail","hentry","category-sociedad","tag-campana","tag-sociedad","tag-solidaridad","generate-columns","tablet-grid-50","mobile-grid-100","grid-parent","grid-50"],"jetpack_publicize_connections":[],"jetpack_featured_media_url":"https:\/\/www.hoymercedes.com.ar\/principal\/wp-content\/uploads\/2021\/01\/29-urna-angelina.jpg","wps_subtitle":"Para un tratamiento m\u00e9dico","jetpack_sharing_enabled":true,"_links":{"self":[{"href":"https:\/\/www.hoymercedes.com.ar\/principal\/wp-json\/wp\/v2\/posts\/124018","targetHints":{"allow":["GET"]}}],"collection":[{"href":"https:\/\/www.hoymercedes.com.ar\/principal\/wp-json\/wp\/v2\/posts"}],"about":[{"href":"https:\/\/www.hoymercedes.com.ar\/principal\/wp-json\/wp\/v2\/types\/post"}],"author":[{"embeddable":true,"href":"https:\/\/www.hoymercedes.com.ar\/principal\/wp-json\/wp\/v2\/users\/1"}],"replies":[{"embeddable":true,"href":"https:\/\/www.hoymercedes.com.ar\/principal\/wp-json\/wp\/v2\/comments?post=124018"}],"version-history":[{"count":0,"href":"https:\/\/www.hoymercedes.com.ar\/principal\/wp-json\/wp\/v2\/posts\/124018\/revisions"}],"wp:featuredmedia":[{"embeddable":true,"href":"https:\/\/www.hoymercedes.com.ar\/principal\/wp-json\/wp\/v2\/media\/124019"}],"wp:attachment":[{"href":"https:\/\/www.hoymercedes.com.ar\/principal\/wp-json\/wp\/v2\/media?parent=124018"}],"wp:term":[{"taxonomy":"category","embeddable":true,"href":"https:\/\/www.hoymercedes.com.ar\/principal\/wp-json\/wp\/v2\/categories?post=124018"},{"taxonomy":"post_tag","embeddable":true,"href":"https:\/\/www.hoymercedes.com.ar\/principal\/wp-json\/wp\/v2\/tags?post=124018"}],"curies":[{"name":"wp","href":"https:\/\/api.w.org\/{rel}","templated":true}]}}