{"id":124026,"date":"2021-01-29T18:28:56","date_gmt":"2021-01-29T21:28:56","guid":{"rendered":"http:\/\/www.hoymercedes.com.ar\/principal\/?p=124026"},"modified":"2021-01-30T01:14:27","modified_gmt":"2021-01-30T04:14:27","slug":"este-jueves-presentan-la-nueva-tecnicatura-en-produccion-agroecologica","status":"publish","type":"post","link":"https:\/\/www.hoymercedes.com.ar\/principal\/2021\/01\/29\/este-jueves-presentan-la-nueva-tecnicatura-en-produccion-agroecologica\/","title":{"rendered":"Este jueves presentan la nueva tecnicatura en \u201cProducci\u00f3n Agroecol\u00f3gica\u201d"},"content":{"rendered":"\n<p>Por Prensa Municipal &#8211; El pr\u00f3ximo jueves se har\u00e1 la presentaci\u00f3n oficial de la carrera \u201cTecnicatura universitaria en Producci\u00f3n Agroecol\u00f3gica Periurbana\u201d que se llevar\u00e1 adelante desde este a\u00f1o en el Centro Universitario Regional. \u00a0<\/p>\n\n\n\n<div class=\"wp-block-image\"><figure class=\"aligncenter size-large\"><img loading=\"lazy\" decoding=\"async\" width=\"800\" height=\"800\" data-attachment-id=\"124027\" data-permalink=\"https:\/\/www.hoymercedes.com.ar\/principal\/2021\/01\/29\/este-jueves-presentan-la-nueva-tecnicatura-en-produccion-agroecologica\/carrera\/#main\" data-orig-file=\"https:\/\/www.hoymercedes.com.ar\/principal\/wp-content\/uploads\/2021\/01\/Carrera.jpeg\" data-orig-size=\"800,800\" data-comments-opened=\"0\" data-image-meta=\"{&quot;aperture&quot;:&quot;0&quot;,&quot;credit&quot;:&quot;&quot;,&quot;camera&quot;:&quot;&quot;,&quot;caption&quot;:&quot;&quot;,&quot;created_timestamp&quot;:&quot;0&quot;,&quot;copyright&quot;:&quot;&quot;,&quot;focal_length&quot;:&quot;0&quot;,&quot;iso&quot;:&quot;0&quot;,&quot;shutter_speed&quot;:&quot;0&quot;,&quot;title&quot;:&quot;&quot;,&quot;orientation&quot;:&quot;0&quot;}\" data-image-title=\"Carrera\" data-image-description=\"\" data-image-caption=\"\" data-large-file=\"https:\/\/www.hoymercedes.com.ar\/principal\/wp-content\/uploads\/2021\/01\/Carrera.jpeg\" src=\"https:\/\/www.hoymercedes.com.ar\/principal\/wp-content\/uploads\/2021\/01\/Carrera.jpeg\" alt=\"\" class=\"wp-image-124027\" srcset=\"https:\/\/www.hoymercedes.com.ar\/principal\/wp-content\/uploads\/2021\/01\/Carrera.jpeg 800w, https:\/\/www.hoymercedes.com.ar\/principal\/wp-content\/uploads\/2021\/01\/Carrera-620x620.jpeg 620w, https:\/\/www.hoymercedes.com.ar\/principal\/wp-content\/uploads\/2021\/01\/Carrera-150x150.jpeg 150w\" sizes=\"auto, (max-width: 800px) 100vw, 800px\" \/><\/figure><\/div>\n\n\n\n<p>Una nueva carrera universitaria se podr\u00e1 estudiar en Mercedes a partir de este 2021 y ser\u00e1 la Tecnicatura en Producci\u00f3n Agroecol\u00f3gica que llega de la mano de la Universidad Nacional de Hurlingham. Este jueves desde las 11 se har\u00e1 la presentaci\u00f3n oficial en el Complejo La Trocha y contar\u00e1 con la presencia de autoridades de la universidad. \u00a0<\/p>\n\n\n\n<p>\u201cEsto es parte del trabajo que venimos realizando con universidades nacionales que tienen v\u00ednculo con Mercedes. Elegimos esta carrera para la ciudad y la regi\u00f3n porque es la producci\u00f3n agroecol\u00f3gica se empez\u00f3 a desarrollar de gran manera en nuestra zona y adem\u00e1s es el tipo de producci\u00f3n que se viene a futuro no s\u00f3lo ac\u00e1 sino en el mundo\u201d, destac\u00f3 el intendente municipal Juan Ustarroz al hablar de esta&nbsp;tecnicatura. &nbsp;<\/p>\n\n\n\n<p>Si bien la presentaci\u00f3n oficial se realizar\u00e1 este jueves, ya se conocen algunos detalles de lo que ser\u00e1 la carrera. Por lo pronto est\u00e1 pautada en 5 cuatrimestres; el primero de ellos arrancar\u00e1 de manera virtual y seguramente a partir del segundo se har\u00e1 presencial. \u201cEstamos definiendo todav\u00eda las formas de cursada, ya que se realizar\u00e1 con el aporte de profesores de la Universidad de Hurlingham. Hay varias modalidades que estamos analizando\u201d, cont\u00f3 Sergio Carini, coordinador del Centro Universitario Regional que funciona en las ex instalaciones del Instituto Unzu\u00e9. &nbsp;<\/p>\n\n\n\n<p>La agroecolog\u00eda es una opci\u00f3n tecnol\u00f3gica para la obtenci\u00f3n de alimentos en cantidad y calidad, a la vez que incorpora acciones sociales colectivas de car\u00e1cter participativo, permitiendo el dise\u00f1o de sistemas agr\u00edcolas sostenibles como pilar de desarrollo. &nbsp;<\/p>\n\n\n\n<p>Desde la Universidad buscan formar t\u00e9cnicos en producci\u00f3n agroecol\u00f3gica periurbana egresados de la UNAHUR ser\u00e1n profesionales comprometidos con la producci\u00f3n y promoci\u00f3n de la Agroecolog\u00eda, entendiendo que esta implica una forma de entender las actividades agropecuarias respetando el ambiente, cuidando los recursos naturales, adem\u00e1s de ser eficiente desde el punto de vista econ\u00f3mico y equitativa desde el punto de vista social. &nbsp;<\/p>\n","protected":false},"excerpt":{"rendered":"<p>Por Prensa Municipal &#8211; El pr\u00f3ximo jueves se har\u00e1 la presentaci\u00f3n oficial de la carrera \u201cTecnicatura universitaria en Producci\u00f3n Agroecol\u00f3gica &#8230; <a title=\"Este jueves presentan la nueva tecnicatura en \u201cProducci\u00f3n Agroecol\u00f3gica\u201d\" class=\"read-more\" href=\"https:\/\/www.hoymercedes.com.ar\/principal\/2021\/01\/29\/este-jueves-presentan-la-nueva-tecnicatura-en-produccion-agroecologica\/\" aria-label=\"Leer m\u00e1s sobre Este jueves presentan la nueva tecnicatura en \u201cProducci\u00f3n Agroecol\u00f3gica\u201d\">Leer m\u00e1s<\/a><\/p>\n","protected":false},"author":1,"featured_media":124027,"comment_status":"closed","ping_status":"open","sticky":false,"template":"","format":"standard","meta":{"_monsterinsights_skip_tracking":false,"_monsterinsights_sitenote_active":false,"_monsterinsights_sitenote_note":"","_monsterinsights_sitenote_category":0,"jetpack_post_was_ever_published":false,"_jetpack_newsletter_access":"","_jetpack_dont_email_post_to_subs":false,"_jetpack_newsletter_tier_id":0,"_jetpack_memberships_contains_paywalled_content":false,"_jetpack_memberships_contains_paid_content":false,"footnotes":"","jetpack_publicize_message":"","jetpack_publicize_feature_enabled":true,"jetpack_social_post_already_shared":true,"jetpack_social_options":{"image_generator_settings":{"template":"highway","default_image_id":0,"font":"","enabled":false},"version":2},"_wpas_customize_per_network":false},"categories":[8],"tags":[10593,244,10254],"class_list":["post-124026","post","type-post","status-publish","format-standard","has-post-thumbnail","hentry","category-sociedad","tag-estudios-superiores","tag-municipio-2","tag-universidad","generate-columns","tablet-grid-50","mobile-grid-100","grid-parent","grid-50"],"jetpack_publicize_connections":[],"jetpack_featured_media_url":"https:\/\/www.hoymercedes.com.ar\/principal\/wp-content\/uploads\/2021\/01\/Carrera.jpeg","wps_subtitle":"Carrera universitaria","jetpack_sharing_enabled":true,"_links":{"self":[{"href":"https:\/\/www.hoymercedes.com.ar\/principal\/wp-json\/wp\/v2\/posts\/124026","targetHints":{"allow":["GET"]}}],"collection":[{"href":"https:\/\/www.hoymercedes.com.ar\/principal\/wp-json\/wp\/v2\/posts"}],"about":[{"href":"https:\/\/www.hoymercedes.com.ar\/principal\/wp-json\/wp\/v2\/types\/post"}],"author":[{"embeddable":true,"href":"https:\/\/www.hoymercedes.com.ar\/principal\/wp-json\/wp\/v2\/users\/1"}],"replies":[{"embeddable":true,"href":"https:\/\/www.hoymercedes.com.ar\/principal\/wp-json\/wp\/v2\/comments?post=124026"}],"version-history":[{"count":0,"href":"https:\/\/www.hoymercedes.com.ar\/principal\/wp-json\/wp\/v2\/posts\/124026\/revisions"}],"wp:featuredmedia":[{"embeddable":true,"href":"https:\/\/www.hoymercedes.com.ar\/principal\/wp-json\/wp\/v2\/media\/124027"}],"wp:attachment":[{"href":"https:\/\/www.hoymercedes.com.ar\/principal\/wp-json\/wp\/v2\/media?parent=124026"}],"wp:term":[{"taxonomy":"category","embeddable":true,"href":"https:\/\/www.hoymercedes.com.ar\/principal\/wp-json\/wp\/v2\/categories?post=124026"},{"taxonomy":"post_tag","embeddable":true,"href":"https:\/\/www.hoymercedes.com.ar\/principal\/wp-json\/wp\/v2\/tags?post=124026"}],"curies":[{"name":"wp","href":"https:\/\/api.w.org\/{rel}","templated":true}]}}