{"id":124029,"date":"2021-01-29T15:40:00","date_gmt":"2021-01-29T18:40:00","guid":{"rendered":"http:\/\/www.hoymercedes.com.ar\/principal\/?p=124029"},"modified":"2021-01-30T01:18:06","modified_gmt":"2021-01-30T04:18:06","slug":"cuatro-aprehendidas-por-tentativo-de-homicidio","status":"publish","type":"post","link":"https:\/\/www.hoymercedes.com.ar\/principal\/2021\/01\/29\/cuatro-aprehendidas-por-tentativo-de-homicidio\/","title":{"rendered":"Cuatro aprehendidas por tentativo de homicidio"},"content":{"rendered":"\n<p>En la jornada del mi\u00e9rcoles 26 una joven de 23 a\u00f1os fue agredida brutalmente por cuatro mujeres que tambi\u00e9n lesionaron a dos familiares que la acompa\u00f1aban.\u00a0Ocurri\u00f3 en horas de la tarde, cuando la v\u00edctima se\u00a0encontraba en la plaza ubicada en Obligado y Jos\u00e9 Ingenieros de la localidad de Nueve de Julio, junto a dos familiares y su ex suegra lleg\u00f3 al lugar para referirle que la actual pareja de su ex quer\u00eda pelear con ella.\u00a0<\/p>\n\n\n\n<div class=\"wp-block-image\"><figure class=\"aligncenter size-large\"><img loading=\"lazy\" decoding=\"async\" width=\"800\" height=\"498\" data-attachment-id=\"124030\" data-permalink=\"https:\/\/www.hoymercedes.com.ar\/principal\/2021\/01\/29\/cuatro-aprehendidas-por-tentativo-de-homicidio\/29-detenidas-9-de-julio-2\/#main\" data-orig-file=\"https:\/\/www.hoymercedes.com.ar\/principal\/wp-content\/uploads\/2021\/01\/29-detenidas-9-de-julio-2.jpg\" data-orig-size=\"800,498\" data-comments-opened=\"0\" data-image-meta=\"{&quot;aperture&quot;:&quot;0&quot;,&quot;credit&quot;:&quot;&quot;,&quot;camera&quot;:&quot;&quot;,&quot;caption&quot;:&quot;&quot;,&quot;created_timestamp&quot;:&quot;0&quot;,&quot;copyright&quot;:&quot;&quot;,&quot;focal_length&quot;:&quot;0&quot;,&quot;iso&quot;:&quot;0&quot;,&quot;shutter_speed&quot;:&quot;0&quot;,&quot;title&quot;:&quot;&quot;,&quot;orientation&quot;:&quot;0&quot;}\" data-image-title=\"29 detenidas 9 de julio 2\" data-image-description=\"\" data-image-caption=\"\" data-large-file=\"https:\/\/www.hoymercedes.com.ar\/principal\/wp-content\/uploads\/2021\/01\/29-detenidas-9-de-julio-2.jpg\" src=\"https:\/\/www.hoymercedes.com.ar\/principal\/wp-content\/uploads\/2021\/01\/29-detenidas-9-de-julio-2.jpg\" alt=\"\" class=\"wp-image-124030\" srcset=\"https:\/\/www.hoymercedes.com.ar\/principal\/wp-content\/uploads\/2021\/01\/29-detenidas-9-de-julio-2.jpg 800w, https:\/\/www.hoymercedes.com.ar\/principal\/wp-content\/uploads\/2021\/01\/29-detenidas-9-de-julio-2-630x392.jpg 630w, https:\/\/www.hoymercedes.com.ar\/principal\/wp-content\/uploads\/2021\/01\/29-detenidas-9-de-julio-2-150x93.jpg 150w\" sizes=\"auto, (max-width: 800px) 100vw, 800px\" \/><\/figure><\/div>\n\n\n\n<p>La v\u00edctima, ante la insistencia de la&nbsp;mujer fue al domicilio de la misma, ubicado a pocos metros de donde se encontraba observando la circulaci\u00f3n cercana de un m\u00f3vil policial.&nbsp;<\/p>\n\n\n\n<p>De pronto, tres mujeres se&nbsp;avalanzaron&nbsp;sobre la v\u00edctima (siendo estas la actual pareja de su ex, y sus dos ex cu\u00f1adas) y comenzaron a propinarle golpes de pu\u00f1os, patadas y con la amenaza de muerte, una de las mujeres acerc\u00f3 un cuchillo con el que le provocaron heridas y puntazos en el cuello y la cabeza, mientras la ten\u00edan inmovilizada en el suelo.&nbsp;<\/p>\n\n\n\n<p>En tanto, la madre de\u00a0la v\u00edctima y una menor de edad tambi\u00e9n recibieron distintas lesiones al intentar protegerla del brutal ataque.\u00a0 Afortunadamente el personal policial que se encontraba presente en el lugar logr\u00f3 cesar la violenta situaci\u00f3n.\u00a0<\/p>\n\n\n\n<div class=\"wp-block-image\"><figure class=\"aligncenter size-large\"><img loading=\"lazy\" decoding=\"async\" width=\"800\" height=\"467\" data-attachment-id=\"124031\" data-permalink=\"https:\/\/www.hoymercedes.com.ar\/principal\/2021\/01\/29\/cuatro-aprehendidas-por-tentativo-de-homicidio\/29-detenidas-9-de-julio-1\/#main\" data-orig-file=\"https:\/\/www.hoymercedes.com.ar\/principal\/wp-content\/uploads\/2021\/01\/29-detenidas-9-de-julio-1.jpg\" data-orig-size=\"800,467\" data-comments-opened=\"0\" data-image-meta=\"{&quot;aperture&quot;:&quot;0&quot;,&quot;credit&quot;:&quot;&quot;,&quot;camera&quot;:&quot;&quot;,&quot;caption&quot;:&quot;&quot;,&quot;created_timestamp&quot;:&quot;0&quot;,&quot;copyright&quot;:&quot;&quot;,&quot;focal_length&quot;:&quot;0&quot;,&quot;iso&quot;:&quot;0&quot;,&quot;shutter_speed&quot;:&quot;0&quot;,&quot;title&quot;:&quot;&quot;,&quot;orientation&quot;:&quot;0&quot;}\" data-image-title=\"29 detenidas 9 de julio 1\" data-image-description=\"\" data-image-caption=\"\" data-large-file=\"https:\/\/www.hoymercedes.com.ar\/principal\/wp-content\/uploads\/2021\/01\/29-detenidas-9-de-julio-1.jpg\" src=\"https:\/\/www.hoymercedes.com.ar\/principal\/wp-content\/uploads\/2021\/01\/29-detenidas-9-de-julio-1.jpg\" alt=\"\" class=\"wp-image-124031\" srcset=\"https:\/\/www.hoymercedes.com.ar\/principal\/wp-content\/uploads\/2021\/01\/29-detenidas-9-de-julio-1.jpg 800w, https:\/\/www.hoymercedes.com.ar\/principal\/wp-content\/uploads\/2021\/01\/29-detenidas-9-de-julio-1-630x368.jpg 630w, https:\/\/www.hoymercedes.com.ar\/principal\/wp-content\/uploads\/2021\/01\/29-detenidas-9-de-julio-1-150x88.jpg 150w\" sizes=\"auto, (max-width: 800px) 100vw, 800px\" \/><\/figure><\/div>\n\n\n\n<p>El hecho fue comunicado a la Unidad Funcional de Instrucci\u00f3n y Juicio N\u00ba 6 del Departamento Judicial Mercedes \u2013 a cargo del\u00a0dr.\u00a0Luis\u00a0Carcagno\u00a0\u2013 desde la que se impartieron diversas directivas, y se llev\u00f3 a cabo un allanamiento, en el marco de las facultades que le son propias, para recuperar los elementos utilizados al momento de la agresi\u00f3n de las v\u00edctimas.\u00a0<\/p>\n\n\n\n<p>Por los delitos de \u201cHomicidio simple en grado de tentativa\u201d y \u201cLesiones leves\u201d, tres de las imputadas comparecieron ante el agente fiscal en el marco la audiencia de declaraci\u00f3n en los&nbsp;t\u00e9rminos del art. 308 del C\u00f3digo Procesal Penal este jueves en calidad de autoras. La restante, siendo la ex suegra de la v\u00edctima, deber\u00e1 responder por el delito&nbsp;de&nbsp;&nbsp;\u201cHomicidio simple en grado de tentativa\u201d en calidad de part\u00edcipe necesario.&nbsp;<\/p>\n\n\n\n<p>En el mismo acto se solicit\u00f3 por ante el Juzgado de Garant\u00edas\u00a0N\u00ba\u00a01 del Dpto. Judicial Mercedes la conversi\u00f3n de la aprehensi\u00f3n en detenci\u00f3n para las\u00a0cuatro\u00a0\u00a0imputadas.\u00a0<\/p>\n\n\n\n<p>Fuente: Ministerio P\u00fablico Fiscal &#8211; Depto Judicial Mercedes<\/p>\n","protected":false},"excerpt":{"rendered":"<p>En la jornada del mi\u00e9rcoles 26 una joven de 23 a\u00f1os fue agredida brutalmente por cuatro mujeres que tambi\u00e9n lesionaron &#8230; <a title=\"Cuatro aprehendidas por tentativo de homicidio\" class=\"read-more\" href=\"https:\/\/www.hoymercedes.com.ar\/principal\/2021\/01\/29\/cuatro-aprehendidas-por-tentativo-de-homicidio\/\" aria-label=\"Leer m\u00e1s sobre Cuatro aprehendidas por tentativo de homicidio\">Leer m\u00e1s<\/a><\/p>\n","protected":false},"author":1,"featured_media":124031,"comment_status":"closed","ping_status":"open","sticky":false,"template":"","format":"standard","meta":{"_monsterinsights_skip_tracking":false,"_monsterinsights_sitenote_active":false,"_monsterinsights_sitenote_note":"","_monsterinsights_sitenote_category":0,"jetpack_post_was_ever_published":false,"_jetpack_newsletter_access":"","_jetpack_dont_email_post_to_subs":false,"_jetpack_newsletter_tier_id":0,"_jetpack_memberships_contains_paywalled_content":false,"_jetpack_memberships_contains_paid_content":false,"footnotes":"","jetpack_publicize_message":"","jetpack_publicize_feature_enabled":true,"jetpack_social_post_already_shared":true,"jetpack_social_options":{"image_generator_settings":{"template":"highway","default_image_id":0,"font":"","enabled":false},"version":2},"_wpas_customize_per_network":false},"categories":[85],"tags":[2467,14998,3457],"class_list":["post-124029","post","type-post","status-publish","format-standard","has-post-thumbnail","hentry","category-policial","tag-9-de-julio","tag-ministerio-publico-fiscal","tag-policiales","generate-columns","tablet-grid-50","mobile-grid-100","grid-parent","grid-50"],"jetpack_publicize_connections":[],"jetpack_featured_media_url":"https:\/\/www.hoymercedes.com.ar\/principal\/wp-content\/uploads\/2021\/01\/29-detenidas-9-de-julio-1.jpg","wps_subtitle":"En 9 de Julio","jetpack_sharing_enabled":true,"_links":{"self":[{"href":"https:\/\/www.hoymercedes.com.ar\/principal\/wp-json\/wp\/v2\/posts\/124029","targetHints":{"allow":["GET"]}}],"collection":[{"href":"https:\/\/www.hoymercedes.com.ar\/principal\/wp-json\/wp\/v2\/posts"}],"about":[{"href":"https:\/\/www.hoymercedes.com.ar\/principal\/wp-json\/wp\/v2\/types\/post"}],"author":[{"embeddable":true,"href":"https:\/\/www.hoymercedes.com.ar\/principal\/wp-json\/wp\/v2\/users\/1"}],"replies":[{"embeddable":true,"href":"https:\/\/www.hoymercedes.com.ar\/principal\/wp-json\/wp\/v2\/comments?post=124029"}],"version-history":[{"count":0,"href":"https:\/\/www.hoymercedes.com.ar\/principal\/wp-json\/wp\/v2\/posts\/124029\/revisions"}],"wp:featuredmedia":[{"embeddable":true,"href":"https:\/\/www.hoymercedes.com.ar\/principal\/wp-json\/wp\/v2\/media\/124031"}],"wp:attachment":[{"href":"https:\/\/www.hoymercedes.com.ar\/principal\/wp-json\/wp\/v2\/media?parent=124029"}],"wp:term":[{"taxonomy":"category","embeddable":true,"href":"https:\/\/www.hoymercedes.com.ar\/principal\/wp-json\/wp\/v2\/categories?post=124029"},{"taxonomy":"post_tag","embeddable":true,"href":"https:\/\/www.hoymercedes.com.ar\/principal\/wp-json\/wp\/v2\/tags?post=124029"}],"curies":[{"name":"wp","href":"https:\/\/api.w.org\/{rel}","templated":true}]}}