{"id":12403,"date":"2012-04-23T02:53:51","date_gmt":"2012-04-23T02:53:51","guid":{"rendered":"http:\/\/www.hoymercedes.com.ar\/principal\/?p=12403"},"modified":"2012-04-23T02:53:51","modified_gmt":"2012-04-23T02:53:51","slug":"concurso-fotografico-agravios-al-ambiente-mercedino","status":"publish","type":"post","link":"https:\/\/www.hoymercedes.com.ar\/principal\/2012\/04\/23\/concurso-fotografico-agravios-al-ambiente-mercedino\/","title":{"rendered":"Concurso fotogr\u00e1fico \u00abAgravios al ambiente mercedino\u00bb"},"content":{"rendered":"<p>El concejal Jos\u00e9 Cestari viene desde el inicio de a\u00f1o presentando diversas propuestas en el Concejo Deliberante. Sin ir m\u00e1s lejos la primera reuni\u00f3n estuvo marcada por un n\u00famero importante de temas por la fuerza que \u00e9l integra, el Movimiento Independiente Comunal.<\/p>\n<p>En este caso presentan la posibilidad de organizar un concurso fotogr\u00e1fico para concientizar a la comunidad de las \u00abagresiones al ambiente mercedino\u00bb que entre todos llevamos a cabo.<\/p>\n<p>A continuaci\u00f3n les dejamos lo que fue la propuesta presentada al Cuerpo Deliberativo.<\/p>\n<p><em>VISTO<\/em><\/p>\n<p><em>La necesidad de concientizar a los estudiantes de Mercedes que la degradaci\u00f3n del ambiente atenta contra la calidad de vida y la salud de los vecinos, una alternativa ser\u00eda creando un concurso fotogr\u00e1fico para alumnos del nivel secundario \u201cAgresiones al ambiente mercedino\u201d<\/em><\/p>\n<p><em>CONSIDERANDO<\/em><\/p>\n<p><em>Que la Constituci\u00f3n Nacional en su art\u00edculo 41 proclama: \u201cTodos los habitantes gozan del derecho a un ambiente sano, equilibrado, apto para el desarrollo humano y para que las actividades productivas satisfagan las necesidades presentes sin comprometer las de las generaciones futuras; y tienen el deber de preservarlo. El da\u00f1o ambiental generar\u00e1 prioritariamente la obligaci\u00f3n de recomponer, seg\u00fan lo establezca la ley. Las autoridades proveer\u00e1n a la protecci\u00f3n de este derecho, a la utilizaci\u00f3n racional de los recursos naturales, a la preservaci\u00f3n del patrimonio natural y cultural y de la diversidad biol\u00f3gica, y a la informaci\u00f3n y educaci\u00f3n ambientales. Corresponde a la Naci\u00f3n dictar las normas que contengan los presupuestos m\u00ednimos de protecci\u00f3n, y a las provincias, las necesarias para complementarlas, sin que aqu\u00e9llas alteren las jurisdicciones locales. Se proh\u00edbe el ingreso al territorio nacional de residuos actual o potencialmente peligrosos, y de los radiactivos.<\/em><\/p>\n<p><em>Que la Constituci\u00f3n de la Provincia de Buenos Aires afirma en su art\u00edculo 28 \u201cLos habitantes de la Provincia tienen el derecho a gozar de un ambiente sano y el deber de conservarlo y protegerlo en su provecho y en el de las generaciones futuras. La Provincia ejerce el dominio eminente sobre el ambiente y los recursos naturales de su territorio incluyendo el subsuelo y el espacio a\u00e9reo correspondiente, el mar territorial y su lecho, la plataforma continental y los recursos naturales de la zona econ\u00f3mica exclusiva, con el fin de asegurar una gesti\u00f3n ambientalmente adecuada. En materia ecol\u00f3gica, deber\u00e1 preservar, recuperar y conservar los recursos naturales, renovables y no renovables del territorio de la Provincia; planificar el aprovechamiento racional de los mismos; controlar el impacto ambiental de todas las actividades que perjudiquen al ecosistema; promover acciones que eviten la contaminaci\u00f3n del aire, agua y suelo; prohibir el ingreso en el territorio de residuos t\u00f3xicos o radiactivos; y garantizar el derecho a solicitar y recibir la adecuada informaci\u00f3n y a participar en la defensa del ambiente, de los recursos naturales y culturales.<\/em><\/p>\n<p><em>Asimismo, asegurar\u00e1 pol\u00edticas de conservaci\u00f3n y recuperaci\u00f3n de la calidad del agua, aire y suelo compatible con la exigencia de mantener su integridad f\u00edsica y su capacidad productiva, y el resguardo de \u00e1reas de importancia ecol\u00f3gica, de la flora y la fauna. Toda persona f\u00edsica o jur\u00eddica cuya acci\u00f3n u omisi\u00f3n pueda degradar el ambiente est\u00e1 obligada a tomar todas las precauciones para evitarlo.<\/em><\/p>\n<p><em>Que existen contravenciones en la Ordenanza 5650\/03 como:<\/em><\/p>\n<p><em>Faltas agravadas.<\/em><\/p>\n<p><em>Art\u00edculo 11: Se consideran faltas de especial gravedad aquellas que atenten contra las condiciones ambientales y de salubridad p\u00fablica, en especial las infracciones a las ordenanzas que regulan:<\/em><\/p>\n<p><em>a) Condiciones de higiene y salubridad que deben reunir los sitios p\u00fablicos, los lugares de acceso p\u00fablico y los terrenos bald\u00edos.<\/em><\/p>\n<p><em>b) Prevenci\u00f3n y eliminaci\u00f3n de la contaminaci\u00f3n ambiental de los cursos y cuerpos de agua y el aseguramiento de la conservaci\u00f3n de los recursos naturales.<\/em><\/p>\n<p><em>e) Radicaci\u00f3n, habilitaci\u00f3n y funcionamiento de establecimientos industriales de la primera y segunda categor\u00eda de Acuerdo a la Ley 11.459.<\/em><\/p>\n<p><em>Que la educaci\u00f3n es una herramienta de transformaci\u00f3n social y eje vertebrador de toda pol\u00edtica de gobierno.<\/em><\/p>\n<p><em>Que la imagen fotogr\u00e1fica es un recurso did\u00e1ctico impactante para la toma de conciencia de la necesidad del cuidado del ambiente.<\/em><\/p>\n<p><em>Ante lo expuesto el Bloque MIC MERCEDES promueve el siguiente proyecto de:<\/em><\/p>\n<p><em>RESOLUCI\u00d3N<\/em><\/p>\n<p><em>Art. 1. El HCD se dirige al DE, para que a trav\u00e9s del \u00c1rea de Cultura y Educaci\u00f3n, desarrolle el concurso fotogr\u00e1fico \u201cAgresiones al ambiente mercedino\u201d.<\/em><\/p>\n<p><em>Art. 2. Caracter\u00edsticas del concurso:<\/em><\/p>\n<p><em>a) El objetivo ser\u00e1 la presentaci\u00f3n de im\u00e1genes fotogr\u00e1ficas que reflejen alg\u00fan tipo de agresi\u00f3n al ambiente mercedino para lograr la concientizaci\u00f3n ciudadana.<\/em><\/p>\n<p><em>b) Podr\u00e1n participar alumnos de las Escuelas Secundarias de nuestra ciudad, de todas las escuelas de gesti\u00f3n p\u00fablica o privada.<\/em><\/p>\n<p><em>c) Se crear\u00e1 una comisi\u00f3n organizadora integrada por tres miembros de la Direcci\u00f3n de Cultura y tres concejales que representen a los diferentes bloques, que tendr\u00e1n como tarea la difusi\u00f3n del proyecto y el acompa\u00f1amiento a las instituciones educativas.<\/em><\/p>\n<p><em>d) Cada alumno de Escuela Secundaria que participe podr\u00e1 presentar 1 solo imagen fotogr\u00e1fica.<\/em><\/p>\n<p><em>e) Una vez de finalizado el plazo de presentaci\u00f3n se realizar\u00e1 una exposici\u00f3n fotogr\u00e1fica.<\/em><\/p>\n<p><em>f) Se premiar\u00e1 a los alumnos que presenten las tres mejores im\u00e1genes fotogr\u00e1ficas, que obtendr\u00e1n un premio.<\/em><\/p>\n<p><em>g) El cronograma y reglamentaci\u00f3n se detalla en Anexo I.<\/em><\/p>\n<p><em>Art. 3. Los Visto y Considerando forman parte de la presente.<\/em><\/p>\n<p><em>Art. 4. De forma.<\/em><\/p>\n<p><em>Lic. Jos\u00e9 Cestari<\/em><\/p>\n","protected":false},"excerpt":{"rendered":"<p>El concejal Jos\u00e9 Cestari viene desde el inicio de a\u00f1o presentando diversas propuestas en el Concejo Deliberante. Sin ir m\u00e1s &#8230; <a title=\"Concurso fotogr\u00e1fico \u00abAgravios al ambiente mercedino\u00bb\" class=\"read-more\" href=\"https:\/\/www.hoymercedes.com.ar\/principal\/2012\/04\/23\/concurso-fotografico-agravios-al-ambiente-mercedino\/\" aria-label=\"Leer m\u00e1s sobre Concurso fotogr\u00e1fico \u00abAgravios al ambiente mercedino\u00bb\">Leer m\u00e1s<\/a><\/p>\n","protected":false},"author":1,"featured_media":0,"comment_status":"open","ping_status":"open","sticky":false,"template":"","format":"standard","meta":{"_monsterinsights_skip_tracking":false,"_monsterinsights_sitenote_active":false,"_monsterinsights_sitenote_note":"","_monsterinsights_sitenote_category":0,"jetpack_post_was_ever_published":false,"_jetpack_newsletter_access":"","_jetpack_dont_email_post_to_subs":false,"_jetpack_newsletter_tier_id":0,"_jetpack_memberships_contains_paywalled_content":false,"_jetpack_memberships_contains_paid_content":false,"footnotes":"","jetpack_publicize_message":"","jetpack_publicize_feature_enabled":true,"jetpack_social_post_already_shared":false,"jetpack_social_options":{"image_generator_settings":{"template":"highway","default_image_id":0,"font":"","enabled":false},"version":2},"_wpas_customize_per_network":false},"categories":[5],"tags":[],"class_list":["post-12403","post","type-post","status-publish","format-standard","hentry","category-politica","generate-columns","tablet-grid-50","mobile-grid-100","grid-parent","grid-50"],"jetpack_publicize_connections":[],"jetpack_featured_media_url":"","wps_subtitle":"","jetpack_sharing_enabled":true,"_links":{"self":[{"href":"https:\/\/www.hoymercedes.com.ar\/principal\/wp-json\/wp\/v2\/posts\/12403","targetHints":{"allow":["GET"]}}],"collection":[{"href":"https:\/\/www.hoymercedes.com.ar\/principal\/wp-json\/wp\/v2\/posts"}],"about":[{"href":"https:\/\/www.hoymercedes.com.ar\/principal\/wp-json\/wp\/v2\/types\/post"}],"author":[{"embeddable":true,"href":"https:\/\/www.hoymercedes.com.ar\/principal\/wp-json\/wp\/v2\/users\/1"}],"replies":[{"embeddable":true,"href":"https:\/\/www.hoymercedes.com.ar\/principal\/wp-json\/wp\/v2\/comments?post=12403"}],"version-history":[{"count":0,"href":"https:\/\/www.hoymercedes.com.ar\/principal\/wp-json\/wp\/v2\/posts\/12403\/revisions"}],"wp:attachment":[{"href":"https:\/\/www.hoymercedes.com.ar\/principal\/wp-json\/wp\/v2\/media?parent=12403"}],"wp:term":[{"taxonomy":"category","embeddable":true,"href":"https:\/\/www.hoymercedes.com.ar\/principal\/wp-json\/wp\/v2\/categories?post=12403"},{"taxonomy":"post_tag","embeddable":true,"href":"https:\/\/www.hoymercedes.com.ar\/principal\/wp-json\/wp\/v2\/tags?post=12403"}],"curies":[{"name":"wp","href":"https:\/\/api.w.org\/{rel}","templated":true}]}}