{"id":124042,"date":"2021-01-29T20:55:17","date_gmt":"2021-01-29T23:55:17","guid":{"rendered":"http:\/\/www.hoymercedes.com.ar\/principal\/?p=124042"},"modified":"2021-01-30T01:13:39","modified_gmt":"2021-01-30T04:13:39","slug":"covid-fallecieron-174-personas-y-se-detectaron-9-838-nuevos-casos-en-el-pais","status":"publish","type":"post","link":"https:\/\/www.hoymercedes.com.ar\/principal\/2021\/01\/29\/covid-fallecieron-174-personas-y-se-detectaron-9-838-nuevos-casos-en-el-pais\/","title":{"rendered":"Covid: fallecieron 174 personas y se detectaron 9.838 nuevos casos en el pa\u00eds"},"content":{"rendered":"\n<p>El Ministerio de Salud inform\u00f3 este viernes que en las \u00faltimas 24 horas, se registraron 174 muertes y 9.838 nuevos contagios de coronavirus en la Argentina. Con estos datos, el total de infectados desde que comenz\u00f3 la pandemia ascendi\u00f3 a 1.915.362 y la cantidad total de fallecidos trep\u00f3 a 47.775.<\/p>\n\n\n\n<p>Entre las v\u00edctimas fatales hubo 100 hombres: 52 residentes en la provincia de Buenos Aires, dos en la Ciudad de Buenos Aires, dos en la provincia de Chaco, cinco residentes en la provincia de Chubut, cinco en la provincia de C\u00f3rdoba, tres en la provincia de Entre R\u00edos, 6 en la provincia de Mendoza, uno en la provincia de Misiones, cinco en la provincia de R\u00edo Negro, tres en la provincia de Salta, uno en la provincia de Santa Cruz, 13 en la provincia de Santa Fe y dos en la provincia de Tucum\u00e1n. Tambi\u00e9n 68 mujeres: 26 residentes en la provincia de Buenos Aires, cinco en CABA, una en la provincia de Chubut, 5 en la provincia de C\u00f3rdoba, cuatro en la provincia de Entre R\u00edos, una en la provincia de Jujuy, una en la provincia de Mendoza, dos en la provincia de Misiones, cuatro en la provincia de R\u00edo Negro, una en la provincia de Santa Cruz, 13 en la provincia de Santa Fe, una en la provincia de Santiago del Estero y 4 en la provincia de Tucum\u00e1n. <\/p>\n\n\n\n<p>Seg\u00fan el detalle, las provincias que informaron contagios hoy fueron: Buenos Aires 4.483; Ciudad de Buenos Aires 1.195; Catamarca 115; Chaco 202; Chubut 392; Corrientes 178; C\u00f3rdoba 606; Entre R\u00edos 306; Formosa 8; Jujuy 29; La Pampa 82; La Rioja 17; Mendoza 118; Misiones 217; Neuqu\u00e9n 485; R\u00edo Negro 330; Salta 44; San Juan 71; San Luis 14; Santa Cruz 164, Santa Fe 631; Santiago del Estero 53 (se reclasificaron los casos seg\u00fan su procedencia); Tierra del Fuego 66; y Tucum\u00e1n 138<\/p>\n","protected":false},"excerpt":{"rendered":"<p>El Ministerio de Salud inform\u00f3 este viernes que en las \u00faltimas 24 horas, se registraron 174 muertes y 9.838 nuevos &#8230; <a title=\"Covid: fallecieron 174 personas y se detectaron 9.838 nuevos casos en el pa\u00eds\" class=\"read-more\" href=\"https:\/\/www.hoymercedes.com.ar\/principal\/2021\/01\/29\/covid-fallecieron-174-personas-y-se-detectaron-9-838-nuevos-casos-en-el-pais\/\" aria-label=\"Leer m\u00e1s sobre Covid: fallecieron 174 personas y se detectaron 9.838 nuevos casos en el pa\u00eds\">Leer m\u00e1s<\/a><\/p>\n","protected":false},"author":1,"featured_media":108136,"comment_status":"closed","ping_status":"open","sticky":false,"template":"","format":"standard","meta":{"_monsterinsights_skip_tracking":false,"_monsterinsights_sitenote_active":false,"_monsterinsights_sitenote_note":"","_monsterinsights_sitenote_category":0,"jetpack_post_was_ever_published":false,"_jetpack_newsletter_access":"","_jetpack_dont_email_post_to_subs":false,"_jetpack_newsletter_tier_id":0,"_jetpack_memberships_contains_paywalled_content":false,"_jetpack_memberships_contains_paid_content":false,"footnotes":"","jetpack_publicize_message":"","jetpack_publicize_feature_enabled":true,"jetpack_social_post_already_shared":true,"jetpack_social_options":{"image_generator_settings":{"template":"highway","default_image_id":0,"font":"","enabled":false},"version":2},"_wpas_customize_per_network":false},"categories":[9791],"tags":[8208,16175,16313],"class_list":["post-124042","post","type-post","status-publish","format-standard","has-post-thumbnail","hentry","category-salud","tag-argentina","tag-coronavirus","tag-covid-19","generate-columns","tablet-grid-50","mobile-grid-100","grid-parent","grid-50"],"jetpack_publicize_connections":[],"jetpack_featured_media_url":"https:\/\/www.hoymercedes.com.ar\/principal\/wp-content\/uploads\/2020\/03\/2020-covid-coronavirus.jpg","wps_subtitle":"Coronavirus en Argentina","jetpack_sharing_enabled":true,"_links":{"self":[{"href":"https:\/\/www.hoymercedes.com.ar\/principal\/wp-json\/wp\/v2\/posts\/124042","targetHints":{"allow":["GET"]}}],"collection":[{"href":"https:\/\/www.hoymercedes.com.ar\/principal\/wp-json\/wp\/v2\/posts"}],"about":[{"href":"https:\/\/www.hoymercedes.com.ar\/principal\/wp-json\/wp\/v2\/types\/post"}],"author":[{"embeddable":true,"href":"https:\/\/www.hoymercedes.com.ar\/principal\/wp-json\/wp\/v2\/users\/1"}],"replies":[{"embeddable":true,"href":"https:\/\/www.hoymercedes.com.ar\/principal\/wp-json\/wp\/v2\/comments?post=124042"}],"version-history":[{"count":0,"href":"https:\/\/www.hoymercedes.com.ar\/principal\/wp-json\/wp\/v2\/posts\/124042\/revisions"}],"wp:featuredmedia":[{"embeddable":true,"href":"https:\/\/www.hoymercedes.com.ar\/principal\/wp-json\/wp\/v2\/media\/108136"}],"wp:attachment":[{"href":"https:\/\/www.hoymercedes.com.ar\/principal\/wp-json\/wp\/v2\/media?parent=124042"}],"wp:term":[{"taxonomy":"category","embeddable":true,"href":"https:\/\/www.hoymercedes.com.ar\/principal\/wp-json\/wp\/v2\/categories?post=124042"},{"taxonomy":"post_tag","embeddable":true,"href":"https:\/\/www.hoymercedes.com.ar\/principal\/wp-json\/wp\/v2\/tags?post=124042"}],"curies":[{"name":"wp","href":"https:\/\/api.w.org\/{rel}","templated":true}]}}