{"id":124062,"date":"2021-01-30T09:52:00","date_gmt":"2021-01-30T12:52:00","guid":{"rendered":"http:\/\/www.hoymercedes.com.ar\/principal\/?p=124062"},"modified":"2021-01-30T00:42:25","modified_gmt":"2021-01-30T03:42:25","slug":"anses-anuncio-calendario-de-pagos-para-febrer0","status":"publish","type":"post","link":"https:\/\/www.hoymercedes.com.ar\/principal\/2021\/01\/30\/anses-anuncio-calendario-de-pagos-para-febrer0\/","title":{"rendered":"ANSES anunci\u00f3 calendario de pagos para febrero"},"content":{"rendered":"\n<p>La ANSES informa los calendarios de pago del mes de febrero para jubilados y pensionados, Pensiones No Contributivas, beneficiarios de la\u00a0Asignaci\u00f3n Universal por Hijo y por Embarazo, de la Prestaci\u00f3n por Desempleo y Asignaciones Familiares y de Pago \u00danico (Matrimonio, Nacimiento y Adopci\u00f3n).\u00a0<\/p>\n\n\n\n<figure class=\"wp-block-gallery columns-1 is-cropped wp-block-gallery-1 is-layout-flex wp-block-gallery-is-layout-flex\"><ul class=\"blocks-gallery-grid\"><li class=\"blocks-gallery-item\"><figure><img loading=\"lazy\" decoding=\"async\" width=\"800\" height=\"180\" data-attachment-id=\"124057\" data-permalink=\"https:\/\/www.hoymercedes.com.ar\/principal\/2021\/01\/30\/dematei-estamos-muy-agradecidos-y-orgullosos-de-todo-el-personal-de-la-salud\/jubilados-y-pensionados-no-superan\/#main\" data-orig-file=\"https:\/\/www.hoymercedes.com.ar\/principal\/wp-content\/uploads\/2021\/01\/Jubilados-y-pensionados-NO-superan.jpg\" data-orig-size=\"800,180\" data-comments-opened=\"0\" data-image-meta=\"{&quot;aperture&quot;:&quot;0&quot;,&quot;credit&quot;:&quot;&quot;,&quot;camera&quot;:&quot;&quot;,&quot;caption&quot;:&quot;&quot;,&quot;created_timestamp&quot;:&quot;0&quot;,&quot;copyright&quot;:&quot;&quot;,&quot;focal_length&quot;:&quot;0&quot;,&quot;iso&quot;:&quot;0&quot;,&quot;shutter_speed&quot;:&quot;0&quot;,&quot;title&quot;:&quot;&quot;,&quot;orientation&quot;:&quot;0&quot;}\" data-image-title=\"Jubilados y pensionados NO superan\" data-image-description=\"\" data-image-caption=\"\" data-large-file=\"https:\/\/www.hoymercedes.com.ar\/principal\/wp-content\/uploads\/2021\/01\/Jubilados-y-pensionados-NO-superan.jpg\" src=\"https:\/\/www.hoymercedes.com.ar\/principal\/wp-content\/uploads\/2021\/01\/Jubilados-y-pensionados-NO-superan.jpg\" alt=\"\" data-id=\"124057\" data-full-url=\"https:\/\/www.hoymercedes.com.ar\/principal\/wp-content\/uploads\/2021\/01\/Jubilados-y-pensionados-NO-superan.jpg\" data-link=\"https:\/\/www.hoymercedes.com.ar\/principal\/?attachment_id=124057\" class=\"wp-image-124057\" srcset=\"https:\/\/www.hoymercedes.com.ar\/principal\/wp-content\/uploads\/2021\/01\/Jubilados-y-pensionados-NO-superan.jpg 800w, https:\/\/www.hoymercedes.com.ar\/principal\/wp-content\/uploads\/2021\/01\/Jubilados-y-pensionados-NO-superan-630x142.jpg 630w, https:\/\/www.hoymercedes.com.ar\/principal\/wp-content\/uploads\/2021\/01\/Jubilados-y-pensionados-NO-superan-150x34.jpg 150w\" sizes=\"auto, (max-width: 800px) 100vw, 800px\" \/><\/figure><\/li><li class=\"blocks-gallery-item\"><figure><img loading=\"lazy\" decoding=\"async\" width=\"800\" height=\"180\" data-attachment-id=\"124058\" data-permalink=\"https:\/\/www.hoymercedes.com.ar\/principal\/2021\/01\/30\/dematei-estamos-muy-agradecidos-y-orgullosos-de-todo-el-personal-de-la-salud\/jubilados-y-pensionados-superan\/#main\" data-orig-file=\"https:\/\/www.hoymercedes.com.ar\/principal\/wp-content\/uploads\/2021\/01\/Jubilados-y-pensionados-SUPERAN.jpg\" data-orig-size=\"800,180\" data-comments-opened=\"0\" data-image-meta=\"{&quot;aperture&quot;:&quot;0&quot;,&quot;credit&quot;:&quot;&quot;,&quot;camera&quot;:&quot;&quot;,&quot;caption&quot;:&quot;&quot;,&quot;created_timestamp&quot;:&quot;0&quot;,&quot;copyright&quot;:&quot;&quot;,&quot;focal_length&quot;:&quot;0&quot;,&quot;iso&quot;:&quot;0&quot;,&quot;shutter_speed&quot;:&quot;0&quot;,&quot;title&quot;:&quot;&quot;,&quot;orientation&quot;:&quot;0&quot;}\" data-image-title=\"Jubilados y pensionados SUPERAN\" data-image-description=\"\" data-image-caption=\"\" data-large-file=\"https:\/\/www.hoymercedes.com.ar\/principal\/wp-content\/uploads\/2021\/01\/Jubilados-y-pensionados-SUPERAN.jpg\" src=\"https:\/\/www.hoymercedes.com.ar\/principal\/wp-content\/uploads\/2021\/01\/Jubilados-y-pensionados-SUPERAN.jpg\" alt=\"\" data-id=\"124058\" data-full-url=\"https:\/\/www.hoymercedes.com.ar\/principal\/wp-content\/uploads\/2021\/01\/Jubilados-y-pensionados-SUPERAN.jpg\" data-link=\"https:\/\/www.hoymercedes.com.ar\/principal\/?attachment_id=124058\" class=\"wp-image-124058\" srcset=\"https:\/\/www.hoymercedes.com.ar\/principal\/wp-content\/uploads\/2021\/01\/Jubilados-y-pensionados-SUPERAN.jpg 800w, https:\/\/www.hoymercedes.com.ar\/principal\/wp-content\/uploads\/2021\/01\/Jubilados-y-pensionados-SUPERAN-630x142.jpg 630w, https:\/\/www.hoymercedes.com.ar\/principal\/wp-content\/uploads\/2021\/01\/Jubilados-y-pensionados-SUPERAN-150x34.jpg 150w\" sizes=\"auto, (max-width: 800px) 100vw, 800px\" \/><\/figure><\/li><li class=\"blocks-gallery-item\"><figure><img loading=\"lazy\" decoding=\"async\" width=\"800\" height=\"179\" data-attachment-id=\"124056\" data-permalink=\"https:\/\/www.hoymercedes.com.ar\/principal\/2021\/01\/30\/dematei-estamos-muy-agradecidos-y-orgullosos-de-todo-el-personal-de-la-salud\/auh-y-asignaciones-familiares\/#main\" data-orig-file=\"https:\/\/www.hoymercedes.com.ar\/principal\/wp-content\/uploads\/2021\/01\/AUH-y-Asignaciones-Familiares.jpeg\" data-orig-size=\"800,179\" data-comments-opened=\"0\" data-image-meta=\"{&quot;aperture&quot;:&quot;0&quot;,&quot;credit&quot;:&quot;&quot;,&quot;camera&quot;:&quot;&quot;,&quot;caption&quot;:&quot;&quot;,&quot;created_timestamp&quot;:&quot;0&quot;,&quot;copyright&quot;:&quot;&quot;,&quot;focal_length&quot;:&quot;0&quot;,&quot;iso&quot;:&quot;0&quot;,&quot;shutter_speed&quot;:&quot;0&quot;,&quot;title&quot;:&quot;&quot;,&quot;orientation&quot;:&quot;0&quot;}\" data-image-title=\"AUH y Asignaciones Familiares\" data-image-description=\"\" data-image-caption=\"\" data-large-file=\"https:\/\/www.hoymercedes.com.ar\/principal\/wp-content\/uploads\/2021\/01\/AUH-y-Asignaciones-Familiares.jpeg\" src=\"https:\/\/www.hoymercedes.com.ar\/principal\/wp-content\/uploads\/2021\/01\/AUH-y-Asignaciones-Familiares.jpeg\" alt=\"\" data-id=\"124056\" data-full-url=\"https:\/\/www.hoymercedes.com.ar\/principal\/wp-content\/uploads\/2021\/01\/AUH-y-Asignaciones-Familiares.jpeg\" data-link=\"https:\/\/www.hoymercedes.com.ar\/principal\/?attachment_id=124056\" class=\"wp-image-124056\" srcset=\"https:\/\/www.hoymercedes.com.ar\/principal\/wp-content\/uploads\/2021\/01\/AUH-y-Asignaciones-Familiares.jpeg 800w, https:\/\/www.hoymercedes.com.ar\/principal\/wp-content\/uploads\/2021\/01\/AUH-y-Asignaciones-Familiares-630x141.jpeg 630w, https:\/\/www.hoymercedes.com.ar\/principal\/wp-content\/uploads\/2021\/01\/AUH-y-Asignaciones-Familiares-150x34.jpeg 150w\" sizes=\"auto, (max-width: 800px) 100vw, 800px\" \/><\/figure><\/li><li class=\"blocks-gallery-item\"><figure><img loading=\"lazy\" decoding=\"async\" width=\"800\" height=\"180\" data-attachment-id=\"124052\" data-permalink=\"https:\/\/www.hoymercedes.com.ar\/principal\/2021\/01\/30\/dematei-estamos-muy-agradecidos-y-orgullosos-de-todo-el-personal-de-la-salud\/asignacion-por-embarazo\/#main\" data-orig-file=\"https:\/\/www.hoymercedes.com.ar\/principal\/wp-content\/uploads\/2021\/01\/Asignacion-por-Embarazo.jpg\" data-orig-size=\"800,180\" data-comments-opened=\"0\" data-image-meta=\"{&quot;aperture&quot;:&quot;0&quot;,&quot;credit&quot;:&quot;&quot;,&quot;camera&quot;:&quot;&quot;,&quot;caption&quot;:&quot;&quot;,&quot;created_timestamp&quot;:&quot;0&quot;,&quot;copyright&quot;:&quot;&quot;,&quot;focal_length&quot;:&quot;0&quot;,&quot;iso&quot;:&quot;0&quot;,&quot;shutter_speed&quot;:&quot;0&quot;,&quot;title&quot;:&quot;&quot;,&quot;orientation&quot;:&quot;0&quot;}\" data-image-title=\"Asignaci\u00f3n por Embarazo\" data-image-description=\"\" data-image-caption=\"\" data-large-file=\"https:\/\/www.hoymercedes.com.ar\/principal\/wp-content\/uploads\/2021\/01\/Asignacion-por-Embarazo.jpg\" src=\"https:\/\/www.hoymercedes.com.ar\/principal\/wp-content\/uploads\/2021\/01\/Asignacion-por-Embarazo.jpg\" alt=\"\" data-id=\"124052\" data-full-url=\"https:\/\/www.hoymercedes.com.ar\/principal\/wp-content\/uploads\/2021\/01\/Asignacion-por-Embarazo.jpg\" data-link=\"https:\/\/www.hoymercedes.com.ar\/principal\/?attachment_id=124052\" class=\"wp-image-124052\" srcset=\"https:\/\/www.hoymercedes.com.ar\/principal\/wp-content\/uploads\/2021\/01\/Asignacion-por-Embarazo.jpg 800w, https:\/\/www.hoymercedes.com.ar\/principal\/wp-content\/uploads\/2021\/01\/Asignacion-por-Embarazo-630x142.jpg 630w, https:\/\/www.hoymercedes.com.ar\/principal\/wp-content\/uploads\/2021\/01\/Asignacion-por-Embarazo-150x34.jpg 150w\" sizes=\"auto, (max-width: 800px) 100vw, 800px\" \/><\/figure><\/li><li class=\"blocks-gallery-item\"><figure><img loading=\"lazy\" decoding=\"async\" width=\"800\" height=\"180\" data-attachment-id=\"124055\" data-permalink=\"https:\/\/www.hoymercedes.com.ar\/principal\/2021\/01\/30\/dematei-estamos-muy-agradecidos-y-orgullosos-de-todo-el-personal-de-la-salud\/asignaciones-por-maternidad-y-prenatal\/#main\" data-orig-file=\"https:\/\/www.hoymercedes.com.ar\/principal\/wp-content\/uploads\/2021\/01\/Asignaciones-por-Maternidad-y-Prenatal.jpg\" data-orig-size=\"800,180\" data-comments-opened=\"0\" data-image-meta=\"{&quot;aperture&quot;:&quot;0&quot;,&quot;credit&quot;:&quot;&quot;,&quot;camera&quot;:&quot;&quot;,&quot;caption&quot;:&quot;&quot;,&quot;created_timestamp&quot;:&quot;0&quot;,&quot;copyright&quot;:&quot;&quot;,&quot;focal_length&quot;:&quot;0&quot;,&quot;iso&quot;:&quot;0&quot;,&quot;shutter_speed&quot;:&quot;0&quot;,&quot;title&quot;:&quot;&quot;,&quot;orientation&quot;:&quot;0&quot;}\" data-image-title=\"Asignaciones por Maternidad y Prenatal\" data-image-description=\"\" data-image-caption=\"\" data-large-file=\"https:\/\/www.hoymercedes.com.ar\/principal\/wp-content\/uploads\/2021\/01\/Asignaciones-por-Maternidad-y-Prenatal.jpg\" src=\"https:\/\/www.hoymercedes.com.ar\/principal\/wp-content\/uploads\/2021\/01\/Asignaciones-por-Maternidad-y-Prenatal.jpg\" alt=\"\" data-id=\"124055\" data-full-url=\"https:\/\/www.hoymercedes.com.ar\/principal\/wp-content\/uploads\/2021\/01\/Asignaciones-por-Maternidad-y-Prenatal.jpg\" data-link=\"https:\/\/www.hoymercedes.com.ar\/principal\/?attachment_id=124055\" class=\"wp-image-124055\" srcset=\"https:\/\/www.hoymercedes.com.ar\/principal\/wp-content\/uploads\/2021\/01\/Asignaciones-por-Maternidad-y-Prenatal.jpg 800w, https:\/\/www.hoymercedes.com.ar\/principal\/wp-content\/uploads\/2021\/01\/Asignaciones-por-Maternidad-y-Prenatal-630x142.jpg 630w, https:\/\/www.hoymercedes.com.ar\/principal\/wp-content\/uploads\/2021\/01\/Asignaciones-por-Maternidad-y-Prenatal-150x34.jpg 150w\" sizes=\"auto, (max-width: 800px) 100vw, 800px\" \/><\/figure><\/li><li class=\"blocks-gallery-item\"><figure><img loading=\"lazy\" decoding=\"async\" width=\"800\" height=\"180\" data-attachment-id=\"124053\" data-permalink=\"https:\/\/www.hoymercedes.com.ar\/principal\/2021\/01\/30\/dematei-estamos-muy-agradecidos-y-orgullosos-de-todo-el-personal-de-la-salud\/asignaciones-de-pago-unico\/#main\" data-orig-file=\"https:\/\/www.hoymercedes.com.ar\/principal\/wp-content\/uploads\/2021\/01\/Asignaciones-de-Pago-Unico.jpg\" data-orig-size=\"800,180\" data-comments-opened=\"0\" data-image-meta=\"{&quot;aperture&quot;:&quot;0&quot;,&quot;credit&quot;:&quot;&quot;,&quot;camera&quot;:&quot;&quot;,&quot;caption&quot;:&quot;&quot;,&quot;created_timestamp&quot;:&quot;0&quot;,&quot;copyright&quot;:&quot;&quot;,&quot;focal_length&quot;:&quot;0&quot;,&quot;iso&quot;:&quot;0&quot;,&quot;shutter_speed&quot;:&quot;0&quot;,&quot;title&quot;:&quot;&quot;,&quot;orientation&quot;:&quot;0&quot;}\" data-image-title=\"Asignaciones de Pago \u00danico\" data-image-description=\"\" data-image-caption=\"\" data-large-file=\"https:\/\/www.hoymercedes.com.ar\/principal\/wp-content\/uploads\/2021\/01\/Asignaciones-de-Pago-Unico.jpg\" src=\"https:\/\/www.hoymercedes.com.ar\/principal\/wp-content\/uploads\/2021\/01\/Asignaciones-de-Pago-Unico.jpg\" alt=\"\" data-id=\"124053\" data-full-url=\"https:\/\/www.hoymercedes.com.ar\/principal\/wp-content\/uploads\/2021\/01\/Asignaciones-de-Pago-Unico.jpg\" data-link=\"https:\/\/www.hoymercedes.com.ar\/principal\/?attachment_id=124053\" class=\"wp-image-124053\" srcset=\"https:\/\/www.hoymercedes.com.ar\/principal\/wp-content\/uploads\/2021\/01\/Asignaciones-de-Pago-Unico.jpg 800w, https:\/\/www.hoymercedes.com.ar\/principal\/wp-content\/uploads\/2021\/01\/Asignaciones-de-Pago-Unico-630x142.jpg 630w, https:\/\/www.hoymercedes.com.ar\/principal\/wp-content\/uploads\/2021\/01\/Asignaciones-de-Pago-Unico-150x34.jpg 150w\" sizes=\"auto, (max-width: 800px) 100vw, 800px\" \/><\/figure><\/li><li class=\"blocks-gallery-item\"><figure><img loading=\"lazy\" decoding=\"async\" width=\"800\" height=\"180\" data-attachment-id=\"124059\" data-permalink=\"https:\/\/www.hoymercedes.com.ar\/principal\/2021\/01\/30\/dematei-estamos-muy-agradecidos-y-orgullosos-de-todo-el-personal-de-la-salud\/pensiones-no-contributivas\/#main\" data-orig-file=\"https:\/\/www.hoymercedes.com.ar\/principal\/wp-content\/uploads\/2021\/01\/Pensiones-No-Contributivas.jpg\" data-orig-size=\"800,180\" data-comments-opened=\"0\" data-image-meta=\"{&quot;aperture&quot;:&quot;0&quot;,&quot;credit&quot;:&quot;&quot;,&quot;camera&quot;:&quot;&quot;,&quot;caption&quot;:&quot;&quot;,&quot;created_timestamp&quot;:&quot;0&quot;,&quot;copyright&quot;:&quot;&quot;,&quot;focal_length&quot;:&quot;0&quot;,&quot;iso&quot;:&quot;0&quot;,&quot;shutter_speed&quot;:&quot;0&quot;,&quot;title&quot;:&quot;&quot;,&quot;orientation&quot;:&quot;0&quot;}\" data-image-title=\"Pensiones No Contributivas\" data-image-description=\"\" data-image-caption=\"\" data-large-file=\"https:\/\/www.hoymercedes.com.ar\/principal\/wp-content\/uploads\/2021\/01\/Pensiones-No-Contributivas.jpg\" src=\"https:\/\/www.hoymercedes.com.ar\/principal\/wp-content\/uploads\/2021\/01\/Pensiones-No-Contributivas.jpg\" alt=\"\" data-id=\"124059\" data-full-url=\"https:\/\/www.hoymercedes.com.ar\/principal\/wp-content\/uploads\/2021\/01\/Pensiones-No-Contributivas.jpg\" data-link=\"https:\/\/www.hoymercedes.com.ar\/principal\/?attachment_id=124059\" class=\"wp-image-124059\" srcset=\"https:\/\/www.hoymercedes.com.ar\/principal\/wp-content\/uploads\/2021\/01\/Pensiones-No-Contributivas.jpg 800w, https:\/\/www.hoymercedes.com.ar\/principal\/wp-content\/uploads\/2021\/01\/Pensiones-No-Contributivas-630x142.jpg 630w, https:\/\/www.hoymercedes.com.ar\/principal\/wp-content\/uploads\/2021\/01\/Pensiones-No-Contributivas-150x34.jpg 150w\" sizes=\"auto, (max-width: 800px) 100vw, 800px\" \/><\/figure><\/li><li class=\"blocks-gallery-item\"><figure><img loading=\"lazy\" decoding=\"async\" width=\"800\" height=\"180\" data-attachment-id=\"124054\" data-permalink=\"https:\/\/www.hoymercedes.com.ar\/principal\/2021\/01\/30\/dematei-estamos-muy-agradecidos-y-orgullosos-de-todo-el-personal-de-la-salud\/asignaciones-pnc\/#main\" data-orig-file=\"https:\/\/www.hoymercedes.com.ar\/principal\/wp-content\/uploads\/2021\/01\/Asignaciones-PNC.jpg\" data-orig-size=\"800,180\" data-comments-opened=\"0\" data-image-meta=\"{&quot;aperture&quot;:&quot;0&quot;,&quot;credit&quot;:&quot;&quot;,&quot;camera&quot;:&quot;&quot;,&quot;caption&quot;:&quot;&quot;,&quot;created_timestamp&quot;:&quot;0&quot;,&quot;copyright&quot;:&quot;&quot;,&quot;focal_length&quot;:&quot;0&quot;,&quot;iso&quot;:&quot;0&quot;,&quot;shutter_speed&quot;:&quot;0&quot;,&quot;title&quot;:&quot;&quot;,&quot;orientation&quot;:&quot;0&quot;}\" data-image-title=\"Asignaciones PNC\" data-image-description=\"\" data-image-caption=\"\" data-large-file=\"https:\/\/www.hoymercedes.com.ar\/principal\/wp-content\/uploads\/2021\/01\/Asignaciones-PNC.jpg\" src=\"https:\/\/www.hoymercedes.com.ar\/principal\/wp-content\/uploads\/2021\/01\/Asignaciones-PNC.jpg\" alt=\"\" data-id=\"124054\" data-full-url=\"https:\/\/www.hoymercedes.com.ar\/principal\/wp-content\/uploads\/2021\/01\/Asignaciones-PNC.jpg\" data-link=\"https:\/\/www.hoymercedes.com.ar\/principal\/?attachment_id=124054\" class=\"wp-image-124054\" srcset=\"https:\/\/www.hoymercedes.com.ar\/principal\/wp-content\/uploads\/2021\/01\/Asignaciones-PNC.jpg 800w, https:\/\/www.hoymercedes.com.ar\/principal\/wp-content\/uploads\/2021\/01\/Asignaciones-PNC-630x142.jpg 630w, https:\/\/www.hoymercedes.com.ar\/principal\/wp-content\/uploads\/2021\/01\/Asignaciones-PNC-150x34.jpg 150w\" sizes=\"auto, (max-width: 800px) 100vw, 800px\" \/><\/figure><\/li><li class=\"blocks-gallery-item\"><figure><img loading=\"lazy\" decoding=\"async\" width=\"800\" height=\"180\" data-attachment-id=\"124060\" data-permalink=\"https:\/\/www.hoymercedes.com.ar\/principal\/2021\/01\/30\/dematei-estamos-muy-agradecidos-y-orgullosos-de-todo-el-personal-de-la-salud\/prestacion-por-desempleo\/#main\" data-orig-file=\"https:\/\/www.hoymercedes.com.ar\/principal\/wp-content\/uploads\/2021\/01\/Prestacion-por-Desempleo.jpg\" data-orig-size=\"800,180\" data-comments-opened=\"0\" data-image-meta=\"{&quot;aperture&quot;:&quot;0&quot;,&quot;credit&quot;:&quot;&quot;,&quot;camera&quot;:&quot;&quot;,&quot;caption&quot;:&quot;&quot;,&quot;created_timestamp&quot;:&quot;0&quot;,&quot;copyright&quot;:&quot;&quot;,&quot;focal_length&quot;:&quot;0&quot;,&quot;iso&quot;:&quot;0&quot;,&quot;shutter_speed&quot;:&quot;0&quot;,&quot;title&quot;:&quot;&quot;,&quot;orientation&quot;:&quot;0&quot;}\" data-image-title=\"Prestaci\u00f3n por Desempleo\" data-image-description=\"\" data-image-caption=\"\" data-large-file=\"https:\/\/www.hoymercedes.com.ar\/principal\/wp-content\/uploads\/2021\/01\/Prestacion-por-Desempleo.jpg\" src=\"https:\/\/www.hoymercedes.com.ar\/principal\/wp-content\/uploads\/2021\/01\/Prestacion-por-Desempleo.jpg\" alt=\"\" data-id=\"124060\" data-full-url=\"https:\/\/www.hoymercedes.com.ar\/principal\/wp-content\/uploads\/2021\/01\/Prestacion-por-Desempleo.jpg\" data-link=\"https:\/\/www.hoymercedes.com.ar\/principal\/?attachment_id=124060\" class=\"wp-image-124060\" srcset=\"https:\/\/www.hoymercedes.com.ar\/principal\/wp-content\/uploads\/2021\/01\/Prestacion-por-Desempleo.jpg 800w, https:\/\/www.hoymercedes.com.ar\/principal\/wp-content\/uploads\/2021\/01\/Prestacion-por-Desempleo-630x142.jpg 630w, https:\/\/www.hoymercedes.com.ar\/principal\/wp-content\/uploads\/2021\/01\/Prestacion-por-Desempleo-150x34.jpg 150w\" sizes=\"auto, (max-width: 800px) 100vw, 800px\" \/><\/figure><\/li><\/ul><\/figure>\n","protected":false},"excerpt":{"rendered":"<p>La ANSES informa los calendarios de pago del mes de febrero para jubilados y pensionados, Pensiones No Contributivas, beneficiarios de &#8230; <a title=\"ANSES anunci\u00f3 calendario de pagos para febrero\" class=\"read-more\" href=\"https:\/\/www.hoymercedes.com.ar\/principal\/2021\/01\/30\/anses-anuncio-calendario-de-pagos-para-febrer0\/\" aria-label=\"Leer m\u00e1s sobre ANSES anunci\u00f3 calendario de pagos para febrero\">Leer m\u00e1s<\/a><\/p>\n","protected":false},"author":1,"featured_media":73507,"comment_status":"closed","ping_status":"open","sticky":false,"template":"","format":"standard","meta":{"_monsterinsights_skip_tracking":false,"_monsterinsights_sitenote_active":false,"_monsterinsights_sitenote_note":"","_monsterinsights_sitenote_category":0,"jetpack_post_was_ever_published":false,"_jetpack_newsletter_access":"","_jetpack_dont_email_post_to_subs":false,"_jetpack_newsletter_tier_id":0,"_jetpack_memberships_contains_paywalled_content":false,"_jetpack_memberships_contains_paid_content":false,"footnotes":"","jetpack_publicize_message":"","jetpack_publicize_feature_enabled":true,"jetpack_social_post_already_shared":true,"jetpack_social_options":{"image_generator_settings":{"template":"highway","default_image_id":0,"font":"","enabled":false},"version":2},"_wpas_customize_per_network":false},"categories":[17182],"tags":[4,16207,8739,11908,10859,17506],"class_list":["post-124062","post","type-post","status-publish","format-standard","has-post-thumbnail","hentry","category-nacion","tag-anses","tag-asignaciones","tag-beneficios","tag-jubilaciones","tag-pagos","tag-pensiones-auh","generate-columns","tablet-grid-50","mobile-grid-100","grid-parent","grid-50"],"jetpack_publicize_connections":[],"jetpack_featured_media_url":"https:\/\/www.hoymercedes.com.ar\/principal\/wp-content\/uploads\/2018\/03\/15-anses-logo.jpg","wps_subtitle":"Jubilaciones, pensiones y beneficios","jetpack_sharing_enabled":true,"_links":{"self":[{"href":"https:\/\/www.hoymercedes.com.ar\/principal\/wp-json\/wp\/v2\/posts\/124062","targetHints":{"allow":["GET"]}}],"collection":[{"href":"https:\/\/www.hoymercedes.com.ar\/principal\/wp-json\/wp\/v2\/posts"}],"about":[{"href":"https:\/\/www.hoymercedes.com.ar\/principal\/wp-json\/wp\/v2\/types\/post"}],"author":[{"embeddable":true,"href":"https:\/\/www.hoymercedes.com.ar\/principal\/wp-json\/wp\/v2\/users\/1"}],"replies":[{"embeddable":true,"href":"https:\/\/www.hoymercedes.com.ar\/principal\/wp-json\/wp\/v2\/comments?post=124062"}],"version-history":[{"count":0,"href":"https:\/\/www.hoymercedes.com.ar\/principal\/wp-json\/wp\/v2\/posts\/124062\/revisions"}],"wp:featuredmedia":[{"embeddable":true,"href":"https:\/\/www.hoymercedes.com.ar\/principal\/wp-json\/wp\/v2\/media\/73507"}],"wp:attachment":[{"href":"https:\/\/www.hoymercedes.com.ar\/principal\/wp-json\/wp\/v2\/media?parent=124062"}],"wp:term":[{"taxonomy":"category","embeddable":true,"href":"https:\/\/www.hoymercedes.com.ar\/principal\/wp-json\/wp\/v2\/categories?post=124062"},{"taxonomy":"post_tag","embeddable":true,"href":"https:\/\/www.hoymercedes.com.ar\/principal\/wp-json\/wp\/v2\/tags?post=124062"}],"curies":[{"name":"wp","href":"https:\/\/api.w.org\/{rel}","templated":true}]}}