{"id":124067,"date":"2021-01-30T00:39:19","date_gmt":"2021-01-30T03:39:19","guid":{"rendered":"http:\/\/www.hoymercedes.com.ar\/principal\/?p=124067"},"modified":"2021-01-30T00:49:29","modified_gmt":"2021-01-30T03:49:29","slug":"el-lunes-cierra-el-cabildo-cafe-restaurante","status":"publish","type":"post","link":"https:\/\/www.hoymercedes.com.ar\/principal\/2021\/01\/30\/el-lunes-cierra-el-cabildo-cafe-restaurante\/","title":{"rendered":"Cierra El Cabildo Caf\u00e9 Restaurante"},"content":{"rendered":"\n<p>A trav\u00e9s de un mensaje por las redes sociales, el titular del El Cabildo, Claudio Brovelli, anunci\u00f3 el cierre del caf\u00e9 restaurante de la esquina de 29 y 26, frente a la plaza San Mart\u00edn. Cuestiones personales, la pandemia y la situaci\u00f3n econ\u00f3mica hacen que el domingo pr\u00f3ximo sea el \u00faltimo d\u00eda que abra sus  puertas y coloque mesas y sillas en la plaza. <\/p>\n\n\n\n<div class=\"wp-block-image\"><figure class=\"aligncenter size-large\"><img loading=\"lazy\" decoding=\"async\" width=\"800\" height=\"534\" data-attachment-id=\"124068\" data-permalink=\"https:\/\/www.hoymercedes.com.ar\/principal\/2021\/01\/30\/el-lunes-cierra-el-cabildo-cafe-restaurante\/30-el-cabildo\/#main\" data-orig-file=\"https:\/\/www.hoymercedes.com.ar\/principal\/wp-content\/uploads\/2021\/01\/30-El-Cabildo.jpg\" data-orig-size=\"800,534\" data-comments-opened=\"0\" data-image-meta=\"{&quot;aperture&quot;:&quot;0&quot;,&quot;credit&quot;:&quot;&quot;,&quot;camera&quot;:&quot;&quot;,&quot;caption&quot;:&quot;&quot;,&quot;created_timestamp&quot;:&quot;1611966260&quot;,&quot;copyright&quot;:&quot;&quot;,&quot;focal_length&quot;:&quot;0&quot;,&quot;iso&quot;:&quot;0&quot;,&quot;shutter_speed&quot;:&quot;0&quot;,&quot;title&quot;:&quot;&quot;,&quot;orientation&quot;:&quot;1&quot;}\" data-image-title=\"30 El Cabildo\" data-image-description=\"\" data-image-caption=\"\" data-large-file=\"https:\/\/www.hoymercedes.com.ar\/principal\/wp-content\/uploads\/2021\/01\/30-El-Cabildo.jpg\" src=\"https:\/\/www.hoymercedes.com.ar\/principal\/wp-content\/uploads\/2021\/01\/30-El-Cabildo.jpg\" alt=\"\" class=\"wp-image-124068\" srcset=\"https:\/\/www.hoymercedes.com.ar\/principal\/wp-content\/uploads\/2021\/01\/30-El-Cabildo.jpg 800w, https:\/\/www.hoymercedes.com.ar\/principal\/wp-content\/uploads\/2021\/01\/30-El-Cabildo-630x421.jpg 630w, https:\/\/www.hoymercedes.com.ar\/principal\/wp-content\/uploads\/2021\/01\/30-El-Cabildo-150x100.jpg 150w\" sizes=\"auto, (max-width: 800px) 100vw, 800px\" \/><\/figure><\/div>\n\n\n\n<p>En la comunicaci\u00f3n publicada en su perfil de facebook Brovelli expresa:  <\/p>\n\n\n\n<p>\u00abQue d\u00eda cargado de emociones encontradas, un 25 de octubre del 2002 nos mudamos de La Perla al Cabildo, una patriada considerando la \u00e9poca que fue. De esa fecha hasta aqu\u00ed, fue una constante y hermosa lucha, d\u00eda a d\u00eda nos ganamos el cari\u00f1o de mucha gente. Hoy los tiempos son otros, lamento comunicarles que \u00e9ste domingo es el \u00faltimo d\u00eda que El Cabildo estar\u00e1 abierto\u00bb, dice la comunicaci\u00f3n p\u00fablica en redes sociales. <\/p>\n\n\n\n<p>\u00abLa pandemia, la situaci\u00f3n econ\u00f3mica y temas personales me han llevado a tomar tan triste decisi\u00f3n de bajar definitivamente las persianas, entre el tiempo pasado en La Perla y en este lugar son casi 25 a\u00f1os de mi vida transcurridos entre caf\u00e9s y comidas, solo queda decir gracias&#8230; Gracias a toda la gente que trabaj\u00f3 en este humilde negocio, gracias a mis parroquianos. Jam\u00e1s los voy a llamar mis clientes, eran m\u00e1s que eso, era una relaci\u00f3n m\u00e1s all\u00e1 de lo comercial, siempre pregunt\u00e1bamos si alguien no iba un d\u00eda o est\u00e1bamos atentos a un estado de salud o a una lamentable p\u00e9rdida\u00bb, agrega Claudio Brovelli.<\/p>\n\n\n\n<p>\u00abNo tengo m\u00e1s que palabras de afradecimientos a todo el mundo. Gracias a todos los que pasaron por El Cabildo de una y otra manera. Agradezco a todos los que nos hicieron parte de su vida, les pido perd\u00f3n al que le fall\u00e9&#8230; Gracias totales a todos, un honor haber compartido esas mesas de caf\u00e9\u00bb, concluye la publicaci\u00f3n en el perfil del bar de 29 y 26. <\/p>\n\n\n\n<p>Un espacio de encuentro en el que pol\u00edticos, funcionarios, periodistas, amigos, jubilados, turistas, abogados, bancarios y vecinos que ocasionalmente se sentaban en sus mesas para esas charlas de caf\u00e9 en donde los problemas de la ciudad parec\u00edan solucionarse con la opini\u00f3n y el debate de todos.<\/p>\n\n\n\n<p>Seguramente ser\u00e1n muchos los que recuerden no solo las charlas de caf\u00e9, sus mozos y mozas, sus cocineros y cocineras sino tambi\u00e9n algunas de sus comidas como las grandes picadas y el postre \u00abcopa cabildo\u00bb, as\u00ed como sus pastas. Y ser\u00e1 el due\u00f1o de El Cabildo el  que recuerde y a\u00f1ore el men\u00fa que cada uno de sus clientes fijos y amigos ped\u00eda cada noche o mediod\u00eda, y tal como lo deja entrever en su mensaje, qui\u00e9n ocupaba cada mesa, en que horario y qu\u00e9 programa eleg\u00eda ver en alguno de sus televisores. Aunque muchos de esos clientes, amigos y amigas, fallecieron peroro dejaron dejaron en esa esquina espacios imborrables. <\/p>\n\n\n\n<figure class=\"wp-block-embed is-type-rich is-provider-gestor-del-servicio wp-block-embed-gestor-del-servicio\"><div class=\"wp-block-embed__wrapper\">\n<div class=\"fb-post\" data-href=\"https:\/\/www.facebook.com\/cabildorestobar\/posts\/863157744525073\" data-width=\"552\" style=\"background-color: #fff; display: inline-block;\"><\/div>\n<\/div><\/figure>\n","protected":false},"excerpt":{"rendered":"<p>A trav\u00e9s de un mensaje por las redes sociales, el titular del El Cabildo, Claudio Brovelli, anunci\u00f3 el cierre del &#8230; <a title=\"Cierra El Cabildo Caf\u00e9 Restaurante\" class=\"read-more\" href=\"https:\/\/www.hoymercedes.com.ar\/principal\/2021\/01\/30\/el-lunes-cierra-el-cabildo-cafe-restaurante\/\" aria-label=\"Leer m\u00e1s sobre Cierra El Cabildo Caf\u00e9 Restaurante\">Leer m\u00e1s<\/a><\/p>\n","protected":false},"author":1,"featured_media":124068,"comment_status":"closed","ping_status":"open","sticky":false,"template":"","format":"standard","meta":{"_monsterinsights_skip_tracking":false,"_monsterinsights_sitenote_active":false,"_monsterinsights_sitenote_note":"","_monsterinsights_sitenote_category":0,"jetpack_post_was_ever_published":false,"_jetpack_newsletter_access":"","_jetpack_dont_email_post_to_subs":false,"_jetpack_newsletter_tier_id":0,"_jetpack_memberships_contains_paywalled_content":false,"_jetpack_memberships_contains_paid_content":false,"footnotes":"","jetpack_publicize_message":"","jetpack_publicize_feature_enabled":true,"jetpack_social_post_already_shared":true,"jetpack_social_options":{"image_generator_settings":{"template":"highway","default_image_id":0,"font":"","enabled":false},"version":2},"_wpas_customize_per_network":false},"categories":[11],"tags":[9698,1734,13232,17507],"class_list":["post-124067","post","type-post","status-publish","format-standard","has-post-thumbnail","hentry","category-ciudad","tag-cierre","tag-ciudad-2","tag-comercial","tag-el-cabildo","generate-columns","tablet-grid-50","mobile-grid-100","grid-parent","grid-50"],"jetpack_publicize_connections":[],"jetpack_featured_media_url":"https:\/\/www.hoymercedes.com.ar\/principal\/wp-content\/uploads\/2021\/01\/30-El-Cabildo.jpg","wps_subtitle":"Crisis, pandemia y cuestiones personales","jetpack_sharing_enabled":true,"_links":{"self":[{"href":"https:\/\/www.hoymercedes.com.ar\/principal\/wp-json\/wp\/v2\/posts\/124067","targetHints":{"allow":["GET"]}}],"collection":[{"href":"https:\/\/www.hoymercedes.com.ar\/principal\/wp-json\/wp\/v2\/posts"}],"about":[{"href":"https:\/\/www.hoymercedes.com.ar\/principal\/wp-json\/wp\/v2\/types\/post"}],"author":[{"embeddable":true,"href":"https:\/\/www.hoymercedes.com.ar\/principal\/wp-json\/wp\/v2\/users\/1"}],"replies":[{"embeddable":true,"href":"https:\/\/www.hoymercedes.com.ar\/principal\/wp-json\/wp\/v2\/comments?post=124067"}],"version-history":[{"count":0,"href":"https:\/\/www.hoymercedes.com.ar\/principal\/wp-json\/wp\/v2\/posts\/124067\/revisions"}],"wp:featuredmedia":[{"embeddable":true,"href":"https:\/\/www.hoymercedes.com.ar\/principal\/wp-json\/wp\/v2\/media\/124068"}],"wp:attachment":[{"href":"https:\/\/www.hoymercedes.com.ar\/principal\/wp-json\/wp\/v2\/media?parent=124067"}],"wp:term":[{"taxonomy":"category","embeddable":true,"href":"https:\/\/www.hoymercedes.com.ar\/principal\/wp-json\/wp\/v2\/categories?post=124067"},{"taxonomy":"post_tag","embeddable":true,"href":"https:\/\/www.hoymercedes.com.ar\/principal\/wp-json\/wp\/v2\/tags?post=124067"}],"curies":[{"name":"wp","href":"https:\/\/api.w.org\/{rel}","templated":true}]}}