{"id":124090,"date":"2021-01-30T10:43:29","date_gmt":"2021-01-30T13:43:29","guid":{"rendered":"http:\/\/www.hoymercedes.com.ar\/principal\/?p=124090"},"modified":"2021-01-30T11:00:27","modified_gmt":"2021-01-30T14:00:27","slug":"fallecio-muneco-minetto","status":"publish","type":"post","link":"https:\/\/www.hoymercedes.com.ar\/principal\/2021\/01\/30\/fallecio-muneco-minetto\/","title":{"rendered":"Falleci\u00f3 \u00abMu\u00f1eco\u00bb Minetto"},"content":{"rendered":"\n<p>Reconocido en el \u00e1mbito judicial y el \u00e1mbito musical y cultural, en la madrugada de este s\u00e1bado 30 de enero falleci\u00f3 Juan Antonio \u00abMu\u00f1eco\u00bb Minetto (61 a\u00f1os). En su profesi\u00f3n se desempe\u00f1aba como Vicepresidente de la C\u00e1mara de Apelacion y Garant\u00edas en lo Penal Sala 3 &#8211; del Departamento Judicial Mercedes; sin embargo, su pasi\u00f3n era la m\u00fasica. <\/p>\n\n\n\n<p>Fue percusionista y acompa\u00f1\u00f3 a grandes m\u00fasicos locales como Cecilia Capaccio y su Familia Coplera, a Virginia Altube y a Tito Sanguinetti entre otros. Tambi\u00e9n, pese a ser abogado, como m\u00fasico integr\u00f3 el grupo musical del espect\u00e1culo Medical\u00edsima con m\u00e9dicos de profesi\u00f3n y artistas de vocaci\u00f3n. <\/p>\n\n\n\n<p>Con 61 a\u00f1os de edad, estuvo internado las \u00faltimas semanas y por las redes circulaban decena de cadenas de oraciones para una recuperaci\u00f3n que lamentablemente no lleg\u00f3.<\/p>\n\n\n\n<p>A modo de despedida, Osvaldo Tito Sanguinetti le dedic\u00f3 unas palabras a su \u00abentre\u00f1able\u00bb amigo. <br>\u00abJUAN ANTONIO \u00a8MU\u00d1ECO\u00a8 MINETTO-DESCANSO ETERNO&#8230;<br>Adios, hermano del arte <br>de la m\u00fasica y la vida <br>el silencio de tu parchete <br>te arrulla,en la despedida&#8230;<br>ABRAZO ATEMPORAL\u00bb<\/p>\n\n\n\n<p>En tanto, Cecilia Capaccio se expres\u00f3 en nombre de La Familia Coplera y despidi\u00f3 \u00abcon much\u00edsimo dolor al amigo y compa\u00f1ero de todos los escenarios Juan Antonio (Mu\u00f1eco ) Minetto!!!Descansa en paz,querido Amigo!!!\u00bb<\/p>\n\n\n\n<div class=\"wp-block-image\"><figure class=\"aligncenter size-large\"><img loading=\"lazy\" decoding=\"async\" width=\"800\" height=\"533\" data-attachment-id=\"124094\" data-permalink=\"https:\/\/www.hoymercedes.com.ar\/principal\/2021\/01\/30\/fallecio-muneco-minetto\/30-muneco-minetto1\/#main\" data-orig-file=\"https:\/\/www.hoymercedes.com.ar\/principal\/wp-content\/uploads\/2021\/01\/30-muneco-minetto1.jpg\" data-orig-size=\"800,533\" data-comments-opened=\"0\" data-image-meta=\"{&quot;aperture&quot;:&quot;0&quot;,&quot;credit&quot;:&quot;&quot;,&quot;camera&quot;:&quot;&quot;,&quot;caption&quot;:&quot;&quot;,&quot;created_timestamp&quot;:&quot;1175018280&quot;,&quot;copyright&quot;:&quot;&quot;,&quot;focal_length&quot;:&quot;0&quot;,&quot;iso&quot;:&quot;0&quot;,&quot;shutter_speed&quot;:&quot;0&quot;,&quot;title&quot;:&quot;&quot;,&quot;orientation&quot;:&quot;1&quot;}\" data-image-title=\"30 mu\u00f1eco minetto1\" data-image-description=\"\" data-image-caption=\"\" data-large-file=\"https:\/\/www.hoymercedes.com.ar\/principal\/wp-content\/uploads\/2021\/01\/30-muneco-minetto1.jpg\" src=\"https:\/\/www.hoymercedes.com.ar\/principal\/wp-content\/uploads\/2021\/01\/30-muneco-minetto1.jpg\" alt=\"\" class=\"wp-image-124094\" srcset=\"https:\/\/www.hoymercedes.com.ar\/principal\/wp-content\/uploads\/2021\/01\/30-muneco-minetto1.jpg 800w, https:\/\/www.hoymercedes.com.ar\/principal\/wp-content\/uploads\/2021\/01\/30-muneco-minetto1-630x420.jpg 630w, https:\/\/www.hoymercedes.com.ar\/principal\/wp-content\/uploads\/2021\/01\/30-muneco-minetto1-150x100.jpg 150w, https:\/\/www.hoymercedes.com.ar\/principal\/wp-content\/uploads\/2021\/01\/30-muneco-minetto1-700x465.jpg 700w\" sizes=\"auto, (max-width: 800px) 100vw, 800px\" \/><figcaption>Foto: Archivo TeCleArte<\/figcaption><\/figure><\/div>\n","protected":false},"excerpt":{"rendered":"<p>Reconocido en el \u00e1mbito judicial y el \u00e1mbito musical y cultural, en la madrugada de este s\u00e1bado 30 de enero &#8230; <a title=\"Falleci\u00f3 \u00abMu\u00f1eco\u00bb Minetto\" class=\"read-more\" href=\"https:\/\/www.hoymercedes.com.ar\/principal\/2021\/01\/30\/fallecio-muneco-minetto\/\" aria-label=\"Leer m\u00e1s sobre Falleci\u00f3 \u00abMu\u00f1eco\u00bb Minetto\">Leer m\u00e1s<\/a><\/p>\n","protected":false},"author":1,"featured_media":124091,"comment_status":"closed","ping_status":"open","sticky":false,"template":"","format":"standard","meta":{"_monsterinsights_skip_tracking":false,"_monsterinsights_sitenote_active":false,"_monsterinsights_sitenote_note":"","_monsterinsights_sitenote_category":0,"jetpack_post_was_ever_published":false,"_jetpack_newsletter_access":"","_jetpack_dont_email_post_to_subs":false,"_jetpack_newsletter_tier_id":0,"_jetpack_memberships_contains_paywalled_content":false,"_jetpack_memberships_contains_paid_content":false,"footnotes":"","jetpack_publicize_message":"","jetpack_publicize_feature_enabled":true,"jetpack_social_post_already_shared":true,"jetpack_social_options":{"image_generator_settings":{"template":"highway","default_image_id":0,"font":"","enabled":false},"version":2},"_wpas_customize_per_network":false},"categories":[8],"tags":[8777,9288,7802],"class_list":["post-124090","post","type-post","status-publish","format-standard","has-post-thumbnail","hentry","category-sociedad","tag-fallecimiento","tag-sociales","tag-sociedad","generate-columns","tablet-grid-50","mobile-grid-100","grid-parent","grid-50"],"jetpack_publicize_connections":[],"jetpack_featured_media_url":"https:\/\/www.hoymercedes.com.ar\/principal\/wp-content\/uploads\/2021\/01\/30-muneco-minetto.jpg","wps_subtitle":"Pesar en el ambiente musical y en el judicial","jetpack_sharing_enabled":true,"_links":{"self":[{"href":"https:\/\/www.hoymercedes.com.ar\/principal\/wp-json\/wp\/v2\/posts\/124090","targetHints":{"allow":["GET"]}}],"collection":[{"href":"https:\/\/www.hoymercedes.com.ar\/principal\/wp-json\/wp\/v2\/posts"}],"about":[{"href":"https:\/\/www.hoymercedes.com.ar\/principal\/wp-json\/wp\/v2\/types\/post"}],"author":[{"embeddable":true,"href":"https:\/\/www.hoymercedes.com.ar\/principal\/wp-json\/wp\/v2\/users\/1"}],"replies":[{"embeddable":true,"href":"https:\/\/www.hoymercedes.com.ar\/principal\/wp-json\/wp\/v2\/comments?post=124090"}],"version-history":[{"count":0,"href":"https:\/\/www.hoymercedes.com.ar\/principal\/wp-json\/wp\/v2\/posts\/124090\/revisions"}],"wp:featuredmedia":[{"embeddable":true,"href":"https:\/\/www.hoymercedes.com.ar\/principal\/wp-json\/wp\/v2\/media\/124091"}],"wp:attachment":[{"href":"https:\/\/www.hoymercedes.com.ar\/principal\/wp-json\/wp\/v2\/media?parent=124090"}],"wp:term":[{"taxonomy":"category","embeddable":true,"href":"https:\/\/www.hoymercedes.com.ar\/principal\/wp-json\/wp\/v2\/categories?post=124090"},{"taxonomy":"post_tag","embeddable":true,"href":"https:\/\/www.hoymercedes.com.ar\/principal\/wp-json\/wp\/v2\/tags?post=124090"}],"curies":[{"name":"wp","href":"https:\/\/api.w.org\/{rel}","templated":true}]}}