{"id":124113,"date":"2021-01-30T22:40:24","date_gmt":"2021-01-31T01:40:24","guid":{"rendered":"http:\/\/www.hoymercedes.com.ar\/principal\/?p=124113"},"modified":"2021-01-30T22:40:29","modified_gmt":"2021-01-31T01:40:29","slug":"covid-en-mercedes-un-fallecimiento-y-tres-nuevos-positivos","status":"publish","type":"post","link":"https:\/\/www.hoymercedes.com.ar\/principal\/2021\/01\/30\/covid-en-mercedes-un-fallecimiento-y-tres-nuevos-positivos\/","title":{"rendered":"Covid en Mercedes: un fallecimiento y tres nuevos positivos"},"content":{"rendered":"\n<p>El parte con la informaci\u00f3n epidemiol\u00f3gica informa el fallecimiento de un hombre de 61 a\u00f1os que estaba internado con el virus SARS-Cov2 en la ciudad de Buenos Aires. Pero adem\u00e1s, comunica el resultado positivo de tres hisopados entre los 20 an\u00e1lisis procesados en el d\u00eda de la fecha y el alta de diez pacientes de acuerdo a los protocolos vigentes. <\/p>\n\n\n\n<div class=\"wp-block-image\"><figure class=\"aligncenter size-large\"><img loading=\"lazy\" decoding=\"async\" width=\"800\" height=\"800\" data-attachment-id=\"124114\" data-permalink=\"https:\/\/www.hoymercedes.com.ar\/principal\/2021\/01\/30\/covid-en-mercedes-un-fallecimiento-y-tres-nuevos-positivos\/whatsapp-image-2021-01-30-at-21-59-17\/#main\" data-orig-file=\"https:\/\/www.hoymercedes.com.ar\/principal\/wp-content\/uploads\/2021\/01\/WhatsApp-Image-2021-01-30-at-21.59.17.jpeg\" data-orig-size=\"800,800\" data-comments-opened=\"0\" data-image-meta=\"{&quot;aperture&quot;:&quot;0&quot;,&quot;credit&quot;:&quot;&quot;,&quot;camera&quot;:&quot;&quot;,&quot;caption&quot;:&quot;&quot;,&quot;created_timestamp&quot;:&quot;0&quot;,&quot;copyright&quot;:&quot;&quot;,&quot;focal_length&quot;:&quot;0&quot;,&quot;iso&quot;:&quot;0&quot;,&quot;shutter_speed&quot;:&quot;0&quot;,&quot;title&quot;:&quot;&quot;,&quot;orientation&quot;:&quot;0&quot;}\" data-image-title=\"WhatsApp Image 2021-01-30 at 21.59.17\" data-image-description=\"\" data-image-caption=\"\" data-large-file=\"https:\/\/www.hoymercedes.com.ar\/principal\/wp-content\/uploads\/2021\/01\/WhatsApp-Image-2021-01-30-at-21.59.17.jpeg\" src=\"https:\/\/www.hoymercedes.com.ar\/principal\/wp-content\/uploads\/2021\/01\/WhatsApp-Image-2021-01-30-at-21.59.17.jpeg\" alt=\"\" class=\"wp-image-124114\" srcset=\"https:\/\/www.hoymercedes.com.ar\/principal\/wp-content\/uploads\/2021\/01\/WhatsApp-Image-2021-01-30-at-21.59.17.jpeg 800w, https:\/\/www.hoymercedes.com.ar\/principal\/wp-content\/uploads\/2021\/01\/WhatsApp-Image-2021-01-30-at-21.59.17-620x620.jpeg 620w, https:\/\/www.hoymercedes.com.ar\/principal\/wp-content\/uploads\/2021\/01\/WhatsApp-Image-2021-01-30-at-21.59.17-150x150.jpeg 150w\" sizes=\"auto, (max-width: 800px) 100vw, 800px\" \/><\/figure><\/div>\n\n\n\n<p>Informe nacional: Fueron confirmados 6.902 nuevos casos de COVID-19.Con estos registros, suman 1.922.264 positivos en el pa\u00eds, de los cuales 1.712.868 son pacientes recuperados y 161.465 son casos confirmados activos. En las \u00faltimas 24 horas, se notificaron 156 nuevas muertes, son 96 hombres y 58 mujeres. Al momento la cantidad de personas fallecidas es 47.931. Dos personas, residentes en la provincia de Buenos Aires, fueron registrados sin dato de sexo.<\/p>\n\n\n\n<p>Detalle por provincia (N\u00ba confirmados hoy | N\u00ba de acumulados): Buenos Aires 3.066 | 802.121; Ciudad de Buenos Aires 951 | 209.491; Catamarca 86 | 5.241; Chaco 116 | 30.668; Chubut 233 | 42.216; Corrientes 192 | 17.332; C\u00f3rdoba 239 | 144.696; Entre R\u00edos 240 | 40.862; Formosa 2 | 843; Jujuy 17 | 19.292; La Pampa 70 | 16.390; La Rioja 17 | 9.532; Mendoza 78 | 63.768; Misiones 208 | 4.577; Neuqu\u00e9n 275 | 53.804; R\u00edo Negro 182 | 47.814; Salta 54 | 23.778; San Juan 33 | 13.939; San Luis 27 | 18.988; Santa Cruz 137 | 32.441; Santa Fe 515 | 205.609; Santiago del Estero 92 | 20.762; Tierra del Fuego 15 | 21.775 y Tucum\u00e1n 57 | 76.325<\/p>\n\n\n\n<p><\/p>\n","protected":false},"excerpt":{"rendered":"<p>El parte con la informaci\u00f3n epidemiol\u00f3gica informa el fallecimiento de un hombre de 61 a\u00f1os que estaba internado con el &#8230; <a title=\"Covid en Mercedes: un fallecimiento y tres nuevos positivos\" class=\"read-more\" href=\"https:\/\/www.hoymercedes.com.ar\/principal\/2021\/01\/30\/covid-en-mercedes-un-fallecimiento-y-tres-nuevos-positivos\/\" aria-label=\"Leer m\u00e1s sobre Covid en Mercedes: un fallecimiento y tres nuevos positivos\">Leer m\u00e1s<\/a><\/p>\n","protected":false},"author":1,"featured_media":124114,"comment_status":"closed","ping_status":"open","sticky":false,"template":"","format":"standard","meta":{"_monsterinsights_skip_tracking":false,"_monsterinsights_sitenote_active":false,"_monsterinsights_sitenote_note":"","_monsterinsights_sitenote_category":0,"jetpack_post_was_ever_published":false,"_jetpack_newsletter_access":"","_jetpack_dont_email_post_to_subs":false,"_jetpack_newsletter_tier_id":0,"_jetpack_memberships_contains_paywalled_content":false,"_jetpack_memberships_contains_paid_content":false,"footnotes":"","jetpack_publicize_message":"","jetpack_publicize_feature_enabled":true,"jetpack_social_post_already_shared":true,"jetpack_social_options":{"image_generator_settings":{"template":"highway","default_image_id":0,"font":"","enabled":false},"version":2},"_wpas_customize_per_network":false},"categories":[9791],"tags":[],"class_list":["post-124113","post","type-post","status-publish","format-standard","has-post-thumbnail","hentry","category-salud","generate-columns","tablet-grid-50","mobile-grid-100","grid-parent","grid-50"],"jetpack_publicize_connections":[],"jetpack_featured_media_url":"https:\/\/www.hoymercedes.com.ar\/principal\/wp-content\/uploads\/2021\/01\/WhatsApp-Image-2021-01-30-at-21.59.17.jpeg","wps_subtitle":"","jetpack_sharing_enabled":true,"_links":{"self":[{"href":"https:\/\/www.hoymercedes.com.ar\/principal\/wp-json\/wp\/v2\/posts\/124113","targetHints":{"allow":["GET"]}}],"collection":[{"href":"https:\/\/www.hoymercedes.com.ar\/principal\/wp-json\/wp\/v2\/posts"}],"about":[{"href":"https:\/\/www.hoymercedes.com.ar\/principal\/wp-json\/wp\/v2\/types\/post"}],"author":[{"embeddable":true,"href":"https:\/\/www.hoymercedes.com.ar\/principal\/wp-json\/wp\/v2\/users\/1"}],"replies":[{"embeddable":true,"href":"https:\/\/www.hoymercedes.com.ar\/principal\/wp-json\/wp\/v2\/comments?post=124113"}],"version-history":[{"count":0,"href":"https:\/\/www.hoymercedes.com.ar\/principal\/wp-json\/wp\/v2\/posts\/124113\/revisions"}],"wp:featuredmedia":[{"embeddable":true,"href":"https:\/\/www.hoymercedes.com.ar\/principal\/wp-json\/wp\/v2\/media\/124114"}],"wp:attachment":[{"href":"https:\/\/www.hoymercedes.com.ar\/principal\/wp-json\/wp\/v2\/media?parent=124113"}],"wp:term":[{"taxonomy":"category","embeddable":true,"href":"https:\/\/www.hoymercedes.com.ar\/principal\/wp-json\/wp\/v2\/categories?post=124113"},{"taxonomy":"post_tag","embeddable":true,"href":"https:\/\/www.hoymercedes.com.ar\/principal\/wp-json\/wp\/v2\/tags?post=124113"}],"curies":[{"name":"wp","href":"https:\/\/api.w.org\/{rel}","templated":true}]}}