{"id":124120,"date":"2021-01-31T10:48:15","date_gmt":"2021-01-31T13:48:15","guid":{"rendered":"http:\/\/www.hoymercedes.com.ar\/principal\/?p=124120"},"modified":"2021-01-31T10:48:21","modified_gmt":"2021-01-31T13:48:21","slug":"articulan-proyecto-para-ninez-adolescencia-y-familia","status":"publish","type":"post","link":"https:\/\/www.hoymercedes.com.ar\/principal\/2021\/01\/31\/articulan-proyecto-para-ninez-adolescencia-y-familia\/","title":{"rendered":"Articulan proyecto para ni\u00f1ez, adolescencia y familia"},"content":{"rendered":"\n<p>Se llev\u00f3 a cabo una nueva reuni\u00f3n entre la Secretaria de Ni\u00f1ez, Adolescencia y Familia de la Naci\u00f3n junto a diversas \u00e1reas de la Municipalidad de Mercedes con el objetivo de generar m\u00e1s y novedosas pol\u00edticas para las y los ni\u00f1os de Mercedes. Entre algunas cuestiones se avanz\u00f3 en trabajos para una Granja Ambiental y Educativa, Actividades en el Arroyo Balta, inversiones por varios millones de pesos y articulaci\u00f3n de programas nacionales para implementarse en la ciudad.<\/p>\n\n\n\n<div class=\"wp-block-image\"><figure class=\"aligncenter size-large\"><img loading=\"lazy\" decoding=\"async\" width=\"709\" height=\"473\" data-attachment-id=\"124121\" data-permalink=\"https:\/\/www.hoymercedes.com.ar\/principal\/2021\/01\/31\/articulan-proyecto-para-ninez-adolescencia-y-familia\/dsc02880\/#main\" data-orig-file=\"https:\/\/www.hoymercedes.com.ar\/principal\/wp-content\/uploads\/2021\/01\/DSC02880.jpg\" data-orig-size=\"709,473\" data-comments-opened=\"0\" data-image-meta=\"{&quot;aperture&quot;:&quot;0&quot;,&quot;credit&quot;:&quot;&quot;,&quot;camera&quot;:&quot;&quot;,&quot;caption&quot;:&quot;&quot;,&quot;created_timestamp&quot;:&quot;1612089062&quot;,&quot;copyright&quot;:&quot;&quot;,&quot;focal_length&quot;:&quot;0&quot;,&quot;iso&quot;:&quot;0&quot;,&quot;shutter_speed&quot;:&quot;0&quot;,&quot;title&quot;:&quot;&quot;,&quot;orientation&quot;:&quot;1&quot;}\" data-image-title=\"DSC02880\" data-image-description=\"\" data-image-caption=\"\" data-large-file=\"https:\/\/www.hoymercedes.com.ar\/principal\/wp-content\/uploads\/2021\/01\/DSC02880.jpg\" src=\"https:\/\/www.hoymercedes.com.ar\/principal\/wp-content\/uploads\/2021\/01\/DSC02880.jpg\" alt=\"\" class=\"wp-image-124121\" srcset=\"https:\/\/www.hoymercedes.com.ar\/principal\/wp-content\/uploads\/2021\/01\/DSC02880.jpg 709w, https:\/\/www.hoymercedes.com.ar\/principal\/wp-content\/uploads\/2021\/01\/DSC02880-630x420.jpg 630w, https:\/\/www.hoymercedes.com.ar\/principal\/wp-content\/uploads\/2021\/01\/DSC02880-150x100.jpg 150w\" sizes=\"auto, (max-width: 709px) 100vw, 709px\" \/><\/figure><\/div>\n\n\n\n<p>Entre los diversos temas se trat\u00f3 y profundiz\u00f3 en programas como Estaci\u00f3n Juego, Recreo, las pol\u00edticas de cuidado de la ni\u00f1ez y primera infancia, los Espacios Jardines Primera Infancia y en particular la posibilidad de hacer juntos una Granja Educativa en el predio de la Colonia Capit\u00e1n Sarmiento, buscando generar un sitio de recreaci\u00f3n y ense\u00f1anza aprendizaje vinculado al contacto con la naturaleza y el ambiente. &nbsp;<\/p>\n\n\n\n<p>La reuni\u00f3n de articulaci\u00f3n de acciones entre el gobierno local y nacional se llev\u00f3 a cabo en el Palacio Municipal, contando con la presencia de la Secretaria de Gobierno, Clara Zunino, la Directora de Ni\u00f1ez y Adolescencia, Gabriela Olivella, el responsable de Ambiente, Juan Mend\u00eda, el responsable del CDR Nicol\u00e1s Zeballos, la sub Secretaria de Salud, Marianela Arenillas, y los funcionarios nacionales Mariano Luongo, Subsecretario de derechos para la ni\u00f1ez Adolescencia y Familia, Alejandra Shanahan, Directora Nacional de promoci\u00f3n y protecci\u00f3n integral, Marcelo Gonz\u00e1lez, Coordinador de los espacios Colonia y Adriana Morbelli, Coordinadora general de&nbsp;&nbsp;espacios de promoci\u00f3n de derechos &nbsp;<\/p>\n","protected":false},"excerpt":{"rendered":"<p>Se llev\u00f3 a cabo una nueva reuni\u00f3n entre la Secretaria de Ni\u00f1ez, Adolescencia y Familia de la Naci\u00f3n junto a &#8230; <a title=\"Articulan proyecto para ni\u00f1ez, adolescencia y familia\" class=\"read-more\" href=\"https:\/\/www.hoymercedes.com.ar\/principal\/2021\/01\/31\/articulan-proyecto-para-ninez-adolescencia-y-familia\/\" aria-label=\"Leer m\u00e1s sobre Articulan proyecto para ni\u00f1ez, adolescencia y familia\">Leer m\u00e1s<\/a><\/p>\n","protected":false},"author":1,"featured_media":124121,"comment_status":"closed","ping_status":"open","sticky":false,"template":"","format":"standard","meta":{"_monsterinsights_skip_tracking":false,"_monsterinsights_sitenote_active":false,"_monsterinsights_sitenote_note":"","_monsterinsights_sitenote_category":0,"jetpack_post_was_ever_published":false,"_jetpack_newsletter_access":"","_jetpack_dont_email_post_to_subs":false,"_jetpack_newsletter_tier_id":0,"_jetpack_memberships_contains_paywalled_content":false,"_jetpack_memberships_contains_paid_content":false,"footnotes":"","jetpack_publicize_message":"","jetpack_publicize_feature_enabled":true,"jetpack_social_post_already_shared":true,"jetpack_social_options":{"image_generator_settings":{"template":"highway","default_image_id":0,"font":"","enabled":false},"version":2},"_wpas_customize_per_network":false},"categories":[8],"tags":[],"class_list":["post-124120","post","type-post","status-publish","format-standard","has-post-thumbnail","hentry","category-sociedad","generate-columns","tablet-grid-50","mobile-grid-100","grid-parent","grid-50"],"jetpack_publicize_connections":[],"jetpack_featured_media_url":"https:\/\/www.hoymercedes.com.ar\/principal\/wp-content\/uploads\/2021\/01\/DSC02880.jpg","wps_subtitle":"","jetpack_sharing_enabled":true,"_links":{"self":[{"href":"https:\/\/www.hoymercedes.com.ar\/principal\/wp-json\/wp\/v2\/posts\/124120","targetHints":{"allow":["GET"]}}],"collection":[{"href":"https:\/\/www.hoymercedes.com.ar\/principal\/wp-json\/wp\/v2\/posts"}],"about":[{"href":"https:\/\/www.hoymercedes.com.ar\/principal\/wp-json\/wp\/v2\/types\/post"}],"author":[{"embeddable":true,"href":"https:\/\/www.hoymercedes.com.ar\/principal\/wp-json\/wp\/v2\/users\/1"}],"replies":[{"embeddable":true,"href":"https:\/\/www.hoymercedes.com.ar\/principal\/wp-json\/wp\/v2\/comments?post=124120"}],"version-history":[{"count":0,"href":"https:\/\/www.hoymercedes.com.ar\/principal\/wp-json\/wp\/v2\/posts\/124120\/revisions"}],"wp:featuredmedia":[{"embeddable":true,"href":"https:\/\/www.hoymercedes.com.ar\/principal\/wp-json\/wp\/v2\/media\/124121"}],"wp:attachment":[{"href":"https:\/\/www.hoymercedes.com.ar\/principal\/wp-json\/wp\/v2\/media?parent=124120"}],"wp:term":[{"taxonomy":"category","embeddable":true,"href":"https:\/\/www.hoymercedes.com.ar\/principal\/wp-json\/wp\/v2\/categories?post=124120"},{"taxonomy":"post_tag","embeddable":true,"href":"https:\/\/www.hoymercedes.com.ar\/principal\/wp-json\/wp\/v2\/tags?post=124120"}],"curies":[{"name":"wp","href":"https:\/\/api.w.org\/{rel}","templated":true}]}}