{"id":124138,"date":"2021-01-31T19:49:00","date_gmt":"2021-01-31T22:49:00","guid":{"rendered":"http:\/\/www.hoymercedes.com.ar\/principal\/?p=124138"},"modified":"2021-01-31T21:57:56","modified_gmt":"2021-02-01T00:57:56","slug":"entregan-material-e-instrumentos-para-los-centros-de-vacunacion-contra-el-covid","status":"publish","type":"post","link":"https:\/\/www.hoymercedes.com.ar\/principal\/2021\/01\/31\/entregan-material-e-instrumentos-para-los-centros-de-vacunacion-contra-el-covid\/","title":{"rendered":"Entregan material e instrumentos para los centros de vacunaci\u00f3n contra el covid"},"content":{"rendered":"\n<p>Este fin de semana, las instalaciones del Colegio Nacional recibi\u00f3 de parte del gobierno provincial los insumos necesarios para acondicionar la instituci\u00f3n educativa centenaria como Centro de Vacunaci\u00f3n contra el covid. Es as\u00ed que llegaron mesas y sillas, un freezer, elementos tecnol\u00f3gicos, como ser tablets y un monitor de temperatura con visor y sensor, elementos de limpieza, se\u00f1al\u00e9tica, carteler\u00eda, banners y gazebos.<\/p>\n\n\n\n<div class=\"wp-block-image\"><figure class=\"aligncenter size-large\"><img loading=\"lazy\" decoding=\"async\" width=\"720\" height=\"767\" data-attachment-id=\"124140\" data-permalink=\"https:\/\/www.hoymercedes.com.ar\/principal\/2021\/01\/31\/entregan-material-e-instrumentos-para-los-centros-de-vacunacion-contra-el-covid\/31-nacional-vacunas\/#main\" data-orig-file=\"https:\/\/www.hoymercedes.com.ar\/principal\/wp-content\/uploads\/2021\/01\/31-nacional-vacunas.jpg\" data-orig-size=\"720,767\" data-comments-opened=\"0\" data-image-meta=\"{&quot;aperture&quot;:&quot;0&quot;,&quot;credit&quot;:&quot;&quot;,&quot;camera&quot;:&quot;&quot;,&quot;caption&quot;:&quot;&quot;,&quot;created_timestamp&quot;:&quot;1612129438&quot;,&quot;copyright&quot;:&quot;&quot;,&quot;focal_length&quot;:&quot;0&quot;,&quot;iso&quot;:&quot;0&quot;,&quot;shutter_speed&quot;:&quot;0&quot;,&quot;title&quot;:&quot;&quot;,&quot;orientation&quot;:&quot;1&quot;}\" data-image-title=\"31 nacional vacunas\" data-image-description=\"\" data-image-caption=\"\" data-large-file=\"https:\/\/www.hoymercedes.com.ar\/principal\/wp-content\/uploads\/2021\/01\/31-nacional-vacunas.jpg\" src=\"https:\/\/www.hoymercedes.com.ar\/principal\/wp-content\/uploads\/2021\/01\/31-nacional-vacunas.jpg\" alt=\"\" class=\"wp-image-124140\" srcset=\"https:\/\/www.hoymercedes.com.ar\/principal\/wp-content\/uploads\/2021\/01\/31-nacional-vacunas.jpg 720w, https:\/\/www.hoymercedes.com.ar\/principal\/wp-content\/uploads\/2021\/01\/31-nacional-vacunas-582x620.jpg 582w, https:\/\/www.hoymercedes.com.ar\/principal\/wp-content\/uploads\/2021\/01\/31-nacional-vacunas-141x150.jpg 141w\" sizes=\"auto, (max-width: 720px) 100vw, 720px\" \/><\/figure><\/div>\n\n\n\n<p>Tal como sucedi\u00f3 en otras localidades de la Regi\u00f3n Sanitaria X del Ministerio de Salud Bonaerense, los lugares que funcionar\u00e1n como vacunatorios &#8211; en su mayor\u00eda las escuelas m\u00e1s grandes de cada ciudad &#8211; se est\u00e1n acondicionando para convocar en primera instancia al personal de seguridad, docentes, mayores de 60 a\u00f1os y personas con factores de riesgo que tengan entre 18 y 60 a\u00f1os y que hayan realizado la inscripci\u00f3n digital en el sitio web de la provincia. <\/p>\n\n\n\n<p>Esta nueva etapa de vacunaci\u00f3n comenzar\u00e1 cuando el Centro de Vacunaci\u00f3n est\u00e9 acondicionado y se distribuyan las d\u00f3sis entre los distritos de la Regi\u00f3n X. <\/p>\n\n\n\n<div class=\"wp-block-image\"><figure class=\"aligncenter size-large\"><img loading=\"lazy\" decoding=\"async\" width=\"690\" height=\"736\" data-attachment-id=\"124139\" data-permalink=\"https:\/\/www.hoymercedes.com.ar\/principal\/2021\/01\/31\/entregan-material-e-instrumentos-para-los-centros-de-vacunacion-contra-el-covid\/31-nacional-vacunas2\/#main\" data-orig-file=\"https:\/\/www.hoymercedes.com.ar\/principal\/wp-content\/uploads\/2021\/01\/31-nacional-vacunas2.jpg\" data-orig-size=\"690,736\" data-comments-opened=\"0\" data-image-meta=\"{&quot;aperture&quot;:&quot;0&quot;,&quot;credit&quot;:&quot;&quot;,&quot;camera&quot;:&quot;&quot;,&quot;caption&quot;:&quot;&quot;,&quot;created_timestamp&quot;:&quot;1612129452&quot;,&quot;copyright&quot;:&quot;&quot;,&quot;focal_length&quot;:&quot;0&quot;,&quot;iso&quot;:&quot;0&quot;,&quot;shutter_speed&quot;:&quot;0&quot;,&quot;title&quot;:&quot;&quot;,&quot;orientation&quot;:&quot;1&quot;}\" data-image-title=\"31 nacional vacunas2\" data-image-description=\"\" data-image-caption=\"\" data-large-file=\"https:\/\/www.hoymercedes.com.ar\/principal\/wp-content\/uploads\/2021\/01\/31-nacional-vacunas2.jpg\" src=\"https:\/\/www.hoymercedes.com.ar\/principal\/wp-content\/uploads\/2021\/01\/31-nacional-vacunas2.jpg\" alt=\"\" class=\"wp-image-124139\" srcset=\"https:\/\/www.hoymercedes.com.ar\/principal\/wp-content\/uploads\/2021\/01\/31-nacional-vacunas2.jpg 690w, https:\/\/www.hoymercedes.com.ar\/principal\/wp-content\/uploads\/2021\/01\/31-nacional-vacunas2-581x620.jpg 581w, https:\/\/www.hoymercedes.com.ar\/principal\/wp-content\/uploads\/2021\/01\/31-nacional-vacunas2-141x150.jpg 141w\" sizes=\"auto, (max-width: 690px) 100vw, 690px\" \/><\/figure><\/div>\n","protected":false},"excerpt":{"rendered":"<p>Este fin de semana, las instalaciones del Colegio Nacional recibi\u00f3 de parte del gobierno provincial los insumos necesarios para acondicionar &#8230; <a title=\"Entregan material e instrumentos para los centros de vacunaci\u00f3n contra el covid\" class=\"read-more\" href=\"https:\/\/www.hoymercedes.com.ar\/principal\/2021\/01\/31\/entregan-material-e-instrumentos-para-los-centros-de-vacunacion-contra-el-covid\/\" aria-label=\"Leer m\u00e1s sobre Entregan material e instrumentos para los centros de vacunaci\u00f3n contra el covid\">Leer m\u00e1s<\/a><\/p>\n","protected":false},"author":1,"featured_media":124140,"comment_status":"closed","ping_status":"open","sticky":false,"template":"","format":"standard","meta":{"_monsterinsights_skip_tracking":false,"_monsterinsights_sitenote_active":false,"_monsterinsights_sitenote_note":"","_monsterinsights_sitenote_category":0,"jetpack_post_was_ever_published":false,"_jetpack_newsletter_access":"","_jetpack_dont_email_post_to_subs":false,"_jetpack_newsletter_tier_id":0,"_jetpack_memberships_contains_paywalled_content":false,"_jetpack_memberships_contains_paid_content":false,"footnotes":"","jetpack_publicize_message":"","jetpack_publicize_feature_enabled":true,"jetpack_social_post_already_shared":true,"jetpack_social_options":{"image_generator_settings":{"template":"highway","default_image_id":0,"font":"","enabled":false},"version":2},"_wpas_customize_per_network":false},"categories":[9791],"tags":[],"class_list":["post-124138","post","type-post","status-publish","format-standard","has-post-thumbnail","hentry","category-salud","generate-columns","tablet-grid-50","mobile-grid-100","grid-parent","grid-50"],"jetpack_publicize_connections":[],"jetpack_featured_media_url":"https:\/\/www.hoymercedes.com.ar\/principal\/wp-content\/uploads\/2021\/01\/31-nacional-vacunas.jpg","wps_subtitle":"","jetpack_sharing_enabled":true,"_links":{"self":[{"href":"https:\/\/www.hoymercedes.com.ar\/principal\/wp-json\/wp\/v2\/posts\/124138","targetHints":{"allow":["GET"]}}],"collection":[{"href":"https:\/\/www.hoymercedes.com.ar\/principal\/wp-json\/wp\/v2\/posts"}],"about":[{"href":"https:\/\/www.hoymercedes.com.ar\/principal\/wp-json\/wp\/v2\/types\/post"}],"author":[{"embeddable":true,"href":"https:\/\/www.hoymercedes.com.ar\/principal\/wp-json\/wp\/v2\/users\/1"}],"replies":[{"embeddable":true,"href":"https:\/\/www.hoymercedes.com.ar\/principal\/wp-json\/wp\/v2\/comments?post=124138"}],"version-history":[{"count":0,"href":"https:\/\/www.hoymercedes.com.ar\/principal\/wp-json\/wp\/v2\/posts\/124138\/revisions"}],"wp:featuredmedia":[{"embeddable":true,"href":"https:\/\/www.hoymercedes.com.ar\/principal\/wp-json\/wp\/v2\/media\/124140"}],"wp:attachment":[{"href":"https:\/\/www.hoymercedes.com.ar\/principal\/wp-json\/wp\/v2\/media?parent=124138"}],"wp:term":[{"taxonomy":"category","embeddable":true,"href":"https:\/\/www.hoymercedes.com.ar\/principal\/wp-json\/wp\/v2\/categories?post=124138"},{"taxonomy":"post_tag","embeddable":true,"href":"https:\/\/www.hoymercedes.com.ar\/principal\/wp-json\/wp\/v2\/tags?post=124138"}],"curies":[{"name":"wp","href":"https:\/\/api.w.org\/{rel}","templated":true}]}}