{"id":12416,"date":"2012-04-23T16:41:10","date_gmt":"2012-04-23T16:41:10","guid":{"rendered":"http:\/\/www.hoymercedes.com.ar\/principal\/?p=12416"},"modified":"2012-04-23T16:41:10","modified_gmt":"2012-04-23T16:41:10","slug":"puentes-peatonales-sobre-ruta-5-hablo-el-intendente-selva","status":"publish","type":"post","link":"https:\/\/www.hoymercedes.com.ar\/principal\/2012\/04\/23\/puentes-peatonales-sobre-ruta-5-hablo-el-intendente-selva\/","title":{"rendered":"Puentes peatonales sobre Ruta 5: Hablo el Intendente Selva"},"content":{"rendered":"<p><a href=\"https:\/\/www.hoymercedes.com.ar\/principal\/wp-content\/uploads\/2012\/04\/PuentePeatonalRutaN5.jpg\"><img loading=\"lazy\" decoding=\"async\" data-attachment-id=\"12418\" data-permalink=\"https:\/\/www.hoymercedes.com.ar\/principal\/2012\/04\/23\/puentes-peatonales-sobre-ruta-5-hablo-el-intendente-selva\/puentepeatonalrutan5\/#main\" data-orig-file=\"https:\/\/www.hoymercedes.com.ar\/principal\/wp-content\/uploads\/2012\/04\/PuentePeatonalRutaN5.jpg\" data-orig-size=\"612,459\" data-comments-opened=\"1\" data-image-meta=\"{&quot;aperture&quot;:&quot;6.2&quot;,&quot;credit&quot;:&quot;&quot;,&quot;camera&quot;:&quot;KODAK EASYSHARE Z915 DIGITAL CAMERA&quot;,&quot;caption&quot;:&quot;&quot;,&quot;created_timestamp&quot;:&quot;1231498314&quot;,&quot;copyright&quot;:&quot;&quot;,&quot;focal_length&quot;:&quot;6.2&quot;,&quot;iso&quot;:&quot;64&quot;,&quot;shutter_speed&quot;:&quot;0.002&quot;,&quot;title&quot;:&quot;&quot;}\" data-image-title=\"PuentePeatonalRutaN5\" data-image-description=\"\" data-image-caption=\"\" data-large-file=\"https:\/\/www.hoymercedes.com.ar\/principal\/wp-content\/uploads\/2012\/04\/PuentePeatonalRutaN5.jpg\" class=\"aligncenter size-full wp-image-12418\" title=\"PuentePeatonalRutaN5\" src=\"https:\/\/www.hoymercedes.com.ar\/principal\/wp-content\/uploads\/2012\/04\/PuentePeatonalRutaN5.jpg\" alt=\"\" width=\"612\" height=\"459\" \/><\/a><\/p>\n<p>Adelant\u00e1bamos el inicio de tareas sobre el ingreso a nuestra ciudad, por Ruta Nacional N\u00b0 5, y la construcci\u00f3n del puente peatonal. El Intendente Municipal Carlos Selva, finalmente hablo para los medios de prensa diciendo: \u201c realmente me siento muy contento porque estamos viendo como se levanta una de las dos pasarelas que oportunamente hab\u00edamos solicitado, la segunda es de la calle 11 donde ya han comenzado con la colocaci\u00f3n de la bases y los pilares\u201d.<\/p>\n<p>\u201cLa que va a construir en la calle 11 creo que ser\u00e1 la pasarela m\u00e1s importante que vaya a existir a lo largo de todo el trayecto Luj\u00e1n-Mercedes ya que va de colectora a colectora, ser\u00e1 un puente realmente muy importante\u201d.<\/p>\n<p>\u201cTodo esto estaba enmarcado en el pedido que oportunamente hicimos cuando pedimos la iluminaci\u00f3n del distribuidor de las Rutas 5 y 14, ello fue aceptado, se llam\u00f3 a licitaci\u00f3n, la obra se adjudico y ahora estamos en los \u00faltimos pasos previos al comienzo efectivo de as tareas, as\u00ed que realmente pese a todos los contratiempos que la autopista nos trajo estamos muy contentos\u201d.<\/p>\n<p><a href=\"https:\/\/www.hoymercedes.com.ar\/principal\/wp-content\/uploads\/2012\/04\/PuentePeatonalRutaN5-II.jpg\"><img loading=\"lazy\" decoding=\"async\" data-attachment-id=\"12420\" data-permalink=\"https:\/\/www.hoymercedes.com.ar\/principal\/2012\/04\/23\/puentes-peatonales-sobre-ruta-5-hablo-el-intendente-selva\/puentepeatonalrutan5-ii\/#main\" data-orig-file=\"https:\/\/www.hoymercedes.com.ar\/principal\/wp-content\/uploads\/2012\/04\/PuentePeatonalRutaN5-II.jpg\" data-orig-size=\"612,459\" data-comments-opened=\"1\" data-image-meta=\"{&quot;aperture&quot;:&quot;3.5&quot;,&quot;credit&quot;:&quot;&quot;,&quot;camera&quot;:&quot;KODAK EASYSHARE Z915 DIGITAL CAMERA&quot;,&quot;caption&quot;:&quot;&quot;,&quot;created_timestamp&quot;:&quot;1231498199&quot;,&quot;copyright&quot;:&quot;&quot;,&quot;focal_length&quot;:&quot;6.2&quot;,&quot;iso&quot;:&quot;64&quot;,&quot;shutter_speed&quot;:&quot;0.00125&quot;,&quot;title&quot;:&quot;&quot;}\" data-image-title=\"PuentePeatonalRutaN5-II\" data-image-description=\"\" data-image-caption=\"\" data-large-file=\"https:\/\/www.hoymercedes.com.ar\/principal\/wp-content\/uploads\/2012\/04\/PuentePeatonalRutaN5-II.jpg\" class=\"aligncenter size-full wp-image-12420\" title=\"PuentePeatonalRutaN5-II\" src=\"https:\/\/www.hoymercedes.com.ar\/principal\/wp-content\/uploads\/2012\/04\/PuentePeatonalRutaN5-II.jpg\" alt=\"\" width=\"612\" height=\"459\" srcset=\"https:\/\/www.hoymercedes.com.ar\/principal\/wp-content\/uploads\/2012\/04\/PuentePeatonalRutaN5-II.jpg 612w, https:\/\/www.hoymercedes.com.ar\/principal\/wp-content\/uploads\/2012\/04\/PuentePeatonalRutaN5-II-300x225.jpg 300w\" sizes=\"auto, (max-width: 612px) 100vw, 612px\" \/><\/a><\/p>\n<p>\u201cQuiz\u00e1s muchos no se den cuenta de la importancia que tiene el puente que se esta haciendo en el sector donde se encuentra la concesionaria Toyota, no solo por la gente que vive en el lugar sino que adem\u00e1s nosotros tenemos tambi\u00e9n en dicha zona la principales confiter\u00eda y adem\u00e1s debemos ser sinceros, la gente del Barrio Sn Jorge no tenia absolutamente ninguna posibilidad de cruzar de un sector a l otro si no era v\u00eda a\u00e9rea con este puente y lo mimo ocurr\u00eda con la gente de las confiter\u00edas como ya lo menciones tanto a la hora de ingreso como de egreso de las mismas\u201d.<\/p>\n<p>\u201cDe a poco seguimos avanzando en esa serie de puntos espec\u00edficos que en su oportunidad le hab\u00edamos solicitado al OCOVI entendiendo que faltaban acciones que garantizaran la seguridad f\u00edsica de quienes transitan por la autopista, en este caso directamente por la rotonda, as\u00ed que ya en pocos d\u00edas m\u00e1s tendremos las dos pasarelas listas\u201d.<\/p>\n<p><span style=\"color: #888888;\">Fuente: Municipio<\/span><\/p>\n","protected":false},"excerpt":{"rendered":"<p>Adelant\u00e1bamos el inicio de tareas sobre el ingreso a nuestra ciudad, por Ruta Nacional N\u00b0 5, y la construcci\u00f3n del &#8230; <a title=\"Puentes peatonales sobre Ruta 5: Hablo el Intendente Selva\" class=\"read-more\" href=\"https:\/\/www.hoymercedes.com.ar\/principal\/2012\/04\/23\/puentes-peatonales-sobre-ruta-5-hablo-el-intendente-selva\/\" aria-label=\"Leer m\u00e1s sobre Puentes peatonales sobre Ruta 5: Hablo el Intendente Selva\">Leer m\u00e1s<\/a><\/p>\n","protected":false},"author":1,"featured_media":0,"comment_status":"open","ping_status":"open","sticky":false,"template":"","format":"standard","meta":{"_monsterinsights_skip_tracking":false,"_monsterinsights_sitenote_active":false,"_monsterinsights_sitenote_note":"","_monsterinsights_sitenote_category":0,"jetpack_post_was_ever_published":false,"_jetpack_newsletter_access":"","_jetpack_dont_email_post_to_subs":false,"_jetpack_newsletter_tier_id":0,"_jetpack_memberships_contains_paywalled_content":false,"_jetpack_memberships_contains_paid_content":false,"footnotes":"","jetpack_publicize_message":"","jetpack_publicize_feature_enabled":true,"jetpack_social_post_already_shared":false,"jetpack_social_options":{"image_generator_settings":{"template":"highway","default_image_id":0,"font":"","enabled":false},"version":2},"_wpas_customize_per_network":false},"categories":[5],"tags":[39,197,2097,18],"class_list":["post-12416","post","type-post","status-publish","format-standard","hentry","category-politica","tag-carlos-selva","tag-municipalidad-de-mercedes","tag-puente-peatonal-ruta-5","tag-selva","generate-columns","tablet-grid-50","mobile-grid-100","grid-parent","grid-50"],"jetpack_publicize_connections":[],"jetpack_featured_media_url":"","wps_subtitle":"","jetpack_sharing_enabled":true,"_links":{"self":[{"href":"https:\/\/www.hoymercedes.com.ar\/principal\/wp-json\/wp\/v2\/posts\/12416","targetHints":{"allow":["GET"]}}],"collection":[{"href":"https:\/\/www.hoymercedes.com.ar\/principal\/wp-json\/wp\/v2\/posts"}],"about":[{"href":"https:\/\/www.hoymercedes.com.ar\/principal\/wp-json\/wp\/v2\/types\/post"}],"author":[{"embeddable":true,"href":"https:\/\/www.hoymercedes.com.ar\/principal\/wp-json\/wp\/v2\/users\/1"}],"replies":[{"embeddable":true,"href":"https:\/\/www.hoymercedes.com.ar\/principal\/wp-json\/wp\/v2\/comments?post=12416"}],"version-history":[{"count":0,"href":"https:\/\/www.hoymercedes.com.ar\/principal\/wp-json\/wp\/v2\/posts\/12416\/revisions"}],"wp:attachment":[{"href":"https:\/\/www.hoymercedes.com.ar\/principal\/wp-json\/wp\/v2\/media?parent=12416"}],"wp:term":[{"taxonomy":"category","embeddable":true,"href":"https:\/\/www.hoymercedes.com.ar\/principal\/wp-json\/wp\/v2\/categories?post=12416"},{"taxonomy":"post_tag","embeddable":true,"href":"https:\/\/www.hoymercedes.com.ar\/principal\/wp-json\/wp\/v2\/tags?post=12416"}],"curies":[{"name":"wp","href":"https:\/\/api.w.org\/{rel}","templated":true}]}}