{"id":124187,"date":"2021-02-01T15:21:13","date_gmt":"2021-02-01T18:21:13","guid":{"rendered":"http:\/\/www.hoymercedes.com.ar\/principal\/?p=124187"},"modified":"2021-02-01T15:21:22","modified_gmt":"2021-02-01T18:21:22","slug":"sindicato-de-municipales-en-vias-de-convocar-a-elecciones","status":"publish","type":"post","link":"https:\/\/www.hoymercedes.com.ar\/principal\/2021\/02\/01\/sindicato-de-municipales-en-vias-de-convocar-a-elecciones\/","title":{"rendered":"Sindicato de Municipales en v\u00edas de convocar a elecciones"},"content":{"rendered":"\n<p>La delegada Evangelina Artaza\u00a0anunci\u00f3 que \u201ctenemos un sindicato econ\u00f3micamente saneado\u201d y buscar\u00e1 llamar a elecciones despu\u00e9s de dos a\u00f1os de intervenci\u00f3n.\u00a0Brind\u00f3\u00a0detalles del proceso que se llev\u00f3\u00a0a cabo durante este tiempo y algunos proyectos futuros.\u00a0Adem\u00e1s adelant\u00f3 que buscar\u00e1 candidatearse para la Secretar\u00eda General del STMM. <\/p>\n\n\n\n<p><\/p>\n\n\n\n<p>El pasado jueves en horas de la ma\u00f1ana, desde el Sindicato de Trabajadores Municipales de Mercedes se convoc\u00f3 a una conferencia de prensa a fin de dar a conocer las distintas gestiones que se vienen realizando desde el sector.&nbsp;&nbsp;<\/p>\n\n\n\n<p>Lo m\u00e1s destacado de dicha conferencia pas\u00f3 por la recuperaci\u00f3n de la parte gremial con la conformaci\u00f3n de un cuerpo de delegados y la posibilidad de volver a llamar a elecciones, atado al momento a la mejora de la situaci\u00f3n epidemiol\u00f3gica que rige en el pa\u00eds. Al respecto de esto, Evangelina Artaza, quien anunci\u00f3 sus intenciones de ser Secretaria General&nbsp;y&nbsp;sostuvo ante los medios que \u201cnosotros hoy tenemos un sindicato econ\u00f3micamente saneado. Hac\u00eda m\u00e1s de 20 a\u00f1os que no hab\u00eda cuerpo de delegados y la importancia de todos los sindicatos es el cuerpo de delegados que es la columna vertebral\u201d.&nbsp;&nbsp;<\/p>\n\n\n\n<p>En tanto, con respecto a la posibilidad de elegir un Secretario General manifest\u00f3 que \u201cel Ministerio de Trabajo prohibi\u00f3 hasta el 28 de febrero las elecciones por el tema de la pandemia. Despu\u00e9s de esa fecha, si no hay una nueva pr\u00f3rroga,&nbsp;estamos en condiciones de hacer la convocatoria\u201d.&nbsp;&nbsp;<\/p>\n\n\n\n<p>\u201cUna vez hecha la convocatoria, despu\u00e9s tenemos que respetar el tiempo que nos da el Ministerio, 90 d\u00edas h\u00e1biles desde la convocatoria, primero la convocatoria a la junta y estar\u00edamos en condiciones de hacer elecciones reci\u00e9n en agosto si no hay una nueva prorroga con todos los procesos\u201d agreg\u00f3. Recordamos que el Sindicato de Trabajadores Municipales fue intervenido hace&nbsp;m\u00e1s de&nbsp;dos&nbsp;a\u00f1os y, despu\u00e9s de \u201cnormalizar\u201d su situaci\u00f3n, volver\u00e1 a buscar&nbsp;contar nuevamente con un Secretario General. Ante la situaci\u00f3n de la intervenci\u00f3n, Artaza aclar\u00f3 que \u201cen este tiempo hemos logrado lo que no se logr\u00f3 en a\u00f1os anteriores. Mucha gente que tal&nbsp;vez nunca hab\u00eda tenido contacto con el&nbsp;sindicato vino a afiliarse. Cuando pas\u00f3&nbsp;todo el tema de la intervenci\u00f3n nos hab\u00edan quedado un poco m\u00e1s de 200 afiliados y hoy tenemos 430. Eso quiere decir que estamos trabajando por el camino correcto\u201d.&nbsp;<\/p>\n\n\n\n<p>Adem\u00e1s, hizo un recorrido de lo realizado desde el propio Sindicato a favor de los trabajadores durante estos a\u00f1os, al igual que un an\u00e1lisis de la divisi\u00f3n que se gener\u00f3 en este tiempo con otras facciones dentro del propio gremio.&nbsp;\u201cTodos sabemos que los municipales venimos desde hace 20 a\u00f1os con sueldos muy bajos, porque ve\u00edamos la situaci\u00f3n que estaban pasando econ\u00f3micamente a nivel pa\u00eds, porque por m\u00e1s que la inflaci\u00f3n de 36,1%, en el bolsillo uno la siente de otra manera, pero ese 36,1 fue un aumento considerable al b\u00e1sico, que no pasaba. Tuvimos durante 12 a\u00f1os recibiendo 10 o 12% y as\u00ed nuestro sueldo se fue estancando, entonces ahora, desde que est\u00e1 la intervenci\u00f3n, se consigui\u00f3 el 40% y en dos paritarias, casi el 100% de aumento al b\u00e1sico \u00bfQu\u00e9 falta? Much\u00edsimo y no lo discutimos, pero se trat\u00f3&nbsp; el tema del complemento como una ayuda al trabajador porque no hab\u00eda&nbsp;bono de fin de a\u00f1o\u201d sostuvo&nbsp;Artaza.&nbsp;<\/p>\n\n\n\n<p>En cuanto a la divisi\u00f3n con otros sectores del propio sindicato, la delgada manifest\u00f3 que \u201ctenemos dos compa\u00f1eros que decidieron abrirse de los que es el cuerpo de delegados. Nosotros respetamos todas las posiciones pero decidieron a citar por su cuenta yendo al ministerio de Trabajo cuando el delegado no tiene potestad para ciertas acciones. Una persona no puede ir y mentirle a los compa\u00f1eros que est\u00e1 haciendo algo m\u00e1s que lo que hace el sindicato\u201d.&nbsp;<\/p>\n\n\n\n<p>\u201cCreo&nbsp; que la no escucha fue lo que hizo que estas personas se alejaran. Ac\u00e1 nosotros tenemos nuestras reuniones con el cuerpo de delegados, discutimos, pero de la puerta para fuera somos un grupo de trabajo y todas las cosas se deciden por mayor\u00eda, no lo decide Evangelina Artaza, lo decidimos todos con el cuerpo de delegados junto con Carlos Rodr\u00edguez que es el delegado normalizador\u201d agreg\u00f3 Artaza.&nbsp;&nbsp;<\/p>\n\n\n\n<p>Por \u00faltimo y de cara a las acciones futuras, la delegada hizo hincapi\u00e9 en dos situaciones puntuales como los son el personal de SAME, la cual \u201ces un \u00e1rea nueva y hay cosas que no est\u00e1n incorporadas en el Convenio Colectivo de Trabajo. Es un tema medio mixto con el 107. El personal es municipal y monotributistas y eso termina siendo un problema. Son trabajadores y compa\u00f1eros, pero al ser monotributistas no tenemos&nbsp; injerencia\u201d. Luego agreg\u00f3 que se le planteo la situaci\u00f3n a Mart\u00edn Avalle (Coordinador del \u00e1rea) para ver \u201csi podemos tratar de solucionarlo\u201d. Tambi\u00e9n se solicit\u00f3 una reuni\u00f3n&nbsp; con N\u00e9stor&nbsp;Pisapia&nbsp;(secretario de Salud municipal), Pablo Cassiani (Director del Hospital Blas L.&nbsp;Dubarry) y el intendente Juan Ustarroz, \u201clo m\u00e1s pronto posible para ver si podemos terminar con una cuesti\u00f3n que nos parece m\u00e1s que importante en el tema del SAME y de la organizaci\u00f3n\u201d.&nbsp;<\/p>\n\n\n\n<p>El otro punto esta relacionado con el centro de monitoreo en la Secretar\u00eda de Seguridad, relacionado con la jornada laboral. Al respecto sostuvo que \u201cbuscamos aumentar la jornada laboral. Hay compa\u00f1eros que no tienen en claro c\u00f3mo deber\u00edan cobrar, cu\u00e1les son los beneficios, si se van a poder aguantar el tema de las 8 horas, por lo que solicitamos una reuni\u00f3n con el sub secretario Gonzalo Anselmo para que quede todo en claro y sepan si conviene hacer o no esta modificaci\u00f3n\u201d.\u00a0<\/p>\n\n\n\n<p>Colaboraci\u00f3n: Mariano Oyarz\u00fa<\/p>\n","protected":false},"excerpt":{"rendered":"<p>La delegada Evangelina Artaza\u00a0anunci\u00f3 que \u201ctenemos un sindicato econ\u00f3micamente saneado\u201d y buscar\u00e1 llamar a elecciones despu\u00e9s de dos a\u00f1os de &#8230; <a title=\"Sindicato de Municipales en v\u00edas de convocar a elecciones\" class=\"read-more\" href=\"https:\/\/www.hoymercedes.com.ar\/principal\/2021\/02\/01\/sindicato-de-municipales-en-vias-de-convocar-a-elecciones\/\" aria-label=\"Leer m\u00e1s sobre Sindicato de Municipales en v\u00edas de convocar a elecciones\">Leer m\u00e1s<\/a><\/p>\n","protected":false},"author":1,"featured_media":124190,"comment_status":"closed","ping_status":"open","sticky":false,"template":"","format":"standard","meta":{"_monsterinsights_skip_tracking":false,"_monsterinsights_sitenote_active":false,"_monsterinsights_sitenote_note":"","_monsterinsights_sitenote_category":0,"jetpack_post_was_ever_published":false,"_jetpack_newsletter_access":"","_jetpack_dont_email_post_to_subs":false,"_jetpack_newsletter_tier_id":0,"_jetpack_memberships_contains_paywalled_content":false,"_jetpack_memberships_contains_paid_content":false,"footnotes":"","jetpack_publicize_message":"","jetpack_publicize_feature_enabled":true,"jetpack_social_post_already_shared":true,"jetpack_social_options":{"image_generator_settings":{"template":"highway","default_image_id":0,"font":"","enabled":false},"version":2},"_wpas_customize_per_network":false},"categories":[10563],"tags":[],"class_list":["post-124187","post","type-post","status-publish","format-standard","has-post-thumbnail","hentry","category-gremios-sindicatos","generate-columns","tablet-grid-50","mobile-grid-100","grid-parent","grid-50"],"jetpack_publicize_connections":[],"jetpack_featured_media_url":"https:\/\/www.hoymercedes.com.ar\/principal\/wp-content\/uploads\/2021\/02\/IMG_20210128_103832109.jpg","wps_subtitle":"","jetpack_sharing_enabled":true,"_links":{"self":[{"href":"https:\/\/www.hoymercedes.com.ar\/principal\/wp-json\/wp\/v2\/posts\/124187","targetHints":{"allow":["GET"]}}],"collection":[{"href":"https:\/\/www.hoymercedes.com.ar\/principal\/wp-json\/wp\/v2\/posts"}],"about":[{"href":"https:\/\/www.hoymercedes.com.ar\/principal\/wp-json\/wp\/v2\/types\/post"}],"author":[{"embeddable":true,"href":"https:\/\/www.hoymercedes.com.ar\/principal\/wp-json\/wp\/v2\/users\/1"}],"replies":[{"embeddable":true,"href":"https:\/\/www.hoymercedes.com.ar\/principal\/wp-json\/wp\/v2\/comments?post=124187"}],"version-history":[{"count":0,"href":"https:\/\/www.hoymercedes.com.ar\/principal\/wp-json\/wp\/v2\/posts\/124187\/revisions"}],"wp:featuredmedia":[{"embeddable":true,"href":"https:\/\/www.hoymercedes.com.ar\/principal\/wp-json\/wp\/v2\/media\/124190"}],"wp:attachment":[{"href":"https:\/\/www.hoymercedes.com.ar\/principal\/wp-json\/wp\/v2\/media?parent=124187"}],"wp:term":[{"taxonomy":"category","embeddable":true,"href":"https:\/\/www.hoymercedes.com.ar\/principal\/wp-json\/wp\/v2\/categories?post=124187"},{"taxonomy":"post_tag","embeddable":true,"href":"https:\/\/www.hoymercedes.com.ar\/principal\/wp-json\/wp\/v2\/tags?post=124187"}],"curies":[{"name":"wp","href":"https:\/\/api.w.org\/{rel}","templated":true}]}}