{"id":124192,"date":"2021-02-01T15:40:12","date_gmt":"2021-02-01T18:40:12","guid":{"rendered":"http:\/\/www.hoymercedes.com.ar\/principal\/?p=124192"},"modified":"2021-02-01T16:32:01","modified_gmt":"2021-02-01T19:32:01","slug":"marcha-en-el-juzgado-de-familia-por-una-causa-que-denuncia-el-abuso-de-un-padre-a-su-hijo","status":"publish","type":"post","link":"https:\/\/www.hoymercedes.com.ar\/principal\/2021\/02\/01\/marcha-en-el-juzgado-de-familia-por-una-causa-que-denuncia-el-abuso-de-un-padre-a-su-hijo\/","title":{"rendered":"Marcha en el Juzgado de Familia por una causa que denuncia el abuso de un padre a su hijo"},"content":{"rendered":"\n<p>Un grupo de vecinos se dio cita en las instalaciones de los Juzgados de Familia para reclamar ante las autoridades del Juzgado N\u00b0 2 sobre una causa que denuncia el abuso de un padre a su hijo. La abuela del peque\u00f1o en una entrevista televisiva clama justicia por su nieto abusado. Hace un a\u00f1o, que la familia pide que avance las acciones judiciales porque el ni\u00f1o no quiere ir con su padre. Una pericia de parte de la familia habr\u00eda confirmado el abuso al menor de 4 a\u00f1os. (Ver Video, gentileza de Marcelo Far\u00edas)<\/p>\n\n\n\n<figure class=\"wp-block-embed is-type-video is-provider-youtube wp-block-embed-youtube wp-embed-aspect-16-9 wp-has-aspect-ratio\"><div class=\"wp-block-embed__wrapper\">\n<span class=\"embed-youtube\" style=\"text-align:center; display: block;\"><iframe loading=\"lazy\" class=\"youtube-player\" width=\"1200\" height=\"675\" src=\"https:\/\/www.youtube.com\/embed\/DdqvNCmOpxo?version=3&#038;rel=1&#038;showsearch=0&#038;showinfo=1&#038;iv_load_policy=1&#038;fs=1&#038;hl=es-ES&#038;autohide=2&#038;wmode=transparent\" allowfullscreen=\"true\" style=\"border:0;\" sandbox=\"allow-scripts allow-same-origin allow-popups allow-presentation allow-popups-to-escape-sandbox\"><\/iframe><\/span>\n<\/div><figcaption>Colaboraci\u00f3n: Marcelo Far\u00edas<\/figcaption><\/figure>\n","protected":false},"excerpt":{"rendered":"<p>Un grupo de vecinos se dio cita en las instalaciones de los Juzgados de Familia para reclamar ante las autoridades &#8230; <a title=\"Marcha en el Juzgado de Familia por una causa que denuncia el abuso de un padre a su hijo\" class=\"read-more\" href=\"https:\/\/www.hoymercedes.com.ar\/principal\/2021\/02\/01\/marcha-en-el-juzgado-de-familia-por-una-causa-que-denuncia-el-abuso-de-un-padre-a-su-hijo\/\" aria-label=\"Leer m\u00e1s sobre Marcha en el Juzgado de Familia por una causa que denuncia el abuso de un padre a su hijo\">Leer m\u00e1s<\/a><\/p>\n","protected":false},"author":1,"featured_media":124193,"comment_status":"closed","ping_status":"open","sticky":false,"template":"","format":"standard","meta":{"_monsterinsights_skip_tracking":false,"_monsterinsights_sitenote_active":false,"_monsterinsights_sitenote_note":"","_monsterinsights_sitenote_category":0,"jetpack_post_was_ever_published":false,"_jetpack_newsletter_access":"","_jetpack_dont_email_post_to_subs":false,"_jetpack_newsletter_tier_id":0,"_jetpack_memberships_contains_paywalled_content":false,"_jetpack_memberships_contains_paid_content":false,"footnotes":"","jetpack_publicize_message":"","jetpack_publicize_feature_enabled":true,"jetpack_social_post_already_shared":true,"jetpack_social_options":{"image_generator_settings":{"template":"highway","default_image_id":0,"font":"","enabled":false},"version":2},"_wpas_customize_per_network":false},"categories":[8],"tags":[],"class_list":["post-124192","post","type-post","status-publish","format-standard","has-post-thumbnail","hentry","category-sociedad","generate-columns","tablet-grid-50","mobile-grid-100","grid-parent","grid-50"],"jetpack_publicize_connections":[],"jetpack_featured_media_url":"https:\/\/www.hoymercedes.com.ar\/principal\/wp-content\/uploads\/2021\/02\/2021-02-01-3.png","wps_subtitle":"","jetpack_sharing_enabled":true,"_links":{"self":[{"href":"https:\/\/www.hoymercedes.com.ar\/principal\/wp-json\/wp\/v2\/posts\/124192","targetHints":{"allow":["GET"]}}],"collection":[{"href":"https:\/\/www.hoymercedes.com.ar\/principal\/wp-json\/wp\/v2\/posts"}],"about":[{"href":"https:\/\/www.hoymercedes.com.ar\/principal\/wp-json\/wp\/v2\/types\/post"}],"author":[{"embeddable":true,"href":"https:\/\/www.hoymercedes.com.ar\/principal\/wp-json\/wp\/v2\/users\/1"}],"replies":[{"embeddable":true,"href":"https:\/\/www.hoymercedes.com.ar\/principal\/wp-json\/wp\/v2\/comments?post=124192"}],"version-history":[{"count":0,"href":"https:\/\/www.hoymercedes.com.ar\/principal\/wp-json\/wp\/v2\/posts\/124192\/revisions"}],"wp:featuredmedia":[{"embeddable":true,"href":"https:\/\/www.hoymercedes.com.ar\/principal\/wp-json\/wp\/v2\/media\/124193"}],"wp:attachment":[{"href":"https:\/\/www.hoymercedes.com.ar\/principal\/wp-json\/wp\/v2\/media?parent=124192"}],"wp:term":[{"taxonomy":"category","embeddable":true,"href":"https:\/\/www.hoymercedes.com.ar\/principal\/wp-json\/wp\/v2\/categories?post=124192"},{"taxonomy":"post_tag","embeddable":true,"href":"https:\/\/www.hoymercedes.com.ar\/principal\/wp-json\/wp\/v2\/tags?post=124192"}],"curies":[{"name":"wp","href":"https:\/\/api.w.org\/{rel}","templated":true}]}}