{"id":124198,"date":"2021-02-01T16:14:43","date_gmt":"2021-02-01T19:14:43","guid":{"rendered":"http:\/\/www.hoymercedes.com.ar\/principal\/?p=124198"},"modified":"2021-02-01T16:14:50","modified_gmt":"2021-02-01T19:14:50","slug":"la-direccion-de-ninez-realizo-capacitacion-pedagogica-legal-y-ludica","status":"publish","type":"post","link":"https:\/\/www.hoymercedes.com.ar\/principal\/2021\/02\/01\/la-direccion-de-ninez-realizo-capacitacion-pedagogica-legal-y-ludica\/","title":{"rendered":"La Direcci\u00f3n de Ni\u00f1ez realiz\u00f3 capacitaci\u00f3n pedag\u00f3gica, legal y l\u00fadica"},"content":{"rendered":"\n<p>Se llev\u00f3 a cabo un encuentro capacitaci\u00f3n desde el \u00e1rea de ni\u00f1ez para las gu\u00edas del programa Recreo y referentes barriales. Se tuvieron distintos puntos de trabajo e intervenciones de contenidos.\u00a0\u00a0Entre ellos aspectos legales, l\u00fadicos, pedag\u00f3gicos, institucionales, con el objetivo de mantenerse no s\u00f3lo actualizados desde los saberes sino tambi\u00e9n reforzar las intervenciones de cuidado de la ni\u00f1ez. \u00a0<\/p>\n\n\n\n<div class=\"wp-block-image\"><figure class=\"aligncenter size-large\"><img loading=\"lazy\" decoding=\"async\" width=\"742\" height=\"495\" data-attachment-id=\"124199\" data-permalink=\"https:\/\/www.hoymercedes.com.ar\/principal\/2021\/02\/01\/la-direccion-de-ninez-realizo-capacitacion-pedagogica-legal-y-ludica\/dsc02965\/#main\" data-orig-file=\"https:\/\/www.hoymercedes.com.ar\/principal\/wp-content\/uploads\/2021\/02\/DSC02965.jpg\" data-orig-size=\"742,495\" data-comments-opened=\"0\" data-image-meta=\"{&quot;aperture&quot;:&quot;0&quot;,&quot;credit&quot;:&quot;&quot;,&quot;camera&quot;:&quot;&quot;,&quot;caption&quot;:&quot;&quot;,&quot;created_timestamp&quot;:&quot;1612195050&quot;,&quot;copyright&quot;:&quot;&quot;,&quot;focal_length&quot;:&quot;0&quot;,&quot;iso&quot;:&quot;0&quot;,&quot;shutter_speed&quot;:&quot;0&quot;,&quot;title&quot;:&quot;&quot;,&quot;orientation&quot;:&quot;1&quot;}\" data-image-title=\"DSC02965\" data-image-description=\"\" data-image-caption=\"\" data-large-file=\"https:\/\/www.hoymercedes.com.ar\/principal\/wp-content\/uploads\/2021\/02\/DSC02965.jpg\" src=\"https:\/\/www.hoymercedes.com.ar\/principal\/wp-content\/uploads\/2021\/02\/DSC02965.jpg\" alt=\"\" class=\"wp-image-124199\" srcset=\"https:\/\/www.hoymercedes.com.ar\/principal\/wp-content\/uploads\/2021\/02\/DSC02965.jpg 742w, https:\/\/www.hoymercedes.com.ar\/principal\/wp-content\/uploads\/2021\/02\/DSC02965-630x420.jpg 630w, https:\/\/www.hoymercedes.com.ar\/principal\/wp-content\/uploads\/2021\/02\/DSC02965-150x100.jpg 150w\" sizes=\"auto, (max-width: 742px) 100vw, 742px\" \/><\/figure><\/div>\n\n\n\n<p>La Lic. Gabriela Olivella mencion\u00f3 que \u201cel juego en la ni\u00f1ez es un derecho. En algunas ocasiones se ponen por delante otros derechos, todos sumamente importantes, pero el juego tambi\u00e9n lo es y debemos ponderarlo en el lugar que merece y corresponde\u201d afirm\u00f3 la directora de ni\u00f1ez y adolescencia remarcando que \u201cnos enmarcamos en las convenciones internacionales de y por la ni\u00f1ez\u201d afirm\u00f3. &nbsp;<\/p>\n\n\n\n<p>Mencion\u00f3 que \u201cla capacitaci\u00f3n tuvo varios \u00edtems, desde aspectos legales a pedag\u00f3gicos, tambi\u00e9n cuestiones del juego en s\u00ed, c\u00f3mo crear momentos l\u00fadicos fomentando la recreaci\u00f3n no s\u00f3lo como entretenimiento, sino tambi\u00e9n como salud, sociabilidad, educaci\u00f3n, descubrimientos, es decir, una mirada integral del tiempo que los ni\u00f1os y ni\u00f1as merecen para s\u00ed\u201d afirm\u00f3. &nbsp;<\/p>\n\n\n\n<p>Vale recordar que \u201cEstaci\u00f3n Juego\u201d, por ejemplo, tiene entre sus consignas la cuesti\u00f3n del tiempo y mientras la pandemia lo permiti\u00f3 dio lugar a encuentros con instituciones educativas, familias y muy especialmente ni\u00f1os y ni\u00f1as. &nbsp;<\/p>\n\n\n\n<p>Respecto a la capacitaci\u00f3n, tuvo entre sus asistentes referentes y actores principales en el v\u00ednculo con la ni\u00f1ez y primera infancia, teniendo presente que la Municipalidad tiene una red de Jardines Espacios Primera Infancia, programa como Recreo, Colonias, Casa del Ni\u00f1o e intervenciones en distintos barrios y proyectos socios educativos. \u00a0<\/p>\n\n\n\n<p>Fuente: Prensa Municipal<\/p>\n\n\n\n<div class=\"wp-block-image\"><figure class=\"aligncenter size-large\"><img loading=\"lazy\" decoding=\"async\" width=\"729\" height=\"486\" data-attachment-id=\"124200\" data-permalink=\"https:\/\/www.hoymercedes.com.ar\/principal\/2021\/02\/01\/la-direccion-de-ninez-realizo-capacitacion-pedagogica-legal-y-ludica\/dsc02958\/#main\" data-orig-file=\"https:\/\/www.hoymercedes.com.ar\/principal\/wp-content\/uploads\/2021\/02\/DSC02958.jpg\" data-orig-size=\"729,486\" data-comments-opened=\"0\" data-image-meta=\"{&quot;aperture&quot;:&quot;0&quot;,&quot;credit&quot;:&quot;&quot;,&quot;camera&quot;:&quot;&quot;,&quot;caption&quot;:&quot;&quot;,&quot;created_timestamp&quot;:&quot;1612195058&quot;,&quot;copyright&quot;:&quot;&quot;,&quot;focal_length&quot;:&quot;0&quot;,&quot;iso&quot;:&quot;0&quot;,&quot;shutter_speed&quot;:&quot;0&quot;,&quot;title&quot;:&quot;&quot;,&quot;orientation&quot;:&quot;1&quot;}\" data-image-title=\"DSC02958\" data-image-description=\"\" data-image-caption=\"\" data-large-file=\"https:\/\/www.hoymercedes.com.ar\/principal\/wp-content\/uploads\/2021\/02\/DSC02958.jpg\" src=\"https:\/\/www.hoymercedes.com.ar\/principal\/wp-content\/uploads\/2021\/02\/DSC02958.jpg\" alt=\"\" class=\"wp-image-124200\" srcset=\"https:\/\/www.hoymercedes.com.ar\/principal\/wp-content\/uploads\/2021\/02\/DSC02958.jpg 729w, https:\/\/www.hoymercedes.com.ar\/principal\/wp-content\/uploads\/2021\/02\/DSC02958-630x420.jpg 630w, https:\/\/www.hoymercedes.com.ar\/principal\/wp-content\/uploads\/2021\/02\/DSC02958-150x100.jpg 150w\" sizes=\"auto, (max-width: 729px) 100vw, 729px\" \/><\/figure><\/div>\n","protected":false},"excerpt":{"rendered":"<p>Se llev\u00f3 a cabo un encuentro capacitaci\u00f3n desde el \u00e1rea de ni\u00f1ez para las gu\u00edas del programa Recreo y referentes &#8230; <a title=\"La Direcci\u00f3n de Ni\u00f1ez realiz\u00f3 capacitaci\u00f3n pedag\u00f3gica, legal y l\u00fadica\" class=\"read-more\" href=\"https:\/\/www.hoymercedes.com.ar\/principal\/2021\/02\/01\/la-direccion-de-ninez-realizo-capacitacion-pedagogica-legal-y-ludica\/\" aria-label=\"Leer m\u00e1s sobre La Direcci\u00f3n de Ni\u00f1ez realiz\u00f3 capacitaci\u00f3n pedag\u00f3gica, legal y l\u00fadica\">Leer m\u00e1s<\/a><\/p>\n","protected":false},"author":1,"featured_media":124200,"comment_status":"closed","ping_status":"open","sticky":false,"template":"","format":"standard","meta":{"_monsterinsights_skip_tracking":false,"_monsterinsights_sitenote_active":false,"_monsterinsights_sitenote_note":"","_monsterinsights_sitenote_category":0,"jetpack_post_was_ever_published":false,"_jetpack_newsletter_access":"","_jetpack_dont_email_post_to_subs":false,"_jetpack_newsletter_tier_id":0,"_jetpack_memberships_contains_paywalled_content":false,"_jetpack_memberships_contains_paid_content":false,"footnotes":"","jetpack_publicize_message":"","jetpack_publicize_feature_enabled":true,"jetpack_social_post_already_shared":true,"jetpack_social_options":{"image_generator_settings":{"template":"highway","default_image_id":0,"font":"","enabled":false},"version":2},"_wpas_customize_per_network":false},"categories":[30],"tags":[],"class_list":["post-124198","post","type-post","status-publish","format-standard","has-post-thumbnail","hentry","category-municipio","generate-columns","tablet-grid-50","mobile-grid-100","grid-parent","grid-50"],"jetpack_publicize_connections":[],"jetpack_featured_media_url":"https:\/\/www.hoymercedes.com.ar\/principal\/wp-content\/uploads\/2021\/02\/DSC02958.jpg","wps_subtitle":"","jetpack_sharing_enabled":true,"_links":{"self":[{"href":"https:\/\/www.hoymercedes.com.ar\/principal\/wp-json\/wp\/v2\/posts\/124198","targetHints":{"allow":["GET"]}}],"collection":[{"href":"https:\/\/www.hoymercedes.com.ar\/principal\/wp-json\/wp\/v2\/posts"}],"about":[{"href":"https:\/\/www.hoymercedes.com.ar\/principal\/wp-json\/wp\/v2\/types\/post"}],"author":[{"embeddable":true,"href":"https:\/\/www.hoymercedes.com.ar\/principal\/wp-json\/wp\/v2\/users\/1"}],"replies":[{"embeddable":true,"href":"https:\/\/www.hoymercedes.com.ar\/principal\/wp-json\/wp\/v2\/comments?post=124198"}],"version-history":[{"count":0,"href":"https:\/\/www.hoymercedes.com.ar\/principal\/wp-json\/wp\/v2\/posts\/124198\/revisions"}],"wp:featuredmedia":[{"embeddable":true,"href":"https:\/\/www.hoymercedes.com.ar\/principal\/wp-json\/wp\/v2\/media\/124200"}],"wp:attachment":[{"href":"https:\/\/www.hoymercedes.com.ar\/principal\/wp-json\/wp\/v2\/media?parent=124198"}],"wp:term":[{"taxonomy":"category","embeddable":true,"href":"https:\/\/www.hoymercedes.com.ar\/principal\/wp-json\/wp\/v2\/categories?post=124198"},{"taxonomy":"post_tag","embeddable":true,"href":"https:\/\/www.hoymercedes.com.ar\/principal\/wp-json\/wp\/v2\/tags?post=124198"}],"curies":[{"name":"wp","href":"https:\/\/api.w.org\/{rel}","templated":true}]}}