{"id":124224,"date":"2021-02-02T10:57:00","date_gmt":"2021-02-02T13:57:00","guid":{"rendered":"http:\/\/www.hoymercedes.com.ar\/principal\/?p=124224"},"modified":"2021-02-02T15:06:42","modified_gmt":"2021-02-02T18:06:42","slug":"avanza-la-cancha-de-hockey-de-cesped-sintetico-y-profesional-de-mercedes","status":"publish","type":"post","link":"https:\/\/www.hoymercedes.com.ar\/principal\/2021\/02\/02\/avanza-la-cancha-de-hockey-de-cesped-sintetico-y-profesional-de-mercedes\/","title":{"rendered":"Avanza la cancha de hockey de c\u00e9sped sint\u00e9tico y profesional de Mercedes"},"content":{"rendered":"\n<p>Por Prensa Municipal &#8211; Con el acompa\u00f1amiento de la Direcci\u00f3n de Deportes y el programa \u201cEsfuerzos Compartidos\u201d se est\u00e1 realizando en el complejo deportivo del Club Ateneo de la Juventud la cancha de c\u00e9sped sint\u00e9tico profesional que beneficiar\u00e1 tanto los clubes como a los deportistas mercedinos que practiquen este deporte. \u00a0<\/p>\n\n\n\n<div class=\"wp-block-image\"><figure class=\"aligncenter size-large\"><img loading=\"lazy\" decoding=\"async\" width=\"800\" height=\"450\" data-attachment-id=\"124226\" data-permalink=\"https:\/\/www.hoymercedes.com.ar\/principal\/2021\/02\/02\/avanza-la-cancha-de-hockey-de-cesped-sintetico-y-profesional-de-mercedes\/dji_0004\/#main\" data-orig-file=\"https:\/\/www.hoymercedes.com.ar\/principal\/wp-content\/uploads\/2021\/02\/DJI_0004.jpg\" data-orig-size=\"800,450\" data-comments-opened=\"0\" data-image-meta=\"{&quot;aperture&quot;:&quot;0&quot;,&quot;credit&quot;:&quot;&quot;,&quot;camera&quot;:&quot;&quot;,&quot;caption&quot;:&quot;&quot;,&quot;created_timestamp&quot;:&quot;0&quot;,&quot;copyright&quot;:&quot;&quot;,&quot;focal_length&quot;:&quot;0&quot;,&quot;iso&quot;:&quot;0&quot;,&quot;shutter_speed&quot;:&quot;0&quot;,&quot;title&quot;:&quot;&quot;,&quot;orientation&quot;:&quot;0&quot;}\" data-image-title=\"DJI_0004\" data-image-description=\"\" data-image-caption=\"\" data-large-file=\"https:\/\/www.hoymercedes.com.ar\/principal\/wp-content\/uploads\/2021\/02\/DJI_0004.jpg\" src=\"https:\/\/www.hoymercedes.com.ar\/principal\/wp-content\/uploads\/2021\/02\/DJI_0004.jpg\" alt=\"\" class=\"wp-image-124226\" srcset=\"https:\/\/www.hoymercedes.com.ar\/principal\/wp-content\/uploads\/2021\/02\/DJI_0004.jpg 800w, https:\/\/www.hoymercedes.com.ar\/principal\/wp-content\/uploads\/2021\/02\/DJI_0004-630x354.jpg 630w, https:\/\/www.hoymercedes.com.ar\/principal\/wp-content\/uploads\/2021\/02\/DJI_0004-150x84.jpg 150w\" sizes=\"auto, (max-width: 800px) 100vw, 800px\" \/><\/figure><\/div>\n\n\n\n<p>Desde el Municipio de Mercedes la pandemia no fue un impedimento a la hora de continuar articulando dispositivos en torno al apoyo y aporte a las entidades sociales y deportivas de la ciudad. El reflejo de ello es el s\u00f3lido avance que presenta la cancha profesional de hockey sobre c\u00e9sped sint\u00e9tico, ubicada en el predio de Ateneo, siendo esta la primera de dichas caracter\u00edsticas en la ciudad.Fausto Biagini, integrante de la Sub Comisi\u00f3n de Hockey del Club Ateneo de la Juventud, expres\u00f3 \u201clos laterales est\u00e1n terminados, incluso ya est\u00e1n alambrados, s\u00f3lo restar\u00eda culminar la protecci\u00f3n que se ubica detr\u00e1s de los arcos\u201d e indic\u00f3 \u201cfaltar\u00edan los arcos y los bancos de suplentes para completar la cancha\u201d. &nbsp;<\/p>\n\n\n\n<p>El propio Biagini resalt\u00f3 \u201cla obra va muy bien, gracias al trabajo que realizamos un grupo de padres de las chicas del club, codo a codo con la Municipalidad, que nos brinda un aporte econ\u00f3mico y de personal muy importante\u201d. &nbsp;<\/p>\n\n\n\n<p>En cuanto a novedades que produzcan una mayor comodidad a la hora de la utilizaci\u00f3n de la misma, tambi\u00e9n se inform\u00f3 que hay un proyecto presentado para la mejora del acceso a la cancha y se est\u00e1 trabajando en la mejora lum\u00ednica de la superficie. &nbsp;<\/p>\n\n\n\n<p>Por su parte, el responsable de la Direcci\u00f3n de Deportes, Mart\u00edn Silvestre, sostuvo que \u201cestamos muy contentos con este gran avance. Algo que siempre nos insta el intendente Ustarroz es trabajar por los clubes, en sus infraestructuras, su crecimiento, en aquello que perdure las gestiones y se convierta en beneficio de nuestro pueblo. Agradecemos tambi\u00e9n mucho al gobierno nacional por apoyo que nos da. Son varios los clubes que est\u00e1n en obra\u201d afirm\u00f3 la profesora. \u00a0<\/p>\n\n\n\n<div class=\"wp-block-image\"><figure class=\"aligncenter size-large\"><img loading=\"lazy\" decoding=\"async\" width=\"800\" height=\"450\" data-attachment-id=\"124225\" data-permalink=\"https:\/\/www.hoymercedes.com.ar\/principal\/2021\/02\/02\/avanza-la-cancha-de-hockey-de-cesped-sintetico-y-profesional-de-mercedes\/dsc03438\/#main\" data-orig-file=\"https:\/\/www.hoymercedes.com.ar\/principal\/wp-content\/uploads\/2021\/02\/DSC03438.jpg\" data-orig-size=\"800,450\" data-comments-opened=\"0\" data-image-meta=\"{&quot;aperture&quot;:&quot;0&quot;,&quot;credit&quot;:&quot;&quot;,&quot;camera&quot;:&quot;&quot;,&quot;caption&quot;:&quot;&quot;,&quot;created_timestamp&quot;:&quot;0&quot;,&quot;copyright&quot;:&quot;&quot;,&quot;focal_length&quot;:&quot;0&quot;,&quot;iso&quot;:&quot;0&quot;,&quot;shutter_speed&quot;:&quot;0&quot;,&quot;title&quot;:&quot;&quot;,&quot;orientation&quot;:&quot;0&quot;}\" data-image-title=\"DSC03438\" data-image-description=\"\" data-image-caption=\"\" data-large-file=\"https:\/\/www.hoymercedes.com.ar\/principal\/wp-content\/uploads\/2021\/02\/DSC03438.jpg\" src=\"https:\/\/www.hoymercedes.com.ar\/principal\/wp-content\/uploads\/2021\/02\/DSC03438.jpg\" alt=\"\" class=\"wp-image-124225\" srcset=\"https:\/\/www.hoymercedes.com.ar\/principal\/wp-content\/uploads\/2021\/02\/DSC03438.jpg 800w, https:\/\/www.hoymercedes.com.ar\/principal\/wp-content\/uploads\/2021\/02\/DSC03438-630x354.jpg 630w, https:\/\/www.hoymercedes.com.ar\/principal\/wp-content\/uploads\/2021\/02\/DSC03438-150x84.jpg 150w\" sizes=\"auto, (max-width: 800px) 100vw, 800px\" \/><\/figure><\/div>\n","protected":false},"excerpt":{"rendered":"<p>Por Prensa Municipal &#8211; Con el acompa\u00f1amiento de la Direcci\u00f3n de Deportes y el programa \u201cEsfuerzos Compartidos\u201d se est\u00e1 realizando &#8230; <a title=\"Avanza la cancha de hockey de c\u00e9sped sint\u00e9tico y profesional de Mercedes\" class=\"read-more\" href=\"https:\/\/www.hoymercedes.com.ar\/principal\/2021\/02\/02\/avanza-la-cancha-de-hockey-de-cesped-sintetico-y-profesional-de-mercedes\/\" aria-label=\"Leer m\u00e1s sobre Avanza la cancha de hockey de c\u00e9sped sint\u00e9tico y profesional de Mercedes\">Leer m\u00e1s<\/a><\/p>\n","protected":false},"author":1,"featured_media":124225,"comment_status":"closed","ping_status":"open","sticky":false,"template":"","format":"standard","meta":{"_monsterinsights_skip_tracking":false,"_monsterinsights_sitenote_active":false,"_monsterinsights_sitenote_note":"","_monsterinsights_sitenote_category":0,"jetpack_post_was_ever_published":false,"_jetpack_newsletter_access":"","_jetpack_dont_email_post_to_subs":false,"_jetpack_newsletter_tier_id":0,"_jetpack_memberships_contains_paywalled_content":false,"_jetpack_memberships_contains_paid_content":false,"footnotes":"","jetpack_publicize_message":"","jetpack_publicize_feature_enabled":true,"jetpack_social_post_already_shared":true,"jetpack_social_options":{"image_generator_settings":{"template":"highway","default_image_id":0,"font":"","enabled":false},"version":2},"_wpas_customize_per_network":false},"categories":[21],"tags":[],"class_list":["post-124224","post","type-post","status-publish","format-standard","has-post-thumbnail","hentry","category-deportes","generate-columns","tablet-grid-50","mobile-grid-100","grid-parent","grid-50"],"jetpack_publicize_connections":[],"jetpack_featured_media_url":"https:\/\/www.hoymercedes.com.ar\/principal\/wp-content\/uploads\/2021\/02\/DSC03438.jpg","wps_subtitle":"","jetpack_sharing_enabled":true,"_links":{"self":[{"href":"https:\/\/www.hoymercedes.com.ar\/principal\/wp-json\/wp\/v2\/posts\/124224","targetHints":{"allow":["GET"]}}],"collection":[{"href":"https:\/\/www.hoymercedes.com.ar\/principal\/wp-json\/wp\/v2\/posts"}],"about":[{"href":"https:\/\/www.hoymercedes.com.ar\/principal\/wp-json\/wp\/v2\/types\/post"}],"author":[{"embeddable":true,"href":"https:\/\/www.hoymercedes.com.ar\/principal\/wp-json\/wp\/v2\/users\/1"}],"replies":[{"embeddable":true,"href":"https:\/\/www.hoymercedes.com.ar\/principal\/wp-json\/wp\/v2\/comments?post=124224"}],"version-history":[{"count":0,"href":"https:\/\/www.hoymercedes.com.ar\/principal\/wp-json\/wp\/v2\/posts\/124224\/revisions"}],"wp:featuredmedia":[{"embeddable":true,"href":"https:\/\/www.hoymercedes.com.ar\/principal\/wp-json\/wp\/v2\/media\/124225"}],"wp:attachment":[{"href":"https:\/\/www.hoymercedes.com.ar\/principal\/wp-json\/wp\/v2\/media?parent=124224"}],"wp:term":[{"taxonomy":"category","embeddable":true,"href":"https:\/\/www.hoymercedes.com.ar\/principal\/wp-json\/wp\/v2\/categories?post=124224"},{"taxonomy":"post_tag","embeddable":true,"href":"https:\/\/www.hoymercedes.com.ar\/principal\/wp-json\/wp\/v2\/tags?post=124224"}],"curies":[{"name":"wp","href":"https:\/\/api.w.org\/{rel}","templated":true}]}}