{"id":124258,"date":"2021-02-03T07:23:00","date_gmt":"2021-02-03T10:23:00","guid":{"rendered":"http:\/\/www.hoymercedes.com.ar\/principal\/?p=124258"},"modified":"2021-02-02T23:08:05","modified_gmt":"2021-02-03T02:08:05","slug":"municipio-y-sedronar-abriran-espacio-de-atencion-a-consumos-problematicos-en-gowland-agote","status":"publish","type":"post","link":"https:\/\/www.hoymercedes.com.ar\/principal\/2021\/02\/03\/municipio-y-sedronar-abriran-espacio-de-atencion-a-consumos-problematicos-en-gowland-agote\/","title":{"rendered":"Municipio y SEDRONAR abrir\u00e1n espacio de atenci\u00f3n a consumos problem\u00e1ticos en Gowland-Agote"},"content":{"rendered":"\n<p>Por Prensa Municipal &#8211; El intendente Ustarroz firm\u00f3 convenio con Gabriela Torres,\u00a0Secretar\u00eda de Pol\u00edticas Integrales sobre Drogas de la Naci\u00f3n para crear un nuevo dispositivo de asistencia a las y los vecinos con consumos problem\u00e1ticos. Ser\u00e1 su sede en la localidad de Gowland y Agote en el espacio de la Sociedad de Fomento de la zona. Esta herramienta viene a dar respuesta a una demanda social. Estuvieron presentes referentes de la comunidad, adem\u00e1s de equipos t\u00e9cnicos locales, regionales y nacionales. Estamos \u201cGenerando un dispositivo para una comunidad que viene creciendo y desarroll\u00e1ndose muy bien que es la de Gowland y Agote, con un fuerte trabajo de la Sociedad de Fomento, del Club, de las instituciones de la sociedad civil\u201d sostuvo Ustarroz. \u00a0<\/p>\n\n\n\n<div class=\"wp-block-image\"><figure class=\"aligncenter size-large\"><img loading=\"lazy\" decoding=\"async\" width=\"800\" height=\"450\" data-attachment-id=\"124259\" data-permalink=\"https:\/\/www.hoymercedes.com.ar\/principal\/2021\/02\/03\/municipio-y-sedronar-abriran-espacio-de-atencion-a-consumos-problematicos-en-gowland-agote\/whatsapp-image-2021-02-02-at-15-44-31\/#main\" data-orig-file=\"https:\/\/www.hoymercedes.com.ar\/principal\/wp-content\/uploads\/2021\/02\/WhatsApp-Image-2021-02-02-at-15.44.31.jpeg\" data-orig-size=\"800,450\" data-comments-opened=\"0\" data-image-meta=\"{&quot;aperture&quot;:&quot;0&quot;,&quot;credit&quot;:&quot;&quot;,&quot;camera&quot;:&quot;&quot;,&quot;caption&quot;:&quot;&quot;,&quot;created_timestamp&quot;:&quot;0&quot;,&quot;copyright&quot;:&quot;&quot;,&quot;focal_length&quot;:&quot;0&quot;,&quot;iso&quot;:&quot;0&quot;,&quot;shutter_speed&quot;:&quot;0&quot;,&quot;title&quot;:&quot;&quot;,&quot;orientation&quot;:&quot;0&quot;}\" data-image-title=\"WhatsApp Image 2021-02-02 at 15.44.31\" data-image-description=\"\" data-image-caption=\"\" data-large-file=\"https:\/\/www.hoymercedes.com.ar\/principal\/wp-content\/uploads\/2021\/02\/WhatsApp-Image-2021-02-02-at-15.44.31.jpeg\" src=\"https:\/\/www.hoymercedes.com.ar\/principal\/wp-content\/uploads\/2021\/02\/WhatsApp-Image-2021-02-02-at-15.44.31.jpeg\" alt=\"\" class=\"wp-image-124259\" srcset=\"https:\/\/www.hoymercedes.com.ar\/principal\/wp-content\/uploads\/2021\/02\/WhatsApp-Image-2021-02-02-at-15.44.31.jpeg 800w, https:\/\/www.hoymercedes.com.ar\/principal\/wp-content\/uploads\/2021\/02\/WhatsApp-Image-2021-02-02-at-15.44.31-630x354.jpeg 630w, https:\/\/www.hoymercedes.com.ar\/principal\/wp-content\/uploads\/2021\/02\/WhatsApp-Image-2021-02-02-at-15.44.31-150x84.jpeg 150w\" sizes=\"auto, (max-width: 800px) 100vw, 800px\" \/><\/figure><\/div>\n\n\n\n<p>La Lic. Jorgelina Silva narr\u00f3 que \u201ctenemos el placer de contar con la presencia de representantes del SEDRONAR y vecinos de Gowland y Agote para la firma de un convenio con el Estado Nacional para contar con un nuevo dispositivo territorial del DIAT en las localidades mencionadas\u201d afirm\u00f3 la secretaria de Desarrollo de la Comunidad, quien tiene a cargo parte del extenso trabajo llevado adelante en la tem\u00e1tica. &nbsp;<\/p>\n\n\n\n<p><strong>Comunidad &nbsp;<\/strong><\/p>\n\n\n\n<p>Juan Manuel Palacios, presidente de la Sociedad de Fomento de Gowland-Agote, afirm\u00f3 que \u201ccomo referentes de la sociedad de fomento agradecemos que nos tengan en cuenta para la constituci\u00f3n de un dispositivo tan importante para la comunidad y por eso deseamos trabajar para acompa\u00f1ar esta iniciativa\u201d afirm\u00f3 el referente. &nbsp;<\/p>\n\n\n\n<p>Por su parte, quien tambi\u00e9n es de la zona, adem\u00e1s de edil, Juli\u00e1n Insaurgarat, sostuvo que \u201cquiero agradecer tambi\u00e9n al intendente Ustarroz, porque esta era una problem\u00e1tica de la zona que ten\u00edamos en nuestras comunidades rurales y fuimos escuchados y ahora se constituir\u00e1 este dispositivo que tendr\u00e1 su base en la Sociedad de Fomento, que es un espacio comunitario para todos nosotros\u201d afirm\u00f3 y narr\u00f3 que \u201cestamos a disposici\u00f3n de los profesionales, de los equipos, siendo para nosotros una alegr\u00eda muy grande como comunidad\u201d &nbsp;<\/p>\n\n\n\n<p>Qui\u00e9n tambi\u00e9n estuvo presente fue Julio Maldonado, coordinador regional de salud mental, quien coment\u00f3 que \u201cestamos muy agradecidos por la presencia de Graciela quien nos viene apoyando desde hace tiempo y contar con el acompa\u00f1amiento del Estado Nacional es muy importante y que sea Gowland y Agote tambi\u00e9n porque all\u00e1 se viene haciendo un fuerte trabajo territorial\u201d, sostuvo. \u00a0<\/p>\n\n\n\n<div class=\"wp-block-image\"><figure class=\"aligncenter size-large\"><img loading=\"lazy\" decoding=\"async\" width=\"800\" height=\"450\" data-attachment-id=\"124260\" data-permalink=\"https:\/\/www.hoymercedes.com.ar\/principal\/2021\/02\/03\/municipio-y-sedronar-abriran-espacio-de-atencion-a-consumos-problematicos-en-gowland-agote\/whatsapp-image-2021-02-02-at-15-44-31-1\/#main\" data-orig-file=\"https:\/\/www.hoymercedes.com.ar\/principal\/wp-content\/uploads\/2021\/02\/WhatsApp-Image-2021-02-02-at-15.44.31-1.jpeg\" data-orig-size=\"800,450\" data-comments-opened=\"0\" data-image-meta=\"{&quot;aperture&quot;:&quot;0&quot;,&quot;credit&quot;:&quot;&quot;,&quot;camera&quot;:&quot;&quot;,&quot;caption&quot;:&quot;&quot;,&quot;created_timestamp&quot;:&quot;0&quot;,&quot;copyright&quot;:&quot;&quot;,&quot;focal_length&quot;:&quot;0&quot;,&quot;iso&quot;:&quot;0&quot;,&quot;shutter_speed&quot;:&quot;0&quot;,&quot;title&quot;:&quot;&quot;,&quot;orientation&quot;:&quot;0&quot;}\" data-image-title=\"WhatsApp Image 2021-02-02 at 15.44.31 (1)\" data-image-description=\"\" data-image-caption=\"\" data-large-file=\"https:\/\/www.hoymercedes.com.ar\/principal\/wp-content\/uploads\/2021\/02\/WhatsApp-Image-2021-02-02-at-15.44.31-1.jpeg\" src=\"https:\/\/www.hoymercedes.com.ar\/principal\/wp-content\/uploads\/2021\/02\/WhatsApp-Image-2021-02-02-at-15.44.31-1.jpeg\" alt=\"\" class=\"wp-image-124260\" srcset=\"https:\/\/www.hoymercedes.com.ar\/principal\/wp-content\/uploads\/2021\/02\/WhatsApp-Image-2021-02-02-at-15.44.31-1.jpeg 800w, https:\/\/www.hoymercedes.com.ar\/principal\/wp-content\/uploads\/2021\/02\/WhatsApp-Image-2021-02-02-at-15.44.31-1-630x354.jpeg 630w, https:\/\/www.hoymercedes.com.ar\/principal\/wp-content\/uploads\/2021\/02\/WhatsApp-Image-2021-02-02-at-15.44.31-1-150x84.jpeg 150w\" sizes=\"auto, (max-width: 800px) 100vw, 800px\" \/><\/figure><\/div>\n\n\n\n<p><strong>Creaci\u00f3n &nbsp;<\/strong><\/p>\n\n\n\n<p>Gabriela Torres afirm\u00f3 que \u201ces ante todo una alegr\u00eda estar en Mercedes con Juani y todo su equipo nosotros sabemos la l\u00f3gica de trabajo que tiene el municipio, siempre actuando en el cuidado de la salud mental, con un enfoque comunitario, ac\u00e1 hay DIAT, Casa de D\u00eda, una mesa de trabajo en la tem\u00e1tica, los dispositivos de la SEDRONAR, siempre combinando con los actores y es algo que desde el SEDRONAR hemos aprendido y venimos a consolidar el acompa\u00f1amiento de una persona que tiene consumos problem\u00e1ticos y es fundamental esto, una comunidad m\u00e1s alojadora, un Estado presente, que logremos articularnos as\u00ed que concretar este proyecto hoy en Mercedes es una alegr\u00eda enorme\u201d &nbsp;<\/p>\n\n\n\n<p>Ustarroz agradeci\u00f3 la visita de la Secretaria nacional y su equipo y a trav\u00e9s de ella \u201ccelebrar la presencia contante del Estado Nacional y Provincial acompa\u00f1ando a toda la comunidad de Mercedes\u201d y \u201cen esta ocasi\u00f3n en particular generando un dispositivo para una comunidad que viene creciendo y desarroll\u00e1ndose muy bien que es la de Gowland y Agote, con un fuerte trabajo de la Sociedad de Fomento, del Club, de las instituciones de la sociedad civil, y nosotros como estado comunal estamos muy contentos con este presente y un futuro distinto logrando que los distintos actores de nuestra comunidad se ponderen y se planteen las problem\u00e1ticas de manera transversal generando \u00e1mbitos de escucha, abordaje, con dispositivos nuevos\u201d afirm\u00f3 el jefe comunal. &nbsp;<\/p>\n\n\n\n<p>A su vez remarc\u00f3 que \u201cbienvenido todo el apoyo de las pol\u00edticas p\u00fablicas del Estado presente, cerca de los municipios y el pueblo en momentos tan dif\u00edciles, de pandemia, donde la situaci\u00f3n contin\u00faa siendo compleja por eso tan importante la unidad de todos los actores para generar futuro para nuestra poblaci\u00f3n\u201d y sostuvo que \u201cpor eso muchas gracias a Graciela que desde el primer d\u00eda que asumi\u00f3 siempre nos ha atendido y dado respuestas, que es muy importante. Tambi\u00e9n felicito a todo el equipo de Mercedes que dieron tanto acompa\u00f1amiento\u201d sostuvo entre otros conceptos.&nbsp;<\/p>\n\n\n\n<p>En el encuentro tambi\u00e9n estuvo presente Gabriela Olivella, directora de ni\u00f1ez y adolescencia y Laura Moyano, directora de Abordaje Territorial.<\/p>\n\n\n\n<p>De esta manera se crear\u00e1 en la sede de la Sociedad de Fomento de Gowland y Agote una nueva herramienta de intervenci\u00f3n social que permitir\u00e1 dar respuesta a una demanda de la zona y es trabajar con las y los vecinos en situaci\u00f3n de consumos problem\u00e1ticos. Ser\u00e1 una articulaci\u00f3n de diversas \u00e1reas de los estados municipales, provinciales y nacional y una valiosa nueva intervenci\u00f3n social.&nbsp;<br><\/p>\n","protected":false},"excerpt":{"rendered":"<p>Por Prensa Municipal &#8211; El intendente Ustarroz firm\u00f3 convenio con Gabriela Torres,\u00a0Secretar\u00eda de Pol\u00edticas Integrales sobre Drogas de la Naci\u00f3n &#8230; <a title=\"Municipio y SEDRONAR abrir\u00e1n espacio de atenci\u00f3n a consumos problem\u00e1ticos en Gowland-Agote\" class=\"read-more\" href=\"https:\/\/www.hoymercedes.com.ar\/principal\/2021\/02\/03\/municipio-y-sedronar-abriran-espacio-de-atencion-a-consumos-problematicos-en-gowland-agote\/\" aria-label=\"Leer m\u00e1s sobre Municipio y SEDRONAR abrir\u00e1n espacio de atenci\u00f3n a consumos problem\u00e1ticos en Gowland-Agote\">Leer m\u00e1s<\/a><\/p>\n","protected":false},"author":1,"featured_media":124260,"comment_status":"closed","ping_status":"open","sticky":false,"template":"","format":"standard","meta":{"_monsterinsights_skip_tracking":false,"_monsterinsights_sitenote_active":false,"_monsterinsights_sitenote_note":"","_monsterinsights_sitenote_category":0,"jetpack_post_was_ever_published":false,"_jetpack_newsletter_access":"","_jetpack_dont_email_post_to_subs":false,"_jetpack_newsletter_tier_id":0,"_jetpack_memberships_contains_paywalled_content":false,"_jetpack_memberships_contains_paid_content":false,"footnotes":"","jetpack_publicize_message":"","jetpack_publicize_feature_enabled":true,"jetpack_social_post_already_shared":true,"jetpack_social_options":{"image_generator_settings":{"template":"highway","default_image_id":0,"font":"","enabled":false},"version":2},"_wpas_customize_per_network":false},"categories":[30],"tags":[],"class_list":["post-124258","post","type-post","status-publish","format-standard","has-post-thumbnail","hentry","category-municipio","generate-columns","tablet-grid-50","mobile-grid-100","grid-parent","grid-50"],"jetpack_publicize_connections":[],"jetpack_featured_media_url":"https:\/\/www.hoymercedes.com.ar\/principal\/wp-content\/uploads\/2021\/02\/WhatsApp-Image-2021-02-02-at-15.44.31-1.jpeg","wps_subtitle":"","jetpack_sharing_enabled":true,"_links":{"self":[{"href":"https:\/\/www.hoymercedes.com.ar\/principal\/wp-json\/wp\/v2\/posts\/124258","targetHints":{"allow":["GET"]}}],"collection":[{"href":"https:\/\/www.hoymercedes.com.ar\/principal\/wp-json\/wp\/v2\/posts"}],"about":[{"href":"https:\/\/www.hoymercedes.com.ar\/principal\/wp-json\/wp\/v2\/types\/post"}],"author":[{"embeddable":true,"href":"https:\/\/www.hoymercedes.com.ar\/principal\/wp-json\/wp\/v2\/users\/1"}],"replies":[{"embeddable":true,"href":"https:\/\/www.hoymercedes.com.ar\/principal\/wp-json\/wp\/v2\/comments?post=124258"}],"version-history":[{"count":0,"href":"https:\/\/www.hoymercedes.com.ar\/principal\/wp-json\/wp\/v2\/posts\/124258\/revisions"}],"wp:featuredmedia":[{"embeddable":true,"href":"https:\/\/www.hoymercedes.com.ar\/principal\/wp-json\/wp\/v2\/media\/124260"}],"wp:attachment":[{"href":"https:\/\/www.hoymercedes.com.ar\/principal\/wp-json\/wp\/v2\/media?parent=124258"}],"wp:term":[{"taxonomy":"category","embeddable":true,"href":"https:\/\/www.hoymercedes.com.ar\/principal\/wp-json\/wp\/v2\/categories?post=124258"},{"taxonomy":"post_tag","embeddable":true,"href":"https:\/\/www.hoymercedes.com.ar\/principal\/wp-json\/wp\/v2\/tags?post=124258"}],"curies":[{"name":"wp","href":"https:\/\/api.w.org\/{rel}","templated":true}]}}