{"id":124268,"date":"2021-02-03T10:08:00","date_gmt":"2021-02-03T13:08:00","guid":{"rendered":"http:\/\/www.hoymercedes.com.ar\/principal\/?p=124268"},"modified":"2021-02-03T14:18:09","modified_gmt":"2021-02-03T17:18:09","slug":"la-anses-suma-tramites-a-la-atencion-virtual","status":"publish","type":"post","link":"https:\/\/www.hoymercedes.com.ar\/principal\/2021\/02\/03\/la-anses-suma-tramites-a-la-atencion-virtual\/","title":{"rendered":"La ANSES suma tr\u00e1mites a la atenci\u00f3n virtual"},"content":{"rendered":"\n<p><strong><br><\/strong>A trav\u00e9s de la Resoluci\u00f3n 37\/2021 publicada hoy en el Bolet\u00edn Oficial, la ANSES ampli\u00f3 sus tr\u00e1mites virtuales.\u00a0Ahora se pueden gestionar en\u00a0<a rel=\"noreferrer noopener\" target=\"_blank\" href=\"http:\/\/www.anses.gob.ar\/informacion\/atencion-virtual\">www.anses.gob.ar\/informacion\/atencion-virtual<\/a>\u00a0la solicitud del pago de honorarios, de pago \u00fanico, de acrecimiento de un beneficio de pensi\u00f3n por fallecimiento y la asistencia para el inicio de Pensi\u00f3n Honor\u00edfica de Veteranos de Guerra.<\/p>\n\n\n\n<div class=\"wp-block-image\"><figure class=\"aligncenter size-large\"><img loading=\"lazy\" decoding=\"async\" width=\"800\" height=\"473\" data-attachment-id=\"124269\" data-permalink=\"https:\/\/www.hoymercedes.com.ar\/principal\/2021\/02\/03\/la-anses-suma-tramites-a-la-atencion-virtual\/atencion_virtual\/#main\" data-orig-file=\"https:\/\/www.hoymercedes.com.ar\/principal\/wp-content\/uploads\/2021\/02\/Atencion_Virtual.png\" data-orig-size=\"800,473\" data-comments-opened=\"0\" data-image-meta=\"{&quot;aperture&quot;:&quot;0&quot;,&quot;credit&quot;:&quot;&quot;,&quot;camera&quot;:&quot;&quot;,&quot;caption&quot;:&quot;&quot;,&quot;created_timestamp&quot;:&quot;0&quot;,&quot;copyright&quot;:&quot;&quot;,&quot;focal_length&quot;:&quot;0&quot;,&quot;iso&quot;:&quot;0&quot;,&quot;shutter_speed&quot;:&quot;0&quot;,&quot;title&quot;:&quot;&quot;,&quot;orientation&quot;:&quot;0&quot;}\" data-image-title=\"Atenci\u00f3n_Virtual\" data-image-description=\"\" data-image-caption=\"\" data-large-file=\"https:\/\/www.hoymercedes.com.ar\/principal\/wp-content\/uploads\/2021\/02\/Atencion_Virtual.png\" src=\"https:\/\/www.hoymercedes.com.ar\/principal\/wp-content\/uploads\/2021\/02\/Atencion_Virtual.png\" alt=\"\" class=\"wp-image-124269\" srcset=\"https:\/\/www.hoymercedes.com.ar\/principal\/wp-content\/uploads\/2021\/02\/Atencion_Virtual.png 800w, https:\/\/www.hoymercedes.com.ar\/principal\/wp-content\/uploads\/2021\/02\/Atencion_Virtual-630x372.png 630w, https:\/\/www.hoymercedes.com.ar\/principal\/wp-content\/uploads\/2021\/02\/Atencion_Virtual-150x89.png 150w\" sizes=\"auto, (max-width: 800px) 100vw, 800px\" \/><\/figure><\/div>\n\n\n\n<p>Estas nuevas gestiones se suman a las ya vigentes: inicio de jubilaciones y pensiones; pensi\u00f3n por fallecimiento de un jubilado o trabajador; activaci\u00f3n de una jubilaci\u00f3n o pensi\u00f3n suspendida; Retiro por Invalidez; Asignaci\u00f3n Universal por Embarazo; Asignaciones Familiares; Prestaci\u00f3n por Desempleo; designaci\u00f3n de apoderados; actualizaci\u00f3n de datos personales y familiares; cambio de obra social para trabajadores y jubilados; reclamos del Programa Hogar.<\/p>\n\n\n\n<p>Esta modalidad\u00a0intensific\u00f3 su uso cuando la directora ejecutiva de la ANSES,\u00a0Fernanda Raverta, declar\u00f3 al organismo como actividad esencial en mayo del a\u00f1o pasado, por lo tanto, a la fecha se realizaron 4.389.617 gestiones. Asimismo, la cantidad promedio de tr\u00e1mites resueltos mensualmente es de 440 mil.<\/p>\n","protected":false},"excerpt":{"rendered":"<p>A trav\u00e9s de la Resoluci\u00f3n 37\/2021 publicada hoy en el Bolet\u00edn Oficial, la ANSES ampli\u00f3 sus tr\u00e1mites virtuales.\u00a0Ahora se pueden &#8230; <a title=\"La ANSES suma tr\u00e1mites a la atenci\u00f3n virtual\" class=\"read-more\" href=\"https:\/\/www.hoymercedes.com.ar\/principal\/2021\/02\/03\/la-anses-suma-tramites-a-la-atencion-virtual\/\" aria-label=\"Leer m\u00e1s sobre La ANSES suma tr\u00e1mites a la atenci\u00f3n virtual\">Leer m\u00e1s<\/a><\/p>\n","protected":false},"author":1,"featured_media":124269,"comment_status":"closed","ping_status":"open","sticky":false,"template":"","format":"standard","meta":{"_monsterinsights_skip_tracking":false,"_monsterinsights_sitenote_active":false,"_monsterinsights_sitenote_note":"","_monsterinsights_sitenote_category":0,"jetpack_post_was_ever_published":false,"_jetpack_newsletter_access":"","_jetpack_dont_email_post_to_subs":false,"_jetpack_newsletter_tier_id":0,"_jetpack_memberships_contains_paywalled_content":false,"_jetpack_memberships_contains_paid_content":false,"footnotes":"","jetpack_publicize_message":"","jetpack_publicize_feature_enabled":true,"jetpack_social_post_already_shared":true,"jetpack_social_options":{"image_generator_settings":{"template":"highway","default_image_id":0,"font":"","enabled":false},"version":2},"_wpas_customize_per_network":false},"categories":[17182],"tags":[],"class_list":["post-124268","post","type-post","status-publish","format-standard","has-post-thumbnail","hentry","category-nacion","generate-columns","tablet-grid-50","mobile-grid-100","grid-parent","grid-50"],"jetpack_publicize_connections":[],"jetpack_featured_media_url":"https:\/\/www.hoymercedes.com.ar\/principal\/wp-content\/uploads\/2021\/02\/Atencion_Virtual.png","wps_subtitle":"","jetpack_sharing_enabled":true,"_links":{"self":[{"href":"https:\/\/www.hoymercedes.com.ar\/principal\/wp-json\/wp\/v2\/posts\/124268","targetHints":{"allow":["GET"]}}],"collection":[{"href":"https:\/\/www.hoymercedes.com.ar\/principal\/wp-json\/wp\/v2\/posts"}],"about":[{"href":"https:\/\/www.hoymercedes.com.ar\/principal\/wp-json\/wp\/v2\/types\/post"}],"author":[{"embeddable":true,"href":"https:\/\/www.hoymercedes.com.ar\/principal\/wp-json\/wp\/v2\/users\/1"}],"replies":[{"embeddable":true,"href":"https:\/\/www.hoymercedes.com.ar\/principal\/wp-json\/wp\/v2\/comments?post=124268"}],"version-history":[{"count":0,"href":"https:\/\/www.hoymercedes.com.ar\/principal\/wp-json\/wp\/v2\/posts\/124268\/revisions"}],"wp:featuredmedia":[{"embeddable":true,"href":"https:\/\/www.hoymercedes.com.ar\/principal\/wp-json\/wp\/v2\/media\/124269"}],"wp:attachment":[{"href":"https:\/\/www.hoymercedes.com.ar\/principal\/wp-json\/wp\/v2\/media?parent=124268"}],"wp:term":[{"taxonomy":"category","embeddable":true,"href":"https:\/\/www.hoymercedes.com.ar\/principal\/wp-json\/wp\/v2\/categories?post=124268"},{"taxonomy":"post_tag","embeddable":true,"href":"https:\/\/www.hoymercedes.com.ar\/principal\/wp-json\/wp\/v2\/tags?post=124268"}],"curies":[{"name":"wp","href":"https:\/\/api.w.org\/{rel}","templated":true}]}}