{"id":12428,"date":"2012-04-24T08:05:32","date_gmt":"2012-04-24T08:05:32","guid":{"rendered":"http:\/\/www.hoymercedes.com.ar\/principal\/?p=12428"},"modified":"2012-04-23T23:55:20","modified_gmt":"2012-04-23T23:55:20","slug":"se-realizo-en-la-unlu-el-1-encuentro-para-la-militancia-del-frente-amplio-progresista","status":"publish","type":"post","link":"https:\/\/www.hoymercedes.com.ar\/principal\/2012\/04\/24\/se-realizo-en-la-unlu-el-1-encuentro-para-la-militancia-del-frente-amplio-progresista\/","title":{"rendered":"Se realiz\u00f3 en la UNLu el 1\u00b0 Encuentro para la Militancia del Frente Amplio Progresista"},"content":{"rendered":"<p><a href=\"https:\/\/www.hoymercedes.com.ar\/principal\/wp-content\/uploads\/2012\/04\/UNLu-FAP.jpg\"><img loading=\"lazy\" decoding=\"async\" data-attachment-id=\"12430\" data-permalink=\"https:\/\/www.hoymercedes.com.ar\/principal\/2012\/04\/24\/se-realizo-en-la-unlu-el-1-encuentro-para-la-militancia-del-frente-amplio-progresista\/unlu-fap\/#main\" data-orig-file=\"https:\/\/www.hoymercedes.com.ar\/principal\/wp-content\/uploads\/2012\/04\/UNLu-FAP.jpg\" data-orig-size=\"612,459\" data-comments-opened=\"1\" data-image-meta=\"{&quot;aperture&quot;:&quot;0&quot;,&quot;credit&quot;:&quot;&quot;,&quot;camera&quot;:&quot;&quot;,&quot;caption&quot;:&quot;&quot;,&quot;created_timestamp&quot;:&quot;0&quot;,&quot;copyright&quot;:&quot;&quot;,&quot;focal_length&quot;:&quot;0&quot;,&quot;iso&quot;:&quot;0&quot;,&quot;shutter_speed&quot;:&quot;0&quot;,&quot;title&quot;:&quot;&quot;}\" data-image-title=\"UNLu-FAP\" data-image-description=\"\" data-image-caption=\"\" data-large-file=\"https:\/\/www.hoymercedes.com.ar\/principal\/wp-content\/uploads\/2012\/04\/UNLu-FAP.jpg\" class=\"aligncenter size-full wp-image-12430\" title=\"UNLu-FAP\" src=\"https:\/\/www.hoymercedes.com.ar\/principal\/wp-content\/uploads\/2012\/04\/UNLu-FAP.jpg\" alt=\"\" width=\"612\" height=\"459\" \/><\/a><\/p>\n<p>El encuentro se produjo en la Universidad Nacional de Luj\u00e1n. A las 11 se realiz\u00f3 la apertura y luego hubo trabajos en comisi\u00f3n, un plenario y un cierre pol\u00edtico de la jornada. Estuvieron presentes Margarita Stolbizer , Juan Carlos Ju\u00e1rez, Ricardo Vago, Marta Maffei entre otros.<\/p>\n<p>El s\u00e1bado a las 10 comenz\u00f3 a desarrollarse en la Universidad Nacional de Luj\u00e1n el 1\u00b0 Encuentro para la Militancia del Frente Amplio Progresista de la Primera Secci\u00f3n Electoral. Y luego de la recepci\u00f3n, lleg\u00f3 el momento de la apertura oficial. M\u00e1s tarde llev\u00f3 a cabo el trabajo en cada una de las comisiones, y posteriormente se dio inicio al Plenario, que se desarroll\u00f3 a partir de las 14.30. Por \u00faltimo, se realiz\u00f3 un panel y el cierre pol\u00edtico de la jornada.<\/p>\n<p>El objetivo principal de esta jornada, seg\u00fan explicaron desde el FAP, fue promover un espacio de intercambio, reconocimiento e interacci\u00f3n entre los militantes de Generaci\u00f3n para un Encuentro Nacional (GEN), el Partido Socialista (PS), Libres del Sur y Unidad Popular (UP), con el fin de abordar discusiones y producciones tem\u00e1ticas de las realidades locales, desarrollar la construcci\u00f3n de un diagnostico participativo y de l\u00edneas de acci\u00f3n de pol\u00edticas, formuladas por los militantes.<\/p>\n<p>Entre los ejes abordados en las comisiones de trabajo, se destacaron la situaci\u00f3n medioambiental local y regional, las pol\u00edticas municipales y la infraestructura urbana. Adem\u00e1s, hicieron hincapi\u00e9 en la educaci\u00f3n, la salud p\u00fablica, las pol\u00edticas sociales, el trabajo y la pol\u00edtica gremial, la seguridad ciudadana, el g\u00e9nero y la juventud.<\/p>\n<p>En este sentido, las comisiones tuvieron dos \u201cespacios\u201d de trabajo. Por un lado, consisti\u00f3 en la realizaci\u00f3n colectiva de un \u201cdiagnostico de situaci\u00f3n\u201d, donde los militantes identificaron las particularidades de los problemas vinculados al tema seleccionado y pudieron reconocer y analizar cu\u00e1les son las causas y realidades sobre lo trabajado. Mientras que el segundo espacio consisti\u00f3 en pensar -desde el diagn\u00f3stico- en grandes \u201cl\u00edneas de acci\u00f3n\u201d a partir de ejes que forman parte de la plataforma del FAP.<\/p>\n<p>Finalmente, en esta \u00faltima etapa se les pidi\u00f3 a los participantes que piensen en l\u00edneas de acci\u00f3n vinculadas con las posiciones, perspectivas y propuestas pol\u00edticas del FAP. Asimismo, los ejes para pensar las propuestas giraron en torno a los lineamientos que rozan tem\u00e1ticas como la participaci\u00f3n social y la construcci\u00f3n de ciudadan\u00eda, el acceso a los servicios p\u00fablicos y el rol del Estado, la perspectiva de los derechos y del Estado como garante y la transparencia de la gesti\u00f3n p\u00fablica y la lucha contra la corrupci\u00f3n, entre otras tem\u00e1ticas.<\/p>\n<p>Tal como estaba previsto, estuvieron presentes Marta Maffei, Fernando Ramos dirigente de Unidad Popular; Jorge Ceballos, de Libres del Sur; el diputado nacional Ricardo Cuccovillo y Ricardo Vago (PS); el diputado provincial Juan Carlos Ju\u00e1rez (GEN) y la diputada nacional Margarita Stolbizer (presidente del GEN), entre otros.<\/p>\n<p>Fotos, produci\u00f3n y textos: Prensa Concejal Fernando Ramos<\/p>\n","protected":false},"excerpt":{"rendered":"<p>El encuentro se produjo en la Universidad Nacional de Luj\u00e1n. A las 11 se realiz\u00f3 la apertura y luego hubo &#8230; <a title=\"Se realiz\u00f3 en la UNLu el 1\u00b0 Encuentro para la Militancia del Frente Amplio Progresista\" class=\"read-more\" href=\"https:\/\/www.hoymercedes.com.ar\/principal\/2012\/04\/24\/se-realizo-en-la-unlu-el-1-encuentro-para-la-militancia-del-frente-amplio-progresista\/\" aria-label=\"Leer m\u00e1s sobre Se realiz\u00f3 en la UNLu el 1\u00b0 Encuentro para la Militancia del Frente Amplio Progresista\">Leer m\u00e1s<\/a><\/p>\n","protected":false},"author":1,"featured_media":0,"comment_status":"open","ping_status":"open","sticky":false,"template":"","format":"standard","meta":{"_monsterinsights_skip_tracking":false,"_monsterinsights_sitenote_active":false,"_monsterinsights_sitenote_note":"","_monsterinsights_sitenote_category":0,"jetpack_post_was_ever_published":false,"_jetpack_newsletter_access":"","_jetpack_dont_email_post_to_subs":false,"_jetpack_newsletter_tier_id":0,"_jetpack_memberships_contains_paywalled_content":false,"_jetpack_memberships_contains_paid_content":false,"footnotes":"","jetpack_publicize_message":"","jetpack_publicize_feature_enabled":true,"jetpack_social_post_already_shared":false,"jetpack_social_options":{"image_generator_settings":{"template":"highway","default_image_id":0,"font":"","enabled":false},"version":2},"_wpas_customize_per_network":false},"categories":[5],"tags":[180,54],"class_list":["post-12428","post","type-post","status-publish","format-standard","hentry","category-politica","tag-stolbizer","tag-unlu","generate-columns","tablet-grid-50","mobile-grid-100","grid-parent","grid-50"],"jetpack_publicize_connections":[],"jetpack_featured_media_url":"","wps_subtitle":"","jetpack_sharing_enabled":true,"_links":{"self":[{"href":"https:\/\/www.hoymercedes.com.ar\/principal\/wp-json\/wp\/v2\/posts\/12428","targetHints":{"allow":["GET"]}}],"collection":[{"href":"https:\/\/www.hoymercedes.com.ar\/principal\/wp-json\/wp\/v2\/posts"}],"about":[{"href":"https:\/\/www.hoymercedes.com.ar\/principal\/wp-json\/wp\/v2\/types\/post"}],"author":[{"embeddable":true,"href":"https:\/\/www.hoymercedes.com.ar\/principal\/wp-json\/wp\/v2\/users\/1"}],"replies":[{"embeddable":true,"href":"https:\/\/www.hoymercedes.com.ar\/principal\/wp-json\/wp\/v2\/comments?post=12428"}],"version-history":[{"count":0,"href":"https:\/\/www.hoymercedes.com.ar\/principal\/wp-json\/wp\/v2\/posts\/12428\/revisions"}],"wp:attachment":[{"href":"https:\/\/www.hoymercedes.com.ar\/principal\/wp-json\/wp\/v2\/media?parent=12428"}],"wp:term":[{"taxonomy":"category","embeddable":true,"href":"https:\/\/www.hoymercedes.com.ar\/principal\/wp-json\/wp\/v2\/categories?post=12428"},{"taxonomy":"post_tag","embeddable":true,"href":"https:\/\/www.hoymercedes.com.ar\/principal\/wp-json\/wp\/v2\/tags?post=12428"}],"curies":[{"name":"wp","href":"https:\/\/api.w.org\/{rel}","templated":true}]}}