{"id":124322,"date":"2021-02-04T10:39:00","date_gmt":"2021-02-04T13:39:00","guid":{"rendered":"http:\/\/www.hoymercedes.com.ar\/principal\/?p=124322"},"modified":"2021-02-04T21:59:07","modified_gmt":"2021-02-05T00:59:07","slug":"roban-en-la-casa-de-una-familia-del-barrio-villa-del-parque","status":"publish","type":"post","link":"https:\/\/www.hoymercedes.com.ar\/principal\/2021\/02\/04\/roban-en-la-casa-de-una-familia-del-barrio-villa-del-parque\/","title":{"rendered":"Roban en la casa de una familia del barrio Villa del Parque"},"content":{"rendered":"\n<p>A primera hora de la jornada de este jueves, una vecina del Barrio Villa del Parque da alerta al 911 y manifiesta que fue asaltada por tres varones presumiblemente armados. Trascendi\u00f3 que se llevaron art\u00edculos electr\u00f3nicos y dinero en efectivo. Investiga Fiscal\u00eda con sede central en la ciudad. <\/p>\n\n\n\n<p>De acuerdo a lo trascendido, cerca de las ocho de la ma\u00f1ana, los delincuentes habr\u00edan reducido al novio de la hija de la familia y lograron ingresar a la vivienda llev\u00e1ndose varios objetos de valor, entre ellos una computadora, una tv, tel\u00e9fonos celulares y dinero efectivo. Huyeron en el auto de la familia, v\u00edctima del hecho, que dejaron maniatados adentro de la vivienda.<\/p>\n\n\n\n<p>La investigaci\u00f3n la lleva adelante la UFI N\u00b0 2 que se encuentra analizando y tomando declaraciones a los integrantes de la familia. No descartan ninguna hip\u00f3tesis, ya que est\u00e1n rastreando las im\u00e1genes de las c\u00e1maras de la zona (p\u00fablicas y privadas), posibles testigos, y evaluando el trabajo de peritaje realizado por la Polic\u00eda Cient\u00edfica.<\/p>\n\n\n\n<div class=\"wp-block-image\"><figure class=\"aligncenter size-large\"><img loading=\"lazy\" decoding=\"async\" width=\"800\" height=\"533\" data-attachment-id=\"124323\" data-permalink=\"https:\/\/www.hoymercedes.com.ar\/principal\/2021\/02\/04\/roban-en-la-casa-de-una-familia-del-barrio-villa-del-parque\/whatsapp-image-2021-02-04-at-10-26-45\/#main\" data-orig-file=\"https:\/\/www.hoymercedes.com.ar\/principal\/wp-content\/uploads\/2021\/02\/WhatsApp-Image-2021-02-04-at-10.26.45.jpeg\" data-orig-size=\"800,533\" data-comments-opened=\"0\" data-image-meta=\"{&quot;aperture&quot;:&quot;0&quot;,&quot;credit&quot;:&quot;&quot;,&quot;camera&quot;:&quot;&quot;,&quot;caption&quot;:&quot;&quot;,&quot;created_timestamp&quot;:&quot;1612452412&quot;,&quot;copyright&quot;:&quot;&quot;,&quot;focal_length&quot;:&quot;0&quot;,&quot;iso&quot;:&quot;0&quot;,&quot;shutter_speed&quot;:&quot;0&quot;,&quot;title&quot;:&quot;&quot;,&quot;orientation&quot;:&quot;1&quot;}\" data-image-title=\"WhatsApp Image 2021-02-04 at 10.26.45\" data-image-description=\"\" data-image-caption=\"\" data-large-file=\"https:\/\/www.hoymercedes.com.ar\/principal\/wp-content\/uploads\/2021\/02\/WhatsApp-Image-2021-02-04-at-10.26.45.jpeg\" src=\"https:\/\/www.hoymercedes.com.ar\/principal\/wp-content\/uploads\/2021\/02\/WhatsApp-Image-2021-02-04-at-10.26.45.jpeg\" alt=\"\" class=\"wp-image-124323\" srcset=\"https:\/\/www.hoymercedes.com.ar\/principal\/wp-content\/uploads\/2021\/02\/WhatsApp-Image-2021-02-04-at-10.26.45.jpeg 800w, https:\/\/www.hoymercedes.com.ar\/principal\/wp-content\/uploads\/2021\/02\/WhatsApp-Image-2021-02-04-at-10.26.45-630x420.jpeg 630w, https:\/\/www.hoymercedes.com.ar\/principal\/wp-content\/uploads\/2021\/02\/WhatsApp-Image-2021-02-04-at-10.26.45-150x100.jpeg 150w, https:\/\/www.hoymercedes.com.ar\/principal\/wp-content\/uploads\/2021\/02\/WhatsApp-Image-2021-02-04-at-10.26.45-700x465.jpeg 700w\" sizes=\"auto, (max-width: 800px) 100vw, 800px\" \/><figcaption>Fotograf\u00eda: Pablo Pauli de FM Radio Universo<\/figcaption><\/figure><\/div>\n","protected":false},"excerpt":{"rendered":"<p>A primera hora de la jornada de este jueves, una vecina del Barrio Villa del Parque da alerta al 911 &#8230; <a title=\"Roban en la casa de una familia del barrio Villa del Parque\" class=\"read-more\" href=\"https:\/\/www.hoymercedes.com.ar\/principal\/2021\/02\/04\/roban-en-la-casa-de-una-familia-del-barrio-villa-del-parque\/\" aria-label=\"Leer m\u00e1s sobre Roban en la casa de una familia del barrio Villa del Parque\">Leer m\u00e1s<\/a><\/p>\n","protected":false},"author":1,"featured_media":124323,"comment_status":"closed","ping_status":"open","sticky":false,"template":"","format":"standard","meta":{"_monsterinsights_skip_tracking":false,"_monsterinsights_sitenote_active":false,"_monsterinsights_sitenote_note":"","_monsterinsights_sitenote_category":0,"jetpack_post_was_ever_published":false,"_jetpack_newsletter_access":"","_jetpack_dont_email_post_to_subs":false,"_jetpack_newsletter_tier_id":0,"_jetpack_memberships_contains_paywalled_content":false,"_jetpack_memberships_contains_paid_content":false,"footnotes":"","jetpack_publicize_message":"","jetpack_publicize_feature_enabled":true,"jetpack_social_post_already_shared":true,"jetpack_social_options":{"image_generator_settings":{"template":"highway","default_image_id":0,"font":"","enabled":false},"version":2},"_wpas_customize_per_network":false},"categories":[85],"tags":[11336,96,889],"class_list":["post-124322","post","type-post","status-publish","format-standard","has-post-thumbnail","hentry","category-policial","tag-barrio","tag-policial-2","tag-robo","generate-columns","tablet-grid-50","mobile-grid-100","grid-parent","grid-50"],"jetpack_publicize_connections":[],"jetpack_featured_media_url":"https:\/\/www.hoymercedes.com.ar\/principal\/wp-content\/uploads\/2021\/02\/WhatsApp-Image-2021-02-04-at-10.26.45.jpeg","wps_subtitle":"En las primeras horas de la ma\u00f1ana","jetpack_sharing_enabled":true,"_links":{"self":[{"href":"https:\/\/www.hoymercedes.com.ar\/principal\/wp-json\/wp\/v2\/posts\/124322","targetHints":{"allow":["GET"]}}],"collection":[{"href":"https:\/\/www.hoymercedes.com.ar\/principal\/wp-json\/wp\/v2\/posts"}],"about":[{"href":"https:\/\/www.hoymercedes.com.ar\/principal\/wp-json\/wp\/v2\/types\/post"}],"author":[{"embeddable":true,"href":"https:\/\/www.hoymercedes.com.ar\/principal\/wp-json\/wp\/v2\/users\/1"}],"replies":[{"embeddable":true,"href":"https:\/\/www.hoymercedes.com.ar\/principal\/wp-json\/wp\/v2\/comments?post=124322"}],"version-history":[{"count":0,"href":"https:\/\/www.hoymercedes.com.ar\/principal\/wp-json\/wp\/v2\/posts\/124322\/revisions"}],"wp:featuredmedia":[{"embeddable":true,"href":"https:\/\/www.hoymercedes.com.ar\/principal\/wp-json\/wp\/v2\/media\/124323"}],"wp:attachment":[{"href":"https:\/\/www.hoymercedes.com.ar\/principal\/wp-json\/wp\/v2\/media?parent=124322"}],"wp:term":[{"taxonomy":"category","embeddable":true,"href":"https:\/\/www.hoymercedes.com.ar\/principal\/wp-json\/wp\/v2\/categories?post=124322"},{"taxonomy":"post_tag","embeddable":true,"href":"https:\/\/www.hoymercedes.com.ar\/principal\/wp-json\/wp\/v2\/tags?post=124322"}],"curies":[{"name":"wp","href":"https:\/\/api.w.org\/{rel}","templated":true}]}}