{"id":124363,"date":"2021-02-05T07:03:00","date_gmt":"2021-02-05T10:03:00","guid":{"rendered":"http:\/\/www.hoymercedes.com.ar\/principal\/?p=124363"},"modified":"2021-02-04T23:18:23","modified_gmt":"2021-02-05T02:18:23","slug":"direccion-de-ambiente-concreto-jornada-de-limpieza-en-el-arroyito-de-oro","status":"publish","type":"post","link":"https:\/\/www.hoymercedes.com.ar\/principal\/2021\/02\/05\/direccion-de-ambiente-concreto-jornada-de-limpieza-en-el-arroyito-de-oro\/","title":{"rendered":"Direcci\u00f3n de Ambiente concret\u00f3 jornada de limpieza en el \u201cArroyito de Oro\u201d"},"content":{"rendered":"\n<p>Desde la Direcci\u00f3n de Ambiente se concret\u00f3 otra jornada de cuidado y limpieza del espacio natural compartido. A las tareas efectuadas en el Arroyo Balta y Fr\u00edas ahora se suma el conocido \u201cArroyito de oro\u201d. All\u00ed la intervenci\u00f3n tiene como objetivo limpiar y buscar la generaci\u00f3n de consciencia sobre la importancia del cuidado ambiental y sectores p\u00fablicos. \u00a0<\/p>\n\n\n\n<div class=\"wp-block-image\"><figure class=\"aligncenter size-large\"><img loading=\"lazy\" decoding=\"async\" width=\"768\" height=\"511\" data-attachment-id=\"124365\" data-permalink=\"https:\/\/www.hoymercedes.com.ar\/principal\/2021\/02\/05\/direccion-de-ambiente-concreto-jornada-de-limpieza-en-el-arroyito-de-oro\/145919139_743122669954229_295789187554517972_n\/#main\" data-orig-file=\"https:\/\/www.hoymercedes.com.ar\/principal\/wp-content\/uploads\/2021\/02\/145919139_743122669954229_295789187554517972_n.jpg\" data-orig-size=\"768,511\" data-comments-opened=\"0\" data-image-meta=\"{&quot;aperture&quot;:&quot;0&quot;,&quot;credit&quot;:&quot;&quot;,&quot;camera&quot;:&quot;&quot;,&quot;caption&quot;:&quot;&quot;,&quot;created_timestamp&quot;:&quot;1612479768&quot;,&quot;copyright&quot;:&quot;&quot;,&quot;focal_length&quot;:&quot;0&quot;,&quot;iso&quot;:&quot;0&quot;,&quot;shutter_speed&quot;:&quot;0&quot;,&quot;title&quot;:&quot;&quot;,&quot;orientation&quot;:&quot;1&quot;}\" data-image-title=\"145919139_743122669954229_295789187554517972_n\" data-image-description=\"\" data-image-caption=\"\" data-large-file=\"https:\/\/www.hoymercedes.com.ar\/principal\/wp-content\/uploads\/2021\/02\/145919139_743122669954229_295789187554517972_n.jpg\" src=\"https:\/\/www.hoymercedes.com.ar\/principal\/wp-content\/uploads\/2021\/02\/145919139_743122669954229_295789187554517972_n.jpg\" alt=\"\" class=\"wp-image-124365\" srcset=\"https:\/\/www.hoymercedes.com.ar\/principal\/wp-content\/uploads\/2021\/02\/145919139_743122669954229_295789187554517972_n.jpg 768w, https:\/\/www.hoymercedes.com.ar\/principal\/wp-content\/uploads\/2021\/02\/145919139_743122669954229_295789187554517972_n-630x419.jpg 630w, https:\/\/www.hoymercedes.com.ar\/principal\/wp-content\/uploads\/2021\/02\/145919139_743122669954229_295789187554517972_n-150x100.jpg 150w, https:\/\/www.hoymercedes.com.ar\/principal\/wp-content\/uploads\/2021\/02\/145919139_743122669954229_295789187554517972_n-700x465.jpg 700w\" sizes=\"auto, (max-width: 768px) 100vw, 768px\" \/><\/figure><\/div>\n\n\n\n<p>Juan Cruz Mend\u00eda narr\u00f3 que \u201cfue una jornada intensiva donde pudimos efectuar una limpieza importante, encontrando diversos residuos, desde latas y bolsas, hasta elementos pesados como chapas y hierros\u201d coment\u00f3 e inst\u00f3 a \u201cseguir cuidando estos espacios que son de cada mercedino y mercedina\u201d &nbsp;<\/p>\n\n\n\n<p>Tiempo atr\u00e1s se efectuaron jornadas similares en el \u201cFr\u00edas\u201d y el \u201cBalta\u201d, siendo este \u00faltimo una tarea mancomunada con la Sociedad de Fomento de Gowland &#8211; Agote y la Escuela T\u00e9cnica N\u00ba2, mientras que en el Arroyo Fr\u00edas se cont\u00f3 con la participaci\u00f3n de vecinos que esteban en el lugar, convirtiendo su estancia en un acto de solidaridad. &nbsp;<\/p>\n\n\n\n<p>La construcci\u00f3n de una ciudad m\u00e1s linda limpia y protectora de la naturaleza requiere del compromiso de todas y todos, es la forma de proyectar una ciudad ambientalmente sustentable, especificaron desde la Direcci\u00f3n de Ambiente. \u00a0<\/p>\n\n\n\n<p>Fuente: Prensa Municipal<\/p>\n\n\n\n<div class=\"wp-block-image\"><figure class=\"aligncenter size-large\"><img loading=\"lazy\" decoding=\"async\" width=\"718\" height=\"479\" data-attachment-id=\"124364\" data-permalink=\"https:\/\/www.hoymercedes.com.ar\/principal\/2021\/02\/05\/direccion-de-ambiente-concreto-jornada-de-limpieza-en-el-arroyito-de-oro\/146312609_743122593287570_8043541927199115830_n\/#main\" data-orig-file=\"https:\/\/www.hoymercedes.com.ar\/principal\/wp-content\/uploads\/2021\/02\/146312609_743122593287570_8043541927199115830_n.jpg\" data-orig-size=\"718,479\" data-comments-opened=\"0\" data-image-meta=\"{&quot;aperture&quot;:&quot;0&quot;,&quot;credit&quot;:&quot;&quot;,&quot;camera&quot;:&quot;&quot;,&quot;caption&quot;:&quot;&quot;,&quot;created_timestamp&quot;:&quot;1612479777&quot;,&quot;copyright&quot;:&quot;&quot;,&quot;focal_length&quot;:&quot;0&quot;,&quot;iso&quot;:&quot;0&quot;,&quot;shutter_speed&quot;:&quot;0&quot;,&quot;title&quot;:&quot;&quot;,&quot;orientation&quot;:&quot;1&quot;}\" data-image-title=\"146312609_743122593287570_8043541927199115830_n\" data-image-description=\"\" data-image-caption=\"\" data-large-file=\"https:\/\/www.hoymercedes.com.ar\/principal\/wp-content\/uploads\/2021\/02\/146312609_743122593287570_8043541927199115830_n.jpg\" src=\"https:\/\/www.hoymercedes.com.ar\/principal\/wp-content\/uploads\/2021\/02\/146312609_743122593287570_8043541927199115830_n.jpg\" alt=\"\" class=\"wp-image-124364\" srcset=\"https:\/\/www.hoymercedes.com.ar\/principal\/wp-content\/uploads\/2021\/02\/146312609_743122593287570_8043541927199115830_n.jpg 718w, https:\/\/www.hoymercedes.com.ar\/principal\/wp-content\/uploads\/2021\/02\/146312609_743122593287570_8043541927199115830_n-630x420.jpg 630w, https:\/\/www.hoymercedes.com.ar\/principal\/wp-content\/uploads\/2021\/02\/146312609_743122593287570_8043541927199115830_n-150x100.jpg 150w\" sizes=\"auto, (max-width: 718px) 100vw, 718px\" \/><\/figure><\/div>\n","protected":false},"excerpt":{"rendered":"<p>Desde la Direcci\u00f3n de Ambiente se concret\u00f3 otra jornada de cuidado y limpieza del espacio natural compartido. A las tareas &#8230; <a title=\"Direcci\u00f3n de Ambiente concret\u00f3 jornada de limpieza en el \u201cArroyito de Oro\u201d\" class=\"read-more\" href=\"https:\/\/www.hoymercedes.com.ar\/principal\/2021\/02\/05\/direccion-de-ambiente-concreto-jornada-de-limpieza-en-el-arroyito-de-oro\/\" aria-label=\"Leer m\u00e1s sobre Direcci\u00f3n de Ambiente concret\u00f3 jornada de limpieza en el \u201cArroyito de Oro\u201d\">Leer m\u00e1s<\/a><\/p>\n","protected":false},"author":1,"featured_media":124364,"comment_status":"closed","ping_status":"open","sticky":false,"template":"","format":"standard","meta":{"_monsterinsights_skip_tracking":false,"_monsterinsights_sitenote_active":false,"_monsterinsights_sitenote_note":"","_monsterinsights_sitenote_category":0,"jetpack_post_was_ever_published":false,"_jetpack_newsletter_access":"","_jetpack_dont_email_post_to_subs":false,"_jetpack_newsletter_tier_id":0,"_jetpack_memberships_contains_paywalled_content":false,"_jetpack_memberships_contains_paid_content":false,"footnotes":"","jetpack_publicize_message":"","jetpack_publicize_feature_enabled":true,"jetpack_social_post_already_shared":true,"jetpack_social_options":{"image_generator_settings":{"template":"highway","default_image_id":0,"font":"","enabled":false},"version":2},"_wpas_customize_per_network":false},"categories":[30],"tags":[],"class_list":["post-124363","post","type-post","status-publish","format-standard","has-post-thumbnail","hentry","category-municipio","generate-columns","tablet-grid-50","mobile-grid-100","grid-parent","grid-50"],"jetpack_publicize_connections":[],"jetpack_featured_media_url":"https:\/\/www.hoymercedes.com.ar\/principal\/wp-content\/uploads\/2021\/02\/146312609_743122593287570_8043541927199115830_n.jpg","wps_subtitle":"Patrimonio natural","jetpack_sharing_enabled":true,"_links":{"self":[{"href":"https:\/\/www.hoymercedes.com.ar\/principal\/wp-json\/wp\/v2\/posts\/124363","targetHints":{"allow":["GET"]}}],"collection":[{"href":"https:\/\/www.hoymercedes.com.ar\/principal\/wp-json\/wp\/v2\/posts"}],"about":[{"href":"https:\/\/www.hoymercedes.com.ar\/principal\/wp-json\/wp\/v2\/types\/post"}],"author":[{"embeddable":true,"href":"https:\/\/www.hoymercedes.com.ar\/principal\/wp-json\/wp\/v2\/users\/1"}],"replies":[{"embeddable":true,"href":"https:\/\/www.hoymercedes.com.ar\/principal\/wp-json\/wp\/v2\/comments?post=124363"}],"version-history":[{"count":0,"href":"https:\/\/www.hoymercedes.com.ar\/principal\/wp-json\/wp\/v2\/posts\/124363\/revisions"}],"wp:featuredmedia":[{"embeddable":true,"href":"https:\/\/www.hoymercedes.com.ar\/principal\/wp-json\/wp\/v2\/media\/124364"}],"wp:attachment":[{"href":"https:\/\/www.hoymercedes.com.ar\/principal\/wp-json\/wp\/v2\/media?parent=124363"}],"wp:term":[{"taxonomy":"category","embeddable":true,"href":"https:\/\/www.hoymercedes.com.ar\/principal\/wp-json\/wp\/v2\/categories?post=124363"},{"taxonomy":"post_tag","embeddable":true,"href":"https:\/\/www.hoymercedes.com.ar\/principal\/wp-json\/wp\/v2\/tags?post=124363"}],"curies":[{"name":"wp","href":"https:\/\/api.w.org\/{rel}","templated":true}]}}