{"id":124396,"date":"2021-02-05T15:04:49","date_gmt":"2021-02-05T18:04:49","guid":{"rendered":"http:\/\/www.hoymercedes.com.ar\/principal\/?p=124396"},"modified":"2021-02-05T16:21:21","modified_gmt":"2021-02-05T19:21:21","slug":"selva-celebro-la-reapertura-de-las-salas-de-la-biblioteca-del-congreso","status":"publish","type":"post","link":"https:\/\/www.hoymercedes.com.ar\/principal\/2021\/02\/05\/selva-celebro-la-reapertura-de-las-salas-de-la-biblioteca-del-congreso\/","title":{"rendered":"Selva celebr\u00f3 la reapertura de las salas de la Biblioteca del Congreso"},"content":{"rendered":"\n<p>El diputado nacional Carlos Selva, quien es presidente de la Biblioteca del Congreso de la Naci\u00f3n, celebr\u00f3 la reapertura de las salas de la Biblioteca del Congreso. \u201cGracias al enorme esfuerzo que vienen llevando adelante los trabajadores y trabajadoras que forman parte del gran equipo de la Biblioteca del Congreso de la Naci\u00f3n, la misma reabrira\u0301 sus puertas el pr\u00f3ximo lunes 8 de febrero\u201d, anunci\u00f3 el diputado nacional Carlos Selva, e indic\u00f3 que ser\u00e1 \u201cbajo estrictas normas de seguridad e higiene\u201d.<\/p>\n\n\n\n<div class=\"wp-block-image\"><figure class=\"aligncenter size-large\"><img loading=\"lazy\" decoding=\"async\" width=\"800\" height=\"516\" data-attachment-id=\"121848\" data-permalink=\"https:\/\/www.hoymercedes.com.ar\/principal\/2020\/12\/16\/diputado-selva-destaca-intercambio-con-pares-de-mexico\/16-selva-cyber\/#main\" data-orig-file=\"https:\/\/www.hoymercedes.com.ar\/principal\/wp-content\/uploads\/2020\/12\/16-selva-cyber.jpg\" data-orig-size=\"800,516\" data-comments-opened=\"0\" data-image-meta=\"{&quot;aperture&quot;:&quot;0&quot;,&quot;credit&quot;:&quot;&quot;,&quot;camera&quot;:&quot;&quot;,&quot;caption&quot;:&quot;&quot;,&quot;created_timestamp&quot;:&quot;0&quot;,&quot;copyright&quot;:&quot;&quot;,&quot;focal_length&quot;:&quot;0&quot;,&quot;iso&quot;:&quot;0&quot;,&quot;shutter_speed&quot;:&quot;0&quot;,&quot;title&quot;:&quot;&quot;,&quot;orientation&quot;:&quot;0&quot;}\" data-image-title=\"16 selva cyber\" data-image-description=\"\" data-image-caption=\"\" data-large-file=\"https:\/\/www.hoymercedes.com.ar\/principal\/wp-content\/uploads\/2020\/12\/16-selva-cyber.jpg\" src=\"https:\/\/www.hoymercedes.com.ar\/principal\/wp-content\/uploads\/2020\/12\/16-selva-cyber.jpg\" alt=\"\" class=\"wp-image-121848\"\/><\/figure><\/div>\n\n\n\n<p>El emblema\u0301tico espacio del Congreso pone a disposicio\u0301n, a trave\u0301s del sitio web &#8211; <a href=\"https:\/\/bcn.gob.ar\/reapertura-de-salas\" target=\"_blank\" rel=\"noopener\">https:\/\/bcn.gob.ar\/reapertura-de-salas<\/a> &#8211; turnos de 2 horas para que los usuarios puedan ingresar a la Sala Pu\u0301blica de Lectura (Hipo\u0301lito Yrigoyen 1750) y a la Sala Hemeroteca Diarios (Alsina 1831) para la consulta de material in situ.<\/p>\n\n\n\n<p>Los usuarios podr\u00e1n ingresar a la Sala P\u00fablica de Lectura (H. Yrigoyen 1750) y a la Sala Hemeroteca Diarios (Alsina 1835) a consultar material in situ mediante un sistema de reserva de turnos online a trav\u00e9s de la p\u00e1gina web de la BCN.<br>Para poder concurrir se deber\u00e1n respetar los pasos que se detallan a continuaci\u00f3n:<\/p>\n\n\n\n<ol class=\"wp-block-list\"><li>Solicitar un turno online a trav\u00e9s de la p\u00e1gina web de la BCN: www.bcn.gob.ar<\/li><\/ol>\n\n\n\n<p>a. Deber\u00e1 escoger el d\u00eda y horario disponibles y la Sala a la que desea concurrir. Luego ingresar\u00e1 nombre, apellido, n\u00famero de documento, nacionalidad y el material a consultar.<br>b. Una vez completado el formulario, recibir\u00e1 una confirmaci\u00f3n con el turno asignado.<br>c. IMPORTANTE: Asistir en el horario acordado ya que los turnos tienen una duraci\u00f3n de dos horas. En caso de no concurrir, el turno asignado quedar\u00e1 caduco y el usuario deber\u00e1 solicitar uno nuevo.<\/p>\n\n\n\n<ol class=\"wp-block-list\" start=\"2\"><li>Al ingresar se le tomar\u00e1 la temperatura y se le colocar\u00e1 soluci\u00f3n sanitizante en las manos.<\/li><li>En el ingreso al establecimiento se deber\u00e1 presentar el DNI y declaraci\u00f3n jurada de salud vigente mediante la App CuidAR.<\/li><li>Los usuarios deber\u00e1n utilizar barbijo\/tapabocas durante TODO EL TIEMPO que permanezcan dentro de la Sala y respetar las normas exigidas por el personal de la Instituci\u00f3n.<\/li><li>Ante el incumplimiento de las normas establecidas, el personal de la Instituci\u00f3n podr\u00e1 solicitar al usuario que se retire de la Sala y se le podr\u00e1 negar el futuro ingreso a la BCN.<\/li><\/ol>\n\n\n\n<p>Ma\u0301s informacio\u0301n en https:\/\/bit.ly\/2YEUcAH<\/p>\n\n\n\n<p>Fuente: Prensa Carlos Selva<\/p>\n\n\n\n<div class=\"wp-block-image\"><figure class=\"aligncenter size-large\"><img loading=\"lazy\" decoding=\"async\" width=\"800\" height=\"533\" data-attachment-id=\"124397\" data-permalink=\"https:\/\/www.hoymercedes.com.ar\/principal\/2021\/02\/05\/selva-celebro-la-reapertura-de-las-salas-de-la-biblioteca-del-congreso\/biblioteca-congreso\/#main\" data-orig-file=\"https:\/\/www.hoymercedes.com.ar\/principal\/wp-content\/uploads\/2021\/02\/biblioteca-congreso.png\" data-orig-size=\"800,533\" data-comments-opened=\"0\" data-image-meta=\"{&quot;aperture&quot;:&quot;0&quot;,&quot;credit&quot;:&quot;&quot;,&quot;camera&quot;:&quot;&quot;,&quot;caption&quot;:&quot;&quot;,&quot;created_timestamp&quot;:&quot;0&quot;,&quot;copyright&quot;:&quot;&quot;,&quot;focal_length&quot;:&quot;0&quot;,&quot;iso&quot;:&quot;0&quot;,&quot;shutter_speed&quot;:&quot;0&quot;,&quot;title&quot;:&quot;&quot;,&quot;orientation&quot;:&quot;0&quot;}\" data-image-title=\"biblioteca congreso\" data-image-description=\"\" data-image-caption=\"\" data-large-file=\"https:\/\/www.hoymercedes.com.ar\/principal\/wp-content\/uploads\/2021\/02\/biblioteca-congreso.png\" src=\"https:\/\/www.hoymercedes.com.ar\/principal\/wp-content\/uploads\/2021\/02\/biblioteca-congreso.png\" alt=\"\" class=\"wp-image-124397\" srcset=\"https:\/\/www.hoymercedes.com.ar\/principal\/wp-content\/uploads\/2021\/02\/biblioteca-congreso.png 800w, https:\/\/www.hoymercedes.com.ar\/principal\/wp-content\/uploads\/2021\/02\/biblioteca-congreso-630x420.png 630w, https:\/\/www.hoymercedes.com.ar\/principal\/wp-content\/uploads\/2021\/02\/biblioteca-congreso-150x100.png 150w, https:\/\/www.hoymercedes.com.ar\/principal\/wp-content\/uploads\/2021\/02\/biblioteca-congreso-700x465.png 700w\" sizes=\"auto, (max-width: 800px) 100vw, 800px\" \/><\/figure><\/div>\n","protected":false},"excerpt":{"rendered":"<p>El diputado nacional Carlos Selva, quien es presidente de la Biblioteca del Congreso de la Naci\u00f3n, celebr\u00f3 la reapertura de &#8230; <a title=\"Selva celebr\u00f3 la reapertura de las salas de la Biblioteca del Congreso\" class=\"read-more\" href=\"https:\/\/www.hoymercedes.com.ar\/principal\/2021\/02\/05\/selva-celebro-la-reapertura-de-las-salas-de-la-biblioteca-del-congreso\/\" aria-label=\"Leer m\u00e1s sobre Selva celebr\u00f3 la reapertura de las salas de la Biblioteca del Congreso\">Leer m\u00e1s<\/a><\/p>\n","protected":false},"author":1,"featured_media":124397,"comment_status":"closed","ping_status":"open","sticky":false,"template":"","format":"standard","meta":{"_monsterinsights_skip_tracking":false,"_monsterinsights_sitenote_active":false,"_monsterinsights_sitenote_note":"","_monsterinsights_sitenote_category":0,"jetpack_post_was_ever_published":false,"_jetpack_newsletter_access":"","_jetpack_dont_email_post_to_subs":false,"_jetpack_newsletter_tier_id":0,"_jetpack_memberships_contains_paywalled_content":false,"_jetpack_memberships_contains_paid_content":false,"footnotes":"","jetpack_publicize_message":"","jetpack_publicize_feature_enabled":true,"jetpack_social_post_already_shared":true,"jetpack_social_options":{"image_generator_settings":{"template":"highway","default_image_id":0,"font":"","enabled":false},"version":2},"_wpas_customize_per_network":false},"categories":[17182],"tags":[11227,39,11364],"class_list":["post-124396","post","type-post","status-publish","format-standard","has-post-thumbnail","hentry","category-nacion","tag-biblioteca-del-congreso","tag-carlos-selva","tag-reapertura","generate-columns","tablet-grid-50","mobile-grid-100","grid-parent","grid-50"],"jetpack_publicize_connections":[],"jetpack_featured_media_url":"https:\/\/www.hoymercedes.com.ar\/principal\/wp-content\/uploads\/2021\/02\/biblioteca-congreso.png","wps_subtitle":"Actividad legislativa","jetpack_sharing_enabled":true,"_links":{"self":[{"href":"https:\/\/www.hoymercedes.com.ar\/principal\/wp-json\/wp\/v2\/posts\/124396","targetHints":{"allow":["GET"]}}],"collection":[{"href":"https:\/\/www.hoymercedes.com.ar\/principal\/wp-json\/wp\/v2\/posts"}],"about":[{"href":"https:\/\/www.hoymercedes.com.ar\/principal\/wp-json\/wp\/v2\/types\/post"}],"author":[{"embeddable":true,"href":"https:\/\/www.hoymercedes.com.ar\/principal\/wp-json\/wp\/v2\/users\/1"}],"replies":[{"embeddable":true,"href":"https:\/\/www.hoymercedes.com.ar\/principal\/wp-json\/wp\/v2\/comments?post=124396"}],"version-history":[{"count":0,"href":"https:\/\/www.hoymercedes.com.ar\/principal\/wp-json\/wp\/v2\/posts\/124396\/revisions"}],"wp:featuredmedia":[{"embeddable":true,"href":"https:\/\/www.hoymercedes.com.ar\/principal\/wp-json\/wp\/v2\/media\/124397"}],"wp:attachment":[{"href":"https:\/\/www.hoymercedes.com.ar\/principal\/wp-json\/wp\/v2\/media?parent=124396"}],"wp:term":[{"taxonomy":"category","embeddable":true,"href":"https:\/\/www.hoymercedes.com.ar\/principal\/wp-json\/wp\/v2\/categories?post=124396"},{"taxonomy":"post_tag","embeddable":true,"href":"https:\/\/www.hoymercedes.com.ar\/principal\/wp-json\/wp\/v2\/tags?post=124396"}],"curies":[{"name":"wp","href":"https:\/\/api.w.org\/{rel}","templated":true}]}}