{"id":124440,"date":"2021-02-07T11:37:52","date_gmt":"2021-02-07T14:37:52","guid":{"rendered":"http:\/\/www.hoymercedes.com.ar\/principal\/?p=124440"},"modified":"2021-02-07T11:37:58","modified_gmt":"2021-02-07T14:37:58","slug":"covid-en-lujan-se-confirmaron-29-nuevos-casos-positivos","status":"publish","type":"post","link":"https:\/\/www.hoymercedes.com.ar\/principal\/2021\/02\/07\/covid-en-lujan-se-confirmaron-29-nuevos-casos-positivos\/","title":{"rendered":"Covid en Luj\u00e1n: Se confirmaron 29 nuevos casos positivos"},"content":{"rendered":"\n<p>En su informe oficial N\u00b0 327, emitido este s\u00e1bado a las 7, la Secretar\u00eda de Salud del Ministerio de Salud inform\u00f3 que en las \u00faltimas 24 horas en el Partido de Luj\u00e1n confirmaron 29 nuevos casos positivos de coronavirus.<\/p>\n\n\n\n<p>\u201cTodos los casos son asistidos seg\u00fan el protocolo de Covid-19 y en coordinaci\u00f3n con la Regi\u00f3n Sanitaria 7\u201d, se\u00f1alaron desde la cartera sanitaria.<\/p>\n\n\n\n<p>Hasta el momento, el Partido de Luj\u00e1n registra 5.690 casos positivos (de los cuales 136 fallecieron, 4.056 fueron dados de alta y 1.498 se encuentran en tratamiento) y 10.662 casos descartados.<\/p>\n\n\n\n<p>Fuente: Luj\u00e1n Hoy<\/p>\n","protected":false},"excerpt":{"rendered":"<p>En su informe oficial N\u00b0 327, emitido este s\u00e1bado a las 7, la Secretar\u00eda de Salud del Ministerio de Salud &#8230; <a title=\"Covid en Luj\u00e1n: Se confirmaron 29 nuevos casos positivos\" class=\"read-more\" href=\"https:\/\/www.hoymercedes.com.ar\/principal\/2021\/02\/07\/covid-en-lujan-se-confirmaron-29-nuevos-casos-positivos\/\" aria-label=\"Leer m\u00e1s sobre Covid en Luj\u00e1n: Se confirmaron 29 nuevos casos positivos\">Leer m\u00e1s<\/a><\/p>\n","protected":false},"author":1,"featured_media":107707,"comment_status":"closed","ping_status":"open","sticky":false,"template":"","format":"standard","meta":{"_monsterinsights_skip_tracking":false,"_monsterinsights_sitenote_active":false,"_monsterinsights_sitenote_note":"","_monsterinsights_sitenote_category":0,"jetpack_post_was_ever_published":false,"_jetpack_newsletter_access":"","_jetpack_dont_email_post_to_subs":false,"_jetpack_newsletter_tier_id":0,"_jetpack_memberships_contains_paywalled_content":false,"_jetpack_memberships_contains_paid_content":false,"footnotes":"","jetpack_publicize_message":"","jetpack_publicize_feature_enabled":true,"jetpack_social_post_already_shared":true,"jetpack_social_options":{"image_generator_settings":{"template":"highway","default_image_id":0,"font":"","enabled":false},"version":2},"_wpas_customize_per_network":false},"categories":[5501],"tags":[],"class_list":["post-124440","post","type-post","status-publish","format-standard","has-post-thumbnail","hentry","category-region","generate-columns","tablet-grid-50","mobile-grid-100","grid-parent","grid-50"],"jetpack_publicize_connections":[],"jetpack_featured_media_url":"https:\/\/www.hoymercedes.com.ar\/principal\/wp-content\/uploads\/2020\/03\/covid-coronavirus.jpg","wps_subtitle":"","jetpack_sharing_enabled":true,"_links":{"self":[{"href":"https:\/\/www.hoymercedes.com.ar\/principal\/wp-json\/wp\/v2\/posts\/124440","targetHints":{"allow":["GET"]}}],"collection":[{"href":"https:\/\/www.hoymercedes.com.ar\/principal\/wp-json\/wp\/v2\/posts"}],"about":[{"href":"https:\/\/www.hoymercedes.com.ar\/principal\/wp-json\/wp\/v2\/types\/post"}],"author":[{"embeddable":true,"href":"https:\/\/www.hoymercedes.com.ar\/principal\/wp-json\/wp\/v2\/users\/1"}],"replies":[{"embeddable":true,"href":"https:\/\/www.hoymercedes.com.ar\/principal\/wp-json\/wp\/v2\/comments?post=124440"}],"version-history":[{"count":0,"href":"https:\/\/www.hoymercedes.com.ar\/principal\/wp-json\/wp\/v2\/posts\/124440\/revisions"}],"wp:featuredmedia":[{"embeddable":true,"href":"https:\/\/www.hoymercedes.com.ar\/principal\/wp-json\/wp\/v2\/media\/107707"}],"wp:attachment":[{"href":"https:\/\/www.hoymercedes.com.ar\/principal\/wp-json\/wp\/v2\/media?parent=124440"}],"wp:term":[{"taxonomy":"category","embeddable":true,"href":"https:\/\/www.hoymercedes.com.ar\/principal\/wp-json\/wp\/v2\/categories?post=124440"},{"taxonomy":"post_tag","embeddable":true,"href":"https:\/\/www.hoymercedes.com.ar\/principal\/wp-json\/wp\/v2\/tags?post=124440"}],"curies":[{"name":"wp","href":"https:\/\/api.w.org\/{rel}","templated":true}]}}