{"id":124454,"date":"2021-02-07T13:20:34","date_gmt":"2021-02-07T16:20:34","guid":{"rendered":"http:\/\/www.hoymercedes.com.ar\/principal\/?p=124454"},"modified":"2021-02-07T13:20:40","modified_gmt":"2021-02-07T16:20:40","slug":"visito-mercedes-la-diputada-provincial-noelia-ruiz","status":"publish","type":"post","link":"https:\/\/www.hoymercedes.com.ar\/principal\/2021\/02\/07\/visito-mercedes-la-diputada-provincial-noelia-ruiz\/","title":{"rendered":"Visit\u00f3 Mercedes la Diputada Provincial Noelia Ruiz"},"content":{"rendered":"\n<p>En la tarde del viernes se hizo presente en Mercedes la Diputada Provincial del bloque PRO &#8211; Juntos por el Cambio, Noelia Ruiz. Aprovech\u00f3 su visita para reunirse con las mujeres concejales del bloque Juntos por el Cambio, as\u00ed como con las mujeres representantes de las agupaciones que integran el frente pol\u00edtico, para luego visitar la zona rural para conocer la problem\u00e1tica de la regi\u00f3n. <\/p>\n\n\n\n<div class=\"wp-block-image\"><figure class=\"aligncenter size-large\"><img loading=\"lazy\" decoding=\"async\" width=\"800\" height=\"533\" data-attachment-id=\"124452\" data-permalink=\"https:\/\/www.hoymercedes.com.ar\/principal\/2021\/02\/07\/entregan-bienes-a-la-comisaria-primera-de-mercedes\/whatsapp-image-2021-02-04-at-21-33-18\/#main\" data-orig-file=\"https:\/\/www.hoymercedes.com.ar\/principal\/wp-content\/uploads\/2021\/02\/WhatsApp-Image-2021-02-04-at-21.33.18.jpeg\" data-orig-size=\"800,533\" data-comments-opened=\"0\" data-image-meta=\"{&quot;aperture&quot;:&quot;0&quot;,&quot;credit&quot;:&quot;&quot;,&quot;camera&quot;:&quot;&quot;,&quot;caption&quot;:&quot;&quot;,&quot;created_timestamp&quot;:&quot;1612475252&quot;,&quot;copyright&quot;:&quot;&quot;,&quot;focal_length&quot;:&quot;0&quot;,&quot;iso&quot;:&quot;0&quot;,&quot;shutter_speed&quot;:&quot;0&quot;,&quot;title&quot;:&quot;&quot;,&quot;orientation&quot;:&quot;1&quot;}\" data-image-title=\"WhatsApp Image 2021-02-04 at 21.33.18\" data-image-description=\"\" data-image-caption=\"\" data-large-file=\"https:\/\/www.hoymercedes.com.ar\/principal\/wp-content\/uploads\/2021\/02\/WhatsApp-Image-2021-02-04-at-21.33.18.jpeg\" src=\"https:\/\/www.hoymercedes.com.ar\/principal\/wp-content\/uploads\/2021\/02\/WhatsApp-Image-2021-02-04-at-21.33.18.jpeg\" alt=\"\" class=\"wp-image-124452\" srcset=\"https:\/\/www.hoymercedes.com.ar\/principal\/wp-content\/uploads\/2021\/02\/WhatsApp-Image-2021-02-04-at-21.33.18.jpeg 800w, https:\/\/www.hoymercedes.com.ar\/principal\/wp-content\/uploads\/2021\/02\/WhatsApp-Image-2021-02-04-at-21.33.18-630x420.jpeg 630w, https:\/\/www.hoymercedes.com.ar\/principal\/wp-content\/uploads\/2021\/02\/WhatsApp-Image-2021-02-04-at-21.33.18-150x100.jpeg 150w, https:\/\/www.hoymercedes.com.ar\/principal\/wp-content\/uploads\/2021\/02\/WhatsApp-Image-2021-02-04-at-21.33.18-700x465.jpeg 700w\" sizes=\"auto, (max-width: 800px) 100vw, 800px\" \/><figcaption>Junto a los referentes del PRO local convers\u00f3 con los habitantes de la zona rural<\/figcaption><\/figure><\/div>\n\n\n\n<p>En el encuentro con las mujeres de Juntos por el Cambio de Mercedes el tema principal fue la continuidad de la lucha contra la violencia de g\u00e9nero y la ley aprobada recientemente en la provincia de Buenos Aires. \u00abHoy en el pa\u00eds muere una mujer cada 23 horas. Una cifra alarmante. El a\u00f1o pasado era cada 29 horas. Los famicidios no se detienen y en eso basamo una buena parte de nuestra agenda de trabajo\u00bb, explic\u00f3 la Diputada Provincial. <\/p>\n\n\n\n<div class=\"wp-block-image\"><figure class=\"aligncenter size-large\"><img loading=\"lazy\" decoding=\"async\" width=\"796\" height=\"530\" data-attachment-id=\"124451\" data-permalink=\"https:\/\/www.hoymercedes.com.ar\/principal\/2021\/02\/07\/entregan-bienes-a-la-comisaria-primera-de-mercedes\/whatsapp-image-2021-02-04-at-21-33-15\/#main\" data-orig-file=\"https:\/\/www.hoymercedes.com.ar\/principal\/wp-content\/uploads\/2021\/02\/WhatsApp-Image-2021-02-04-at-21.33.15.jpeg\" data-orig-size=\"796,530\" data-comments-opened=\"0\" data-image-meta=\"{&quot;aperture&quot;:&quot;0&quot;,&quot;credit&quot;:&quot;&quot;,&quot;camera&quot;:&quot;&quot;,&quot;caption&quot;:&quot;&quot;,&quot;created_timestamp&quot;:&quot;1612475246&quot;,&quot;copyright&quot;:&quot;&quot;,&quot;focal_length&quot;:&quot;0&quot;,&quot;iso&quot;:&quot;0&quot;,&quot;shutter_speed&quot;:&quot;0&quot;,&quot;title&quot;:&quot;&quot;,&quot;orientation&quot;:&quot;1&quot;}\" data-image-title=\"WhatsApp Image 2021-02-04 at 21.33.15\" data-image-description=\"\" data-image-caption=\"\" data-large-file=\"https:\/\/www.hoymercedes.com.ar\/principal\/wp-content\/uploads\/2021\/02\/WhatsApp-Image-2021-02-04-at-21.33.15.jpeg\" src=\"https:\/\/www.hoymercedes.com.ar\/principal\/wp-content\/uploads\/2021\/02\/WhatsApp-Image-2021-02-04-at-21.33.15.jpeg\" alt=\"\" class=\"wp-image-124451\" srcset=\"https:\/\/www.hoymercedes.com.ar\/principal\/wp-content\/uploads\/2021\/02\/WhatsApp-Image-2021-02-04-at-21.33.15.jpeg 796w, https:\/\/www.hoymercedes.com.ar\/principal\/wp-content\/uploads\/2021\/02\/WhatsApp-Image-2021-02-04-at-21.33.15-630x419.jpeg 630w, https:\/\/www.hoymercedes.com.ar\/principal\/wp-content\/uploads\/2021\/02\/WhatsApp-Image-2021-02-04-at-21.33.15-150x100.jpeg 150w, https:\/\/www.hoymercedes.com.ar\/principal\/wp-content\/uploads\/2021\/02\/WhatsApp-Image-2021-02-04-at-21.33.15-700x465.jpeg 700w\" sizes=\"auto, (max-width: 796px) 100vw, 796px\" \/><figcaption>En su recorrido, la Diputada provincial se acerc\u00f3 a conocer la problem\u00e1tica del puente de Garc\u00eda.<\/figcaption><\/figure><\/div>\n\n\n\n<p>Por otra parte, aprovech\u00f3 su llegada a Mercedes para recorrer la localidad de J.M. Garc\u00eda para ver las condiciones del puente que une la localidad rural con la ciudad cabercera del partido de Mercedes. \u00abEsta situaci\u00f3n no solo se agrava por el basural que empez\u00f3 a formarse al costado de lo que era un puente, sino que se acerca la \u00e9poca de cosecha y el comienzo de las clases, y las personas que viven y trabajan en estos campos, est\u00e1n entre 3 y 8 km de la ruta 5, quedan pr\u00e1cticamente aisladas, vi\u00e9ndose obligadas a hacer m\u00e1s de 27 km por caminos de tierra para llegar a su lugar de trabajo o poder mandar a sus hijos a la escuela. Y por supuesto, esto es siempre y cuando las condiciones clim\u00e1ticas lo permitan\u00bb, explica Noelia. <\/p>\n\n\n\n<div class=\"wp-block-image\"><figure class=\"aligncenter size-large\"><img loading=\"lazy\" decoding=\"async\" width=\"800\" height=\"369\" data-attachment-id=\"124450\" data-permalink=\"https:\/\/www.hoymercedes.com.ar\/principal\/2021\/02\/07\/entregan-bienes-a-la-comisaria-primera-de-mercedes\/whatsapp-image-2021-02-04-at-21-29-52\/#main\" data-orig-file=\"https:\/\/www.hoymercedes.com.ar\/principal\/wp-content\/uploads\/2021\/02\/WhatsApp-Image-2021-02-04-at-21.29.52.jpeg\" data-orig-size=\"800,369\" data-comments-opened=\"0\" data-image-meta=\"{&quot;aperture&quot;:&quot;0&quot;,&quot;credit&quot;:&quot;&quot;,&quot;camera&quot;:&quot;&quot;,&quot;caption&quot;:&quot;&quot;,&quot;created_timestamp&quot;:&quot;0&quot;,&quot;copyright&quot;:&quot;&quot;,&quot;focal_length&quot;:&quot;0&quot;,&quot;iso&quot;:&quot;0&quot;,&quot;shutter_speed&quot;:&quot;0&quot;,&quot;title&quot;:&quot;&quot;,&quot;orientation&quot;:&quot;0&quot;}\" data-image-title=\"WhatsApp Image 2021-02-04 at 21.29.52\" data-image-description=\"\" data-image-caption=\"\" data-large-file=\"https:\/\/www.hoymercedes.com.ar\/principal\/wp-content\/uploads\/2021\/02\/WhatsApp-Image-2021-02-04-at-21.29.52.jpeg\" src=\"https:\/\/www.hoymercedes.com.ar\/principal\/wp-content\/uploads\/2021\/02\/WhatsApp-Image-2021-02-04-at-21.29.52.jpeg\" alt=\"\" class=\"wp-image-124450\" srcset=\"https:\/\/www.hoymercedes.com.ar\/principal\/wp-content\/uploads\/2021\/02\/WhatsApp-Image-2021-02-04-at-21.29.52.jpeg 800w, https:\/\/www.hoymercedes.com.ar\/principal\/wp-content\/uploads\/2021\/02\/WhatsApp-Image-2021-02-04-at-21.29.52-630x291.jpeg 630w, https:\/\/www.hoymercedes.com.ar\/principal\/wp-content\/uploads\/2021\/02\/WhatsApp-Image-2021-02-04-at-21.29.52-150x69.jpeg 150w\" sizes=\"auto, (max-width: 800px) 100vw, 800px\" \/><figcaption>La DIputada Ruiz acompa\u00f1ada de las concejales y referentes de Juntos por el Cambio Mercedes<\/figcaption><\/figure><\/div>\n","protected":false},"excerpt":{"rendered":"<p>En la tarde del viernes se hizo presente en Mercedes la Diputada Provincial del bloque PRO &#8211; Juntos por el &#8230; <a title=\"Visit\u00f3 Mercedes la Diputada Provincial Noelia Ruiz\" class=\"read-more\" href=\"https:\/\/www.hoymercedes.com.ar\/principal\/2021\/02\/07\/visito-mercedes-la-diputada-provincial-noelia-ruiz\/\" aria-label=\"Leer m\u00e1s sobre Visit\u00f3 Mercedes la Diputada Provincial Noelia Ruiz\">Leer m\u00e1s<\/a><\/p>\n","protected":false},"author":1,"featured_media":124450,"comment_status":"closed","ping_status":"open","sticky":false,"template":"","format":"standard","meta":{"_monsterinsights_skip_tracking":false,"_monsterinsights_sitenote_active":false,"_monsterinsights_sitenote_note":"","_monsterinsights_sitenote_category":0,"jetpack_post_was_ever_published":false,"_jetpack_newsletter_access":"","_jetpack_dont_email_post_to_subs":false,"_jetpack_newsletter_tier_id":0,"_jetpack_memberships_contains_paywalled_content":false,"_jetpack_memberships_contains_paid_content":false,"footnotes":"","jetpack_publicize_message":"","jetpack_publicize_feature_enabled":true,"jetpack_social_post_already_shared":true,"jetpack_social_options":{"image_generator_settings":{"template":"highway","default_image_id":0,"font":"","enabled":false},"version":2},"_wpas_customize_per_network":false},"categories":[5],"tags":[],"class_list":["post-124454","post","type-post","status-publish","format-standard","has-post-thumbnail","hentry","category-politica","generate-columns","tablet-grid-50","mobile-grid-100","grid-parent","grid-50"],"jetpack_publicize_connections":[],"jetpack_featured_media_url":"https:\/\/www.hoymercedes.com.ar\/principal\/wp-content\/uploads\/2021\/02\/WhatsApp-Image-2021-02-04-at-21.29.52.jpeg","wps_subtitle":"","jetpack_sharing_enabled":true,"_links":{"self":[{"href":"https:\/\/www.hoymercedes.com.ar\/principal\/wp-json\/wp\/v2\/posts\/124454","targetHints":{"allow":["GET"]}}],"collection":[{"href":"https:\/\/www.hoymercedes.com.ar\/principal\/wp-json\/wp\/v2\/posts"}],"about":[{"href":"https:\/\/www.hoymercedes.com.ar\/principal\/wp-json\/wp\/v2\/types\/post"}],"author":[{"embeddable":true,"href":"https:\/\/www.hoymercedes.com.ar\/principal\/wp-json\/wp\/v2\/users\/1"}],"replies":[{"embeddable":true,"href":"https:\/\/www.hoymercedes.com.ar\/principal\/wp-json\/wp\/v2\/comments?post=124454"}],"version-history":[{"count":0,"href":"https:\/\/www.hoymercedes.com.ar\/principal\/wp-json\/wp\/v2\/posts\/124454\/revisions"}],"wp:featuredmedia":[{"embeddable":true,"href":"https:\/\/www.hoymercedes.com.ar\/principal\/wp-json\/wp\/v2\/media\/124450"}],"wp:attachment":[{"href":"https:\/\/www.hoymercedes.com.ar\/principal\/wp-json\/wp\/v2\/media?parent=124454"}],"wp:term":[{"taxonomy":"category","embeddable":true,"href":"https:\/\/www.hoymercedes.com.ar\/principal\/wp-json\/wp\/v2\/categories?post=124454"},{"taxonomy":"post_tag","embeddable":true,"href":"https:\/\/www.hoymercedes.com.ar\/principal\/wp-json\/wp\/v2\/tags?post=124454"}],"curies":[{"name":"wp","href":"https:\/\/api.w.org\/{rel}","templated":true}]}}