{"id":124486,"date":"2021-02-08T15:39:00","date_gmt":"2021-02-08T18:39:00","guid":{"rendered":"http:\/\/www.hoymercedes.com.ar\/principal\/?p=124486"},"modified":"2021-02-08T18:06:42","modified_gmt":"2021-02-08T21:06:42","slug":"feria-limon-version-extendida","status":"publish","type":"post","link":"https:\/\/www.hoymercedes.com.ar\/principal\/2021\/02\/08\/feria-limon-version-extendida\/","title":{"rendered":"\u201cFeria Lim\u00f3n\u201d versi\u00f3n extendida"},"content":{"rendered":"\n<p><strong><em>La tercera edici\u00f3n de esta feria de artesanos y emprendedores locales se llevar\u00e1 a cabo el pr\u00f3ximo s\u00e1bado 13 y domingo 14 de febrero de 18 a 22 horas.  Para esta oportunidad, se realizar\u00e1 en la calle del Centro Cultural El Limonero, ubicado en calle 21 entre 14 y 16.<\/em><\/strong><\/p>\n\n\n\n<div class=\"wp-block-image\"><figure class=\"aligncenter size-large\"><img loading=\"lazy\" decoding=\"async\" width=\"696\" height=\"522\" data-attachment-id=\"124487\" data-permalink=\"https:\/\/www.hoymercedes.com.ar\/principal\/2021\/02\/08\/feria-limon-version-extendida\/limon-2-696x522-1\/#main\" data-orig-file=\"https:\/\/www.hoymercedes.com.ar\/principal\/wp-content\/uploads\/2021\/02\/Limon-2-696x522-1.jpg\" data-orig-size=\"696,522\" data-comments-opened=\"0\" data-image-meta=\"{&quot;aperture&quot;:&quot;0&quot;,&quot;credit&quot;:&quot;&quot;,&quot;camera&quot;:&quot;&quot;,&quot;caption&quot;:&quot;&quot;,&quot;created_timestamp&quot;:&quot;0&quot;,&quot;copyright&quot;:&quot;&quot;,&quot;focal_length&quot;:&quot;0&quot;,&quot;iso&quot;:&quot;0&quot;,&quot;shutter_speed&quot;:&quot;0&quot;,&quot;title&quot;:&quot;&quot;,&quot;orientation&quot;:&quot;0&quot;}\" data-image-title=\"Limon-2-696&amp;#215;522-1\" data-image-description=\"\" data-image-caption=\"\" data-large-file=\"https:\/\/www.hoymercedes.com.ar\/principal\/wp-content\/uploads\/2021\/02\/Limon-2-696x522-1.jpg\" src=\"https:\/\/www.hoymercedes.com.ar\/principal\/wp-content\/uploads\/2021\/02\/Limon-2-696x522-1.jpg\" alt=\"\" class=\"wp-image-124487\" srcset=\"https:\/\/www.hoymercedes.com.ar\/principal\/wp-content\/uploads\/2021\/02\/Limon-2-696x522-1.jpg 696w, https:\/\/www.hoymercedes.com.ar\/principal\/wp-content\/uploads\/2021\/02\/Limon-2-696x522-1-630x473.jpg 630w, https:\/\/www.hoymercedes.com.ar\/principal\/wp-content\/uploads\/2021\/02\/Limon-2-696x522-1-150x113.jpg 150w\" sizes=\"auto, (max-width: 696px) 100vw, 696px\" \/><\/figure><\/div>\n\n\n\n<p>En el marco del pr\u00f3ximo fin de semana de carnaval, desde el Centro Cultural El Limonero llevar\u00e1n a cabo la tercera edici\u00f3n de la \u201cFeria Lim\u00f3n\u201d, con novedades respecto de sus versiones anteriores, sumando m\u00e1s d\u00edas y mayor espacio para el disfrute de los mercedinos.<\/p>\n\n\n\n<p>Este lugar de encuentro, \u201ctiene por objetivo poner en movimiento la econom\u00eda de los artistas y emprendedores de nuestra ciudad con la cultura c\u00f3mo nexo, buscando generar un vinculo con toda la comunidad. Incentivando las producciones y emprendimientos locales, tanto las que surgen del trabajo artesanal, como producciones de los artistas visuales\u201d sostienen desde el espacio cultural.<\/p>\n\n\n\n<p>Esta tercera edici\u00f3n se llevar\u00e1 a cabo el s\u00e1bado 13 y domingo 14 de febrero de 18 a 22 horas, en calle 21 entre 14 y 16.<\/p>\n\n\n\n<p>\u201cEn esta oportunidad copamos la calle del Limonero! Los esperamos para compartir arte y conocer muchos emprendedores mercedinos\u201d concluyen Pablo Russo y Pablo &nbsp;Rodr\u00edguez, organizadores del evento.<\/p>\n\n\n\n<p>Colaboraci\u00f3n: Mariano Oyraz\u00fa<\/p>\n\n\n\n<div class=\"wp-block-image\"><figure class=\"aligncenter size-large\"><img loading=\"lazy\" decoding=\"async\" width=\"509\" height=\"720\" data-attachment-id=\"124490\" data-permalink=\"https:\/\/www.hoymercedes.com.ar\/principal\/2021\/02\/08\/feria-limon-version-extendida\/08-limon\/#main\" data-orig-file=\"https:\/\/www.hoymercedes.com.ar\/principal\/wp-content\/uploads\/2021\/02\/08-limon.jpg\" data-orig-size=\"509,720\" data-comments-opened=\"0\" data-image-meta=\"{&quot;aperture&quot;:&quot;0&quot;,&quot;credit&quot;:&quot;&quot;,&quot;camera&quot;:&quot;&quot;,&quot;caption&quot;:&quot;&quot;,&quot;created_timestamp&quot;:&quot;0&quot;,&quot;copyright&quot;:&quot;&quot;,&quot;focal_length&quot;:&quot;0&quot;,&quot;iso&quot;:&quot;0&quot;,&quot;shutter_speed&quot;:&quot;0&quot;,&quot;title&quot;:&quot;&quot;,&quot;orientation&quot;:&quot;0&quot;}\" data-image-title=\"08-limon\" data-image-description=\"\" data-image-caption=\"\" data-large-file=\"https:\/\/www.hoymercedes.com.ar\/principal\/wp-content\/uploads\/2021\/02\/08-limon.jpg\" src=\"https:\/\/www.hoymercedes.com.ar\/principal\/wp-content\/uploads\/2021\/02\/08-limon.jpg\" alt=\"\" class=\"wp-image-124490\" srcset=\"https:\/\/www.hoymercedes.com.ar\/principal\/wp-content\/uploads\/2021\/02\/08-limon.jpg 509w, https:\/\/www.hoymercedes.com.ar\/principal\/wp-content\/uploads\/2021\/02\/08-limon-438x620.jpg 438w, https:\/\/www.hoymercedes.com.ar\/principal\/wp-content\/uploads\/2021\/02\/08-limon-106x150.jpg 106w\" sizes=\"auto, (max-width: 509px) 100vw, 509px\" \/><\/figure><\/div>\n\n\n\n<p><\/p>\n","protected":false},"excerpt":{"rendered":"<p>La tercera edici\u00f3n de esta feria de artesanos y emprendedores locales se llevar\u00e1 a cabo el pr\u00f3ximo s\u00e1bado 13 y &#8230; <a title=\"\u201cFeria Lim\u00f3n\u201d versi\u00f3n extendida\" class=\"read-more\" href=\"https:\/\/www.hoymercedes.com.ar\/principal\/2021\/02\/08\/feria-limon-version-extendida\/\" aria-label=\"Leer m\u00e1s sobre \u201cFeria Lim\u00f3n\u201d versi\u00f3n extendida\">Leer m\u00e1s<\/a><\/p>\n","protected":false},"author":1,"featured_media":124487,"comment_status":"closed","ping_status":"open","sticky":false,"template":"","format":"standard","meta":{"_monsterinsights_skip_tracking":false,"_monsterinsights_sitenote_active":false,"_monsterinsights_sitenote_note":"","_monsterinsights_sitenote_category":0,"jetpack_post_was_ever_published":false,"_jetpack_newsletter_access":"","_jetpack_dont_email_post_to_subs":false,"_jetpack_newsletter_tier_id":0,"_jetpack_memberships_contains_paywalled_content":false,"_jetpack_memberships_contains_paid_content":false,"footnotes":"","jetpack_publicize_message":"","jetpack_publicize_feature_enabled":true,"jetpack_social_post_already_shared":true,"jetpack_social_options":{"image_generator_settings":{"template":"highway","default_image_id":0,"font":"","enabled":false},"version":2},"_wpas_customize_per_network":false},"categories":[104],"tags":[7805,522,17519],"class_list":["post-124486","post","type-post","status-publish","format-standard","has-post-thumbnail","hentry","category-cultura","tag-cultura","tag-el-limonero","tag-feria-limon","generate-columns","tablet-grid-50","mobile-grid-100","grid-parent","grid-50"],"jetpack_publicize_connections":[],"jetpack_featured_media_url":"https:\/\/www.hoymercedes.com.ar\/principal\/wp-content\/uploads\/2021\/02\/Limon-2-696x522-1.jpg","wps_subtitle":"Para el 13 y 14 de febrero","jetpack_sharing_enabled":true,"_links":{"self":[{"href":"https:\/\/www.hoymercedes.com.ar\/principal\/wp-json\/wp\/v2\/posts\/124486","targetHints":{"allow":["GET"]}}],"collection":[{"href":"https:\/\/www.hoymercedes.com.ar\/principal\/wp-json\/wp\/v2\/posts"}],"about":[{"href":"https:\/\/www.hoymercedes.com.ar\/principal\/wp-json\/wp\/v2\/types\/post"}],"author":[{"embeddable":true,"href":"https:\/\/www.hoymercedes.com.ar\/principal\/wp-json\/wp\/v2\/users\/1"}],"replies":[{"embeddable":true,"href":"https:\/\/www.hoymercedes.com.ar\/principal\/wp-json\/wp\/v2\/comments?post=124486"}],"version-history":[{"count":0,"href":"https:\/\/www.hoymercedes.com.ar\/principal\/wp-json\/wp\/v2\/posts\/124486\/revisions"}],"wp:featuredmedia":[{"embeddable":true,"href":"https:\/\/www.hoymercedes.com.ar\/principal\/wp-json\/wp\/v2\/media\/124487"}],"wp:attachment":[{"href":"https:\/\/www.hoymercedes.com.ar\/principal\/wp-json\/wp\/v2\/media?parent=124486"}],"wp:term":[{"taxonomy":"category","embeddable":true,"href":"https:\/\/www.hoymercedes.com.ar\/principal\/wp-json\/wp\/v2\/categories?post=124486"},{"taxonomy":"post_tag","embeddable":true,"href":"https:\/\/www.hoymercedes.com.ar\/principal\/wp-json\/wp\/v2\/tags?post=124486"}],"curies":[{"name":"wp","href":"https:\/\/api.w.org\/{rel}","templated":true}]}}