{"id":124503,"date":"2021-02-08T11:59:00","date_gmt":"2021-02-08T14:59:00","guid":{"rendered":"http:\/\/www.hoymercedes.com.ar\/principal\/?p=124503"},"modified":"2021-02-08T18:18:55","modified_gmt":"2021-02-08T21:18:55","slug":"asistencia-alimentaria-para-celiacos","status":"publish","type":"post","link":"https:\/\/www.hoymercedes.com.ar\/principal\/2021\/02\/08\/asistencia-alimentaria-para-celiacos\/","title":{"rendered":"Asistencia alimentaria para cel\u00edacos"},"content":{"rendered":"\n<p>El Ministerio de Desarrollo de la Comunidad informa que sigue disponible la tramitaci\u00f3n del beneficio que otorga el Programa de Asistencia Alimentaria al Paciente Cel\u00edaco (PAAC). La prestaci\u00f3n, cuyo monto fue actualizado en un 400% respecto a la gesti\u00f3n provincial anterior, se percibe a trav\u00e9s de una tarjeta y debe gestionarse en cada municipio.<\/p>\n\n\n\n<div class=\"wp-block-image\"><figure class=\"aligncenter size-large\"><img loading=\"lazy\" decoding=\"async\" width=\"840\" height=\"630\" data-attachment-id=\"124504\" data-permalink=\"https:\/\/www.hoymercedes.com.ar\/principal\/2021\/02\/08\/asistencia-alimentaria-para-celiacos\/celiacos3_630_1140\/#main\" data-orig-file=\"https:\/\/www.hoymercedes.com.ar\/principal\/wp-content\/uploads\/2021\/02\/celiacos3_630_1140.jpg\" data-orig-size=\"840,630\" data-comments-opened=\"0\" data-image-meta=\"{&quot;aperture&quot;:&quot;0&quot;,&quot;credit&quot;:&quot;&quot;,&quot;camera&quot;:&quot;&quot;,&quot;caption&quot;:&quot;&quot;,&quot;created_timestamp&quot;:&quot;0&quot;,&quot;copyright&quot;:&quot;&quot;,&quot;focal_length&quot;:&quot;0&quot;,&quot;iso&quot;:&quot;0&quot;,&quot;shutter_speed&quot;:&quot;0&quot;,&quot;title&quot;:&quot;&quot;,&quot;orientation&quot;:&quot;0&quot;}\" data-image-title=\"celiacos3_630_1140\" data-image-description=\"\" data-image-caption=\"\" data-large-file=\"https:\/\/www.hoymercedes.com.ar\/principal\/wp-content\/uploads\/2021\/02\/celiacos3_630_1140.jpg\" src=\"https:\/\/www.hoymercedes.com.ar\/principal\/wp-content\/uploads\/2021\/02\/celiacos3_630_1140.jpg\" alt=\"\" class=\"wp-image-124504\" srcset=\"https:\/\/www.hoymercedes.com.ar\/principal\/wp-content\/uploads\/2021\/02\/celiacos3_630_1140.jpg 840w, https:\/\/www.hoymercedes.com.ar\/principal\/wp-content\/uploads\/2021\/02\/celiacos3_630_1140-630x473.jpg 630w, https:\/\/www.hoymercedes.com.ar\/principal\/wp-content\/uploads\/2021\/02\/celiacos3_630_1140-150x113.jpg 150w\" sizes=\"auto, (max-width: 840px) 100vw, 840px\" \/><\/figure><\/div>\n\n\n\n<p>El derecho, que est\u00e1 destinado a las personas cel\u00edacas que no cuentan con cobertura de obra social, brinda un monto mensual de 2 mil pesos para la compra de los alimentos espec\u00edficos, a partir de la \u00faltima actualizaci\u00f3n que impuls\u00f3 el gobierno de Axel Kicillof. Anteriormente, durante la gesti\u00f3n de Mar\u00eda Eugenia Vidal, se percib\u00eda una mensualidad de $400.<\/p>\n\n\n\n<p>Para acceder al programa, los interesados deber\u00e1n acercarse a su municipio y presentar la certificaci\u00f3n diagnostica y negativa de ANSES. Adem\u00e1s, podr\u00e1n realizar consultas al correo electr\u00f3nico paac.mdc@gmail.com.<\/p>\n\n\n\n<p>El PAAC contribuye a garantizar la seguridad alimentaria en personas con condiciones de vulnerabilidad social, quienes por su celiaqu\u00eda necesitan asistencia especial. Para tal fin, el ministerio de Desarrollo de la Comunidad hace entrega de una tarjeta de d\u00e9bito, a trav\u00e9s del Banco Provincia, con un monto de dinero mensual destinado a la compra de alimentos.<\/p>\n","protected":false},"excerpt":{"rendered":"<p>El Ministerio de Desarrollo de la Comunidad informa que sigue disponible la tramitaci\u00f3n del beneficio que otorga el Programa de &#8230; <a title=\"Asistencia alimentaria para cel\u00edacos\" class=\"read-more\" href=\"https:\/\/www.hoymercedes.com.ar\/principal\/2021\/02\/08\/asistencia-alimentaria-para-celiacos\/\" aria-label=\"Leer m\u00e1s sobre Asistencia alimentaria para cel\u00edacos\">Leer m\u00e1s<\/a><\/p>\n","protected":false},"author":1,"featured_media":124504,"comment_status":"closed","ping_status":"open","sticky":false,"template":"","format":"standard","meta":{"_monsterinsights_skip_tracking":false,"_monsterinsights_sitenote_active":false,"_monsterinsights_sitenote_note":"","_monsterinsights_sitenote_category":0,"jetpack_post_was_ever_published":false,"_jetpack_newsletter_access":"","_jetpack_dont_email_post_to_subs":false,"_jetpack_newsletter_tier_id":0,"_jetpack_memberships_contains_paywalled_content":false,"_jetpack_memberships_contains_paid_content":false,"footnotes":"","jetpack_publicize_message":"","jetpack_publicize_feature_enabled":true,"jetpack_social_post_already_shared":true,"jetpack_social_options":{"image_generator_settings":{"template":"highway","default_image_id":0,"font":"","enabled":false},"version":2},"_wpas_customize_per_network":false},"categories":[8881],"tags":[13382,1803,16602],"class_list":["post-124503","post","type-post","status-publish","format-standard","has-post-thumbnail","hentry","category-provincia","tag-celiacos","tag-provincia","tag-sin-tacc","generate-columns","tablet-grid-50","mobile-grid-100","grid-parent","grid-50"],"jetpack_publicize_connections":[],"jetpack_featured_media_url":"https:\/\/www.hoymercedes.com.ar\/principal\/wp-content\/uploads\/2021\/02\/celiacos3_630_1140.jpg","wps_subtitle":"Programa provincia","jetpack_sharing_enabled":true,"_links":{"self":[{"href":"https:\/\/www.hoymercedes.com.ar\/principal\/wp-json\/wp\/v2\/posts\/124503","targetHints":{"allow":["GET"]}}],"collection":[{"href":"https:\/\/www.hoymercedes.com.ar\/principal\/wp-json\/wp\/v2\/posts"}],"about":[{"href":"https:\/\/www.hoymercedes.com.ar\/principal\/wp-json\/wp\/v2\/types\/post"}],"author":[{"embeddable":true,"href":"https:\/\/www.hoymercedes.com.ar\/principal\/wp-json\/wp\/v2\/users\/1"}],"replies":[{"embeddable":true,"href":"https:\/\/www.hoymercedes.com.ar\/principal\/wp-json\/wp\/v2\/comments?post=124503"}],"version-history":[{"count":0,"href":"https:\/\/www.hoymercedes.com.ar\/principal\/wp-json\/wp\/v2\/posts\/124503\/revisions"}],"wp:featuredmedia":[{"embeddable":true,"href":"https:\/\/www.hoymercedes.com.ar\/principal\/wp-json\/wp\/v2\/media\/124504"}],"wp:attachment":[{"href":"https:\/\/www.hoymercedes.com.ar\/principal\/wp-json\/wp\/v2\/media?parent=124503"}],"wp:term":[{"taxonomy":"category","embeddable":true,"href":"https:\/\/www.hoymercedes.com.ar\/principal\/wp-json\/wp\/v2\/categories?post=124503"},{"taxonomy":"post_tag","embeddable":true,"href":"https:\/\/www.hoymercedes.com.ar\/principal\/wp-json\/wp\/v2\/tags?post=124503"}],"curies":[{"name":"wp","href":"https:\/\/api.w.org\/{rel}","templated":true}]}}