{"id":124531,"date":"2021-02-09T10:10:08","date_gmt":"2021-02-09T13:10:08","guid":{"rendered":"http:\/\/www.hoymercedes.com.ar\/principal\/?p=124531"},"modified":"2021-02-09T14:52:27","modified_gmt":"2021-02-09T17:52:27","slug":"el-pro-mercedes-y-coalicion-civica-insisten-en-la-reparacion-del-puente-de-garcia","status":"publish","type":"post","link":"https:\/\/www.hoymercedes.com.ar\/principal\/2021\/02\/09\/el-pro-mercedes-y-coalicion-civica-insisten-en-la-reparacion-del-puente-de-garcia\/","title":{"rendered":"El PRO Mercedes y Coalici\u00f3n C\u00edvica insisten en la reparaci\u00f3n del puente de Garc\u00eda"},"content":{"rendered":"\n<p>El pasado viernes, el PRO Mercedes llev\u00f3 adelante una recorrida por la zona rural, en especial por Garc\u00eda para conocer la sitaci\u00f3n del puente que cruza el r\u00edo Luj\u00e1n. Junto a ellos, estuvieron los diputados provinciales Noelia Ruiz y Luciano Bugallo que se acercaron \u00abpara constatar el estado en que se encuentra luego del derrumbe del a\u00f1o pasado y evaluar las posibilidades de gestionar ante el gobierno provincial su pronta restauraci\u00f3n\u00bb.<\/p>\n\n\n\n<div class=\"wp-block-image\"><figure class=\"aligncenter size-large\"><img loading=\"lazy\" decoding=\"async\" width=\"796\" height=\"530\" data-attachment-id=\"124451\" data-permalink=\"https:\/\/www.hoymercedes.com.ar\/principal\/2021\/02\/07\/entregan-bienes-a-la-comisaria-primera-de-mercedes\/whatsapp-image-2021-02-04-at-21-33-15\/#main\" data-orig-file=\"https:\/\/www.hoymercedes.com.ar\/principal\/wp-content\/uploads\/2021\/02\/WhatsApp-Image-2021-02-04-at-21.33.15.jpeg\" data-orig-size=\"796,530\" data-comments-opened=\"0\" data-image-meta=\"{&quot;aperture&quot;:&quot;0&quot;,&quot;credit&quot;:&quot;&quot;,&quot;camera&quot;:&quot;&quot;,&quot;caption&quot;:&quot;&quot;,&quot;created_timestamp&quot;:&quot;1612475246&quot;,&quot;copyright&quot;:&quot;&quot;,&quot;focal_length&quot;:&quot;0&quot;,&quot;iso&quot;:&quot;0&quot;,&quot;shutter_speed&quot;:&quot;0&quot;,&quot;title&quot;:&quot;&quot;,&quot;orientation&quot;:&quot;1&quot;}\" data-image-title=\"WhatsApp Image 2021-02-04 at 21.33.15\" data-image-description=\"\" data-image-caption=\"\" data-large-file=\"https:\/\/www.hoymercedes.com.ar\/principal\/wp-content\/uploads\/2021\/02\/WhatsApp-Image-2021-02-04-at-21.33.15.jpeg\" src=\"https:\/\/www.hoymercedes.com.ar\/principal\/wp-content\/uploads\/2021\/02\/WhatsApp-Image-2021-02-04-at-21.33.15.jpeg\" alt=\"\" class=\"wp-image-124451\" srcset=\"https:\/\/www.hoymercedes.com.ar\/principal\/wp-content\/uploads\/2021\/02\/WhatsApp-Image-2021-02-04-at-21.33.15.jpeg 796w, https:\/\/www.hoymercedes.com.ar\/principal\/wp-content\/uploads\/2021\/02\/WhatsApp-Image-2021-02-04-at-21.33.15-630x419.jpeg 630w, https:\/\/www.hoymercedes.com.ar\/principal\/wp-content\/uploads\/2021\/02\/WhatsApp-Image-2021-02-04-at-21.33.15-150x100.jpeg 150w, https:\/\/www.hoymercedes.com.ar\/principal\/wp-content\/uploads\/2021\/02\/WhatsApp-Image-2021-02-04-at-21.33.15-700x465.jpeg 700w\" sizes=\"auto, (max-width: 796px) 100vw, 796px\" \/><\/figure><\/div>\n\n\n\n<p>\u00abEn el mes de febrero, varios productores agropecuarios y vecinos de la zona de Garc\u00eda, a trav\u00e9s de Mart\u00edn Bossi, referente de la Coalici\u00f3n C\u00edvica y productor agropecuario de la zona, se pusieron en contacto con el Diputado Luciano Bugallo para solicitarle la urgente reparaci\u00f3n del puente sobre el R\u00edo Luj\u00e1n de esta localidad que se derrumb\u00f3 el pasado 3 de septiembre de 2020. La urgencia de este pedido surge del inminente comienzo de la campa\u00f1a de cosecha de grano grueso, para la cual es de suma importancia esta v\u00eda de ingreso y egreso ya que conecta los establecimientos productivos con la ruta nacional 5 y por ende con las plantas de acopio\u00bb, explicaron.<\/p>\n\n\n\n<p>\u00abSi esta ruta no est\u00e1 transitable por el corte del puente, significa un incremento considerable en los costos de transporte para las personas que all\u00ed habitan, ya que el camino alternativo los lleva a recorrer mayores distancias y caminos en mal estado para llegar a destino\u00bb, agregan. <\/p>\n\n\n\n<p>Cabe recordar que los concejales de Juntos por el Cambio, preocupados por la situaci\u00f3n de las personas que viven en la zona, hicieron una presentaci\u00f3n solicitando al gobierno municipal acciones para solucionar tal problem\u00e1tica. Esta presentaci\u00f3n se realiz\u00f3 en el Concejo Deliberante el 4 de noviembre de 2020, a dos meses de la rotura del puente, viendo que no se ve\u00eda intervenci\u00f3n sobre el mismo. <\/p>\n\n\n\n<p>\u00abLamentablemente no fueron escuchados. Ante esta situaci\u00f3n, JxC Mercedes, est\u00e1 tendiendo todas las redes que est\u00e1n a su alcance para que la soluci\u00f3n llegue lo antes posible\u00bb, reiteran desde los partidos pol\u00edticos dentro de Juntos por el Cambio.<\/p>\n\n\n\n<p>Fuente: Prensa PRO<\/p>\n","protected":false},"excerpt":{"rendered":"<p>El pasado viernes, el PRO Mercedes llev\u00f3 adelante una recorrida por la zona rural, en especial por Garc\u00eda para conocer &#8230; <a title=\"El PRO Mercedes y Coalici\u00f3n C\u00edvica insisten en la reparaci\u00f3n del puente de Garc\u00eda\" class=\"read-more\" href=\"https:\/\/www.hoymercedes.com.ar\/principal\/2021\/02\/09\/el-pro-mercedes-y-coalicion-civica-insisten-en-la-reparacion-del-puente-de-garcia\/\" aria-label=\"Leer m\u00e1s sobre El PRO Mercedes y Coalici\u00f3n C\u00edvica insisten en la reparaci\u00f3n del puente de Garc\u00eda\">Leer m\u00e1s<\/a><\/p>\n","protected":false},"author":1,"featured_media":124451,"comment_status":"closed","ping_status":"open","sticky":false,"template":"","format":"standard","meta":{"_monsterinsights_skip_tracking":false,"_monsterinsights_sitenote_active":false,"_monsterinsights_sitenote_note":"","_monsterinsights_sitenote_category":0,"jetpack_post_was_ever_published":false,"_jetpack_newsletter_access":"","_jetpack_dont_email_post_to_subs":false,"_jetpack_newsletter_tier_id":0,"_jetpack_memberships_contains_paywalled_content":false,"_jetpack_memberships_contains_paid_content":false,"footnotes":"","jetpack_publicize_message":"","jetpack_publicize_feature_enabled":true,"jetpack_social_post_already_shared":true,"jetpack_social_options":{"image_generator_settings":{"template":"highway","default_image_id":0,"font":"","enabled":false},"version":2},"_wpas_customize_per_network":false},"categories":[5],"tags":[58,2185,17521,408],"class_list":["post-124531","post","type-post","status-publish","format-standard","has-post-thumbnail","hentry","category-politica","tag-coalicion-civica","tag-pro-mercedes","tag-reparacion-puente","tag-ucr","generate-columns","tablet-grid-50","mobile-grid-100","grid-parent","grid-50"],"jetpack_publicize_connections":[],"jetpack_featured_media_url":"https:\/\/www.hoymercedes.com.ar\/principal\/wp-content\/uploads\/2021\/02\/WhatsApp-Image-2021-02-04-at-21.33.15.jpeg","wps_subtitle":"Reclamo por la zona rural","jetpack_sharing_enabled":true,"_links":{"self":[{"href":"https:\/\/www.hoymercedes.com.ar\/principal\/wp-json\/wp\/v2\/posts\/124531","targetHints":{"allow":["GET"]}}],"collection":[{"href":"https:\/\/www.hoymercedes.com.ar\/principal\/wp-json\/wp\/v2\/posts"}],"about":[{"href":"https:\/\/www.hoymercedes.com.ar\/principal\/wp-json\/wp\/v2\/types\/post"}],"author":[{"embeddable":true,"href":"https:\/\/www.hoymercedes.com.ar\/principal\/wp-json\/wp\/v2\/users\/1"}],"replies":[{"embeddable":true,"href":"https:\/\/www.hoymercedes.com.ar\/principal\/wp-json\/wp\/v2\/comments?post=124531"}],"version-history":[{"count":0,"href":"https:\/\/www.hoymercedes.com.ar\/principal\/wp-json\/wp\/v2\/posts\/124531\/revisions"}],"wp:featuredmedia":[{"embeddable":true,"href":"https:\/\/www.hoymercedes.com.ar\/principal\/wp-json\/wp\/v2\/media\/124451"}],"wp:attachment":[{"href":"https:\/\/www.hoymercedes.com.ar\/principal\/wp-json\/wp\/v2\/media?parent=124531"}],"wp:term":[{"taxonomy":"category","embeddable":true,"href":"https:\/\/www.hoymercedes.com.ar\/principal\/wp-json\/wp\/v2\/categories?post=124531"},{"taxonomy":"post_tag","embeddable":true,"href":"https:\/\/www.hoymercedes.com.ar\/principal\/wp-json\/wp\/v2\/tags?post=124531"}],"curies":[{"name":"wp","href":"https:\/\/api.w.org\/{rel}","templated":true}]}}