{"id":124548,"date":"2021-02-09T20:33:54","date_gmt":"2021-02-09T23:33:54","guid":{"rendered":"http:\/\/www.hoymercedes.com.ar\/principal\/?p=124548"},"modified":"2021-02-10T18:11:18","modified_gmt":"2021-02-10T21:11:18","slug":"patricio-ballesty-estoy-muy-contento-con-este-nuevo-desafio","status":"publish","type":"post","link":"https:\/\/www.hoymercedes.com.ar\/principal\/2021\/02\/09\/patricio-ballesty-estoy-muy-contento-con-este-nuevo-desafio\/","title":{"rendered":"Patricio Ballesty \u201cestoy muy contento con este nuevo desaf\u00edo\u201d"},"content":{"rendered":"\n<p>El Intendente Municipal de Mercedes Juan Ignacio Ustarroz present\u00f3 al nuevo Director de Producci\u00f3n municipal. Se trata de el Ingeniero Agr\u00f3nomo Patricio Ballesty. La presentaci\u00f3n oficial del nuevo funcionario fue el lunes pasado en la oficina que lilderar\u00e1 y luego al resto de los integrantes del gabinete. <\/p>\n\n\n\n<div class=\"wp-block-image\"><figure class=\"aligncenter size-large\"><img loading=\"lazy\" decoding=\"async\" width=\"718\" height=\"524\" data-attachment-id=\"124551\" data-permalink=\"https:\/\/www.hoymercedes.com.ar\/principal\/2021\/02\/09\/patricio-ballesty-estoy-muy-contento-con-este-nuevo-desafio\/patricioballesty\/#main\" data-orig-file=\"https:\/\/www.hoymercedes.com.ar\/principal\/wp-content\/uploads\/2021\/02\/PatricioBallesty.jpeg\" data-orig-size=\"718,524\" data-comments-opened=\"0\" data-image-meta=\"{&quot;aperture&quot;:&quot;0&quot;,&quot;credit&quot;:&quot;&quot;,&quot;camera&quot;:&quot;&quot;,&quot;caption&quot;:&quot;&quot;,&quot;created_timestamp&quot;:&quot;1612901948&quot;,&quot;copyright&quot;:&quot;&quot;,&quot;focal_length&quot;:&quot;0&quot;,&quot;iso&quot;:&quot;0&quot;,&quot;shutter_speed&quot;:&quot;0&quot;,&quot;title&quot;:&quot;&quot;,&quot;orientation&quot;:&quot;1&quot;}\" data-image-title=\"PatricioBallesty\" data-image-description=\"\" data-image-caption=\"\" data-large-file=\"https:\/\/www.hoymercedes.com.ar\/principal\/wp-content\/uploads\/2021\/02\/PatricioBallesty.jpeg\" src=\"https:\/\/www.hoymercedes.com.ar\/principal\/wp-content\/uploads\/2021\/02\/PatricioBallesty.jpeg\" alt=\"\" class=\"wp-image-124551\" srcset=\"https:\/\/www.hoymercedes.com.ar\/principal\/wp-content\/uploads\/2021\/02\/PatricioBallesty.jpeg 718w, https:\/\/www.hoymercedes.com.ar\/principal\/wp-content\/uploads\/2021\/02\/PatricioBallesty-630x460.jpeg 630w, https:\/\/www.hoymercedes.com.ar\/principal\/wp-content\/uploads\/2021\/02\/PatricioBallesty-150x109.jpeg 150w\" sizes=\"auto, (max-width: 718px) 100vw, 718px\" \/><\/figure><\/div>\n\n\n\n<p>De acuerdo a la comunicaci\u00f3n enviada por el municipio, Patricio Ballesty es mercedino, egresado de la Universidad Nacional de Luj\u00e1n como Ingeniero Agr\u00f3nomo. Su experiencia profesional se desarroll\u00f3 en el \u00e1mbito privado, en producciones agr\u00edcolas y ganaderas. Tambi\u00e9n fue parte del organismo provincial ONCAA como auditor, en multinacionales de semillas e insumos agropecuarios, instancia la que le permiti\u00f3 recorrer el pa\u00eds. Asimismo estudi\u00f3 y trabaj\u00f3 en Estados Unidos, donde ocup\u00f3 roles gerenciales y asesor\u00f3 a productores agroecol\u00f3gicos y org\u00e1nicos en los \u00faltimos cinco a\u00f1os. \u00a0<\/p>\n\n\n\n<p>El ingeniero Ballestry destac\u00f3 que est\u00e1 \u00abmuy contento con este nuevo desaf\u00edo\u201d para comenzar su gesti\u00f3n participando de la presentaci\u00f3n de la carrera de Producci\u00f3n Agroecol\u00f3gica Pueriurbana que se dictar\u00e1 en Mercedes, adem\u00e1s de mantener encuentros con equipos de trabajo, recorridas de distintas \u00e1reas, reuniones de intercambio con otros funcionarios para empezar a articular intervenciones en conjunto, estudio del estado de situaci\u00f3n y la primera reuni\u00f3n de gabinete muy r\u00e1pidamente como protagonista, dado que era una, sino la m\u00e1s importante, novedad de ese encuentro de funcionarios de la gesti\u00f3n. \u00a0<\/p>\n","protected":false},"excerpt":{"rendered":"<p>El Intendente Municipal de Mercedes Juan Ignacio Ustarroz present\u00f3 al nuevo Director de Producci\u00f3n municipal. Se trata de el Ingeniero &#8230; <a title=\"Patricio Ballesty \u201cestoy muy contento con este nuevo desaf\u00edo\u201d\" class=\"read-more\" href=\"https:\/\/www.hoymercedes.com.ar\/principal\/2021\/02\/09\/patricio-ballesty-estoy-muy-contento-con-este-nuevo-desafio\/\" aria-label=\"Leer m\u00e1s sobre Patricio Ballesty \u201cestoy muy contento con este nuevo desaf\u00edo\u201d\">Leer m\u00e1s<\/a><\/p>\n","protected":false},"author":1,"featured_media":124551,"comment_status":"closed","ping_status":"open","sticky":false,"template":"","format":"standard","meta":{"_monsterinsights_skip_tracking":false,"_monsterinsights_sitenote_active":false,"_monsterinsights_sitenote_note":"","_monsterinsights_sitenote_category":0,"jetpack_post_was_ever_published":false,"_jetpack_newsletter_access":"","_jetpack_dont_email_post_to_subs":false,"_jetpack_newsletter_tier_id":0,"_jetpack_memberships_contains_paywalled_content":false,"_jetpack_memberships_contains_paid_content":false,"footnotes":"","jetpack_publicize_message":"","jetpack_publicize_feature_enabled":true,"jetpack_social_post_already_shared":true,"jetpack_social_options":{"image_generator_settings":{"template":"highway","default_image_id":0,"font":"","enabled":false},"version":2},"_wpas_customize_per_network":false},"categories":[30],"tags":[4939,9684,244],"class_list":["post-124548","post","type-post","status-publish","format-standard","has-post-thumbnail","hentry","category-municipio","tag-direccion-de-produccion","tag-gabinete","tag-municipio-2","generate-columns","tablet-grid-50","mobile-grid-100","grid-parent","grid-50"],"jetpack_publicize_connections":[],"jetpack_featured_media_url":"https:\/\/www.hoymercedes.com.ar\/principal\/wp-content\/uploads\/2021\/02\/PatricioBallesty.jpeg","wps_subtitle":"En la Direcci\u00f3n de Producci\u00f3n","jetpack_sharing_enabled":true,"_links":{"self":[{"href":"https:\/\/www.hoymercedes.com.ar\/principal\/wp-json\/wp\/v2\/posts\/124548","targetHints":{"allow":["GET"]}}],"collection":[{"href":"https:\/\/www.hoymercedes.com.ar\/principal\/wp-json\/wp\/v2\/posts"}],"about":[{"href":"https:\/\/www.hoymercedes.com.ar\/principal\/wp-json\/wp\/v2\/types\/post"}],"author":[{"embeddable":true,"href":"https:\/\/www.hoymercedes.com.ar\/principal\/wp-json\/wp\/v2\/users\/1"}],"replies":[{"embeddable":true,"href":"https:\/\/www.hoymercedes.com.ar\/principal\/wp-json\/wp\/v2\/comments?post=124548"}],"version-history":[{"count":0,"href":"https:\/\/www.hoymercedes.com.ar\/principal\/wp-json\/wp\/v2\/posts\/124548\/revisions"}],"wp:featuredmedia":[{"embeddable":true,"href":"https:\/\/www.hoymercedes.com.ar\/principal\/wp-json\/wp\/v2\/media\/124551"}],"wp:attachment":[{"href":"https:\/\/www.hoymercedes.com.ar\/principal\/wp-json\/wp\/v2\/media?parent=124548"}],"wp:term":[{"taxonomy":"category","embeddable":true,"href":"https:\/\/www.hoymercedes.com.ar\/principal\/wp-json\/wp\/v2\/categories?post=124548"},{"taxonomy":"post_tag","embeddable":true,"href":"https:\/\/www.hoymercedes.com.ar\/principal\/wp-json\/wp\/v2\/tags?post=124548"}],"curies":[{"name":"wp","href":"https:\/\/api.w.org\/{rel}","templated":true}]}}