{"id":124597,"date":"2021-02-10T21:21:22","date_gmt":"2021-02-11T00:21:22","guid":{"rendered":"http:\/\/www.hoymercedes.com.ar\/principal\/?p=124597"},"modified":"2021-02-10T21:24:54","modified_gmt":"2021-02-11T00:24:54","slug":"el-femicida-de-ursula-tiene-una-causa-por-abuso-sexual-en-mercedes","status":"publish","type":"post","link":"https:\/\/www.hoymercedes.com.ar\/principal\/2021\/02\/10\/el-femicida-de-ursula-tiene-una-causa-por-abuso-sexual-en-mercedes\/","title":{"rendered":"El femicida de \u00darsula tiene una causa por abuso sexual en Mercedes"},"content":{"rendered":"\n<p>En el marco de la investigaci\u00f3n por el asesinarto de \u00darsula Bahillo, se confirm\u00f3 que su asesino Mat\u00edas Mart\u00ednez, el polic\u00eda de Rojas, tiene vigente una causa por violaci\u00f3n a una nena con discapacidad en la ciudad de 9 de Julio, localidad dependiente del Departamento Judicial Mercedes. El Fiscal Sebasti\u00e1n Villalba de la UFI N\u00b0 2 pidi\u00f3 su detenci\u00f3n, tras la ratificaci\u00f3n del relato de la menor a trav\u00e9s de la c\u00e1mara Gesell, pero el subrogante en el Juzgado de Garant\u00edas N\u00b0 2 se excus\u00f3 a resolver el pedido por no ser el juez natural de la causa. <\/p>\n\n\n\n<div class=\"wp-block-image\"><figure class=\"aligncenter size-large\"><img loading=\"lazy\" decoding=\"async\" width=\"800\" height=\"395\" data-attachment-id=\"124598\" data-permalink=\"https:\/\/www.hoymercedes.com.ar\/principal\/2021\/02\/10\/el-femicida-de-ursula-tiene-una-causa-por-abuso-sexual-en-mercedes\/la-imagen-de-martinez-durante___ywx4g_vfg_1256x620__1\/#main\" data-orig-file=\"https:\/\/www.hoymercedes.com.ar\/principal\/wp-content\/uploads\/2021\/02\/la-imagen-de-martinez-durante___Ywx4g_VFg_1256x620__1.jpg\" data-orig-size=\"800,395\" data-comments-opened=\"0\" data-image-meta=\"{&quot;aperture&quot;:&quot;0&quot;,&quot;credit&quot;:&quot;&quot;,&quot;camera&quot;:&quot;&quot;,&quot;caption&quot;:&quot;&quot;,&quot;created_timestamp&quot;:&quot;0&quot;,&quot;copyright&quot;:&quot;&quot;,&quot;focal_length&quot;:&quot;0&quot;,&quot;iso&quot;:&quot;0&quot;,&quot;shutter_speed&quot;:&quot;0&quot;,&quot;title&quot;:&quot;&quot;,&quot;orientation&quot;:&quot;0&quot;}\" data-image-title=\"la-imagen-de-martinez-durante___Ywx4g_VFg_1256x620__1\" data-image-description=\"\" data-image-caption=\"\" data-large-file=\"https:\/\/www.hoymercedes.com.ar\/principal\/wp-content\/uploads\/2021\/02\/la-imagen-de-martinez-durante___Ywx4g_VFg_1256x620__1.jpg\" src=\"https:\/\/www.hoymercedes.com.ar\/principal\/wp-content\/uploads\/2021\/02\/la-imagen-de-martinez-durante___Ywx4g_VFg_1256x620__1.jpg\" alt=\"\" class=\"wp-image-124598\" srcset=\"https:\/\/www.hoymercedes.com.ar\/principal\/wp-content\/uploads\/2021\/02\/la-imagen-de-martinez-durante___Ywx4g_VFg_1256x620__1.jpg 800w, https:\/\/www.hoymercedes.com.ar\/principal\/wp-content\/uploads\/2021\/02\/la-imagen-de-martinez-durante___Ywx4g_VFg_1256x620__1-630x311.jpg 630w, https:\/\/www.hoymercedes.com.ar\/principal\/wp-content\/uploads\/2021\/02\/la-imagen-de-martinez-durante___Ywx4g_VFg_1256x620__1-150x74.jpg 150w\" sizes=\"auto, (max-width: 800px) 100vw, 800px\" \/><figcaption>Foto: Luc\u00eda Merle (Clar\u00edn)<\/figcaption><\/figure><\/div>\n\n\n\n<p>De acuerdo a la informaci\u00f3n que public\u00f3 Clar\u00edn, Mat\u00edas Ezequiel Mart\u00ednez (25) en mayo de 2019 lo denunci\u00f3 una ex pareja por violencia y amenazas. Tiempo despu\u00e9s, comenz\u00f3 una relaci\u00f3n con una mujer oriunda de 9 de Julio. En junio de 2020 fue denunciado por un familiar por haber abusado de una sobrina de su expareja. Fuentes judiciales confirmaron a Clar\u00edn que, por la pandemia de coronavirus, las pericias se demoraron, &#8216;aunque la causa avanz\u00f3 con otras medidas de prueba&#8217;, y reci\u00e9n en diciembre la ni\u00f1a logr\u00f3 declarar. El fiscal Sebasti\u00e1n Villalba solicit\u00f3 su detenci\u00f3n el 4 de enero. \u00abSin embargo, Facundo Guillermo Oliva, titular del Juzgado de Garant\u00edas N\u00b0 2 de Mercedes, estaba de vacaciones\u00bb, tal cual escribe la autora de la nota Natalia Iocco.<\/p>\n\n\n\n<p>\u00abEl pedido de Villalba recay\u00f3 en su reemplazo, Marcelo Enrique Romero, a cargo del Juzgado de Garant\u00edas N\u00b0 1, que se excus\u00f3 de resolver el pedido de detenci\u00f3n por encontrarse en feria judicial y no haber sido \u00e9l, el magistrado natural de la causa. Pero los pedidos no terminaron ah\u00ed:\u00a0finalizada la la feria judicial, Villalba reiter\u00f3 el pedido de detenci\u00f3n\u00bb, agrega la periodista con datos que <em>Hoy Mercedes<\/em> confirm\u00f3 con fuentes del Ministerio P\u00fablico Fiscal local. Ese pedido fue en la primera semana de febrero, d\u00edas antes de que el agente de la polic\u00eda bonaerense matara a \u00darsula Bahillo de al menos 15 pu\u00f1aladas y despu\u00e9s intentase quitarse la vida.<\/p>\n\n\n\n<p>Fuente: Clarin Digital &#8211; Twitter de Natalia Iocco. <\/p>\n","protected":false},"excerpt":{"rendered":"<p>En el marco de la investigaci\u00f3n por el asesinarto de \u00darsula Bahillo, se confirm\u00f3 que su asesino Mat\u00edas Mart\u00ednez, el &#8230; <a title=\"El femicida de \u00darsula tiene una causa por abuso sexual en Mercedes\" class=\"read-more\" href=\"https:\/\/www.hoymercedes.com.ar\/principal\/2021\/02\/10\/el-femicida-de-ursula-tiene-una-causa-por-abuso-sexual-en-mercedes\/\" aria-label=\"Leer m\u00e1s sobre El femicida de \u00darsula tiene una causa por abuso sexual en Mercedes\">Leer m\u00e1s<\/a><\/p>\n","protected":false},"author":1,"featured_media":124598,"comment_status":"closed","ping_status":"open","sticky":false,"template":"","format":"standard","meta":{"_monsterinsights_skip_tracking":false,"_monsterinsights_sitenote_active":false,"_monsterinsights_sitenote_note":"","_monsterinsights_sitenote_category":0,"jetpack_post_was_ever_published":false,"_jetpack_newsletter_access":"","_jetpack_dont_email_post_to_subs":false,"_jetpack_newsletter_tier_id":0,"_jetpack_memberships_contains_paywalled_content":false,"_jetpack_memberships_contains_paid_content":false,"footnotes":"","jetpack_publicize_message":"","jetpack_publicize_feature_enabled":true,"jetpack_social_post_already_shared":true,"jetpack_social_options":{"image_generator_settings":{"template":"highway","default_image_id":0,"font":"","enabled":false},"version":2},"_wpas_customize_per_network":false},"categories":[85],"tags":[17524,3457],"class_list":["post-124597","post","type-post","status-publish","format-standard","has-post-thumbnail","hentry","category-policial","tag-ministerio-fiscal-mercedes","tag-policiales","generate-columns","tablet-grid-50","mobile-grid-100","grid-parent","grid-50"],"jetpack_publicize_connections":[],"jetpack_featured_media_url":"https:\/\/www.hoymercedes.com.ar\/principal\/wp-content\/uploads\/2021\/02\/la-imagen-de-martinez-durante___Ywx4g_VFg_1256x620__1.jpg","wps_subtitle":"Por un hecho en 9 de Julio","jetpack_sharing_enabled":true,"_links":{"self":[{"href":"https:\/\/www.hoymercedes.com.ar\/principal\/wp-json\/wp\/v2\/posts\/124597","targetHints":{"allow":["GET"]}}],"collection":[{"href":"https:\/\/www.hoymercedes.com.ar\/principal\/wp-json\/wp\/v2\/posts"}],"about":[{"href":"https:\/\/www.hoymercedes.com.ar\/principal\/wp-json\/wp\/v2\/types\/post"}],"author":[{"embeddable":true,"href":"https:\/\/www.hoymercedes.com.ar\/principal\/wp-json\/wp\/v2\/users\/1"}],"replies":[{"embeddable":true,"href":"https:\/\/www.hoymercedes.com.ar\/principal\/wp-json\/wp\/v2\/comments?post=124597"}],"version-history":[{"count":0,"href":"https:\/\/www.hoymercedes.com.ar\/principal\/wp-json\/wp\/v2\/posts\/124597\/revisions"}],"wp:featuredmedia":[{"embeddable":true,"href":"https:\/\/www.hoymercedes.com.ar\/principal\/wp-json\/wp\/v2\/media\/124598"}],"wp:attachment":[{"href":"https:\/\/www.hoymercedes.com.ar\/principal\/wp-json\/wp\/v2\/media?parent=124597"}],"wp:term":[{"taxonomy":"category","embeddable":true,"href":"https:\/\/www.hoymercedes.com.ar\/principal\/wp-json\/wp\/v2\/categories?post=124597"},{"taxonomy":"post_tag","embeddable":true,"href":"https:\/\/www.hoymercedes.com.ar\/principal\/wp-json\/wp\/v2\/tags?post=124597"}],"curies":[{"name":"wp","href":"https:\/\/api.w.org\/{rel}","templated":true}]}}