{"id":124668,"date":"2021-02-12T09:10:00","date_gmt":"2021-02-12T12:10:00","guid":{"rendered":"http:\/\/www.hoymercedes.com.ar\/principal\/?p=124668"},"modified":"2021-02-12T20:03:05","modified_gmt":"2021-02-12T23:03:05","slug":"realizaran-obra-de-empalme-y-bocacalles-en-15-y-54","status":"publish","type":"post","link":"https:\/\/www.hoymercedes.com.ar\/principal\/2021\/02\/12\/realizaran-obra-de-empalme-y-bocacalles-en-15-y-54\/","title":{"rendered":"Realizar\u00e1n obra de empalme y bocacalles en 15 y 54"},"content":{"rendered":"\n<p>Informaci\u00f3n de Prensa Municipal &#8211; El Municipio de Mercedes contin\u00faa realizando obras en distintos puntos de la ciudad.\u00a0\u00a0En esta ocasi\u00f3n se retoma un sector en el cual se efectu\u00f3 una importante obra de pavimento para concretar un nuevo empalme y bocacalles. Es en 15 y 54. Habr\u00e1 corte de calzada por algunas jornadas. \u00a0<\/p>\n\n\n\n<div class=\"wp-block-image\"><figure class=\"aligncenter size-large\"><img loading=\"lazy\" decoding=\"async\" width=\"614\" height=\"614\" data-attachment-id=\"124671\" data-permalink=\"https:\/\/www.hoymercedes.com.ar\/principal\/2021\/02\/12\/reunion-por-el-plan-de-regreso-a-las-clases-presenciales-en-la-provincia\/obra-2\/#main\" data-orig-file=\"https:\/\/www.hoymercedes.com.ar\/principal\/wp-content\/uploads\/2021\/02\/Obra.png\" data-orig-size=\"614,614\" data-comments-opened=\"0\" data-image-meta=\"{&quot;aperture&quot;:&quot;0&quot;,&quot;credit&quot;:&quot;&quot;,&quot;camera&quot;:&quot;&quot;,&quot;caption&quot;:&quot;&quot;,&quot;created_timestamp&quot;:&quot;0&quot;,&quot;copyright&quot;:&quot;&quot;,&quot;focal_length&quot;:&quot;0&quot;,&quot;iso&quot;:&quot;0&quot;,&quot;shutter_speed&quot;:&quot;0&quot;,&quot;title&quot;:&quot;&quot;,&quot;orientation&quot;:&quot;0&quot;}\" data-image-title=\"Obra\" data-image-description=\"\" data-image-caption=\"\" data-large-file=\"https:\/\/www.hoymercedes.com.ar\/principal\/wp-content\/uploads\/2021\/02\/Obra.png\" src=\"https:\/\/www.hoymercedes.com.ar\/principal\/wp-content\/uploads\/2021\/02\/Obra.png\" alt=\"\" class=\"wp-image-124671\" srcset=\"https:\/\/www.hoymercedes.com.ar\/principal\/wp-content\/uploads\/2021\/02\/Obra.png 614w, https:\/\/www.hoymercedes.com.ar\/principal\/wp-content\/uploads\/2021\/02\/Obra-150x150.png 150w\" sizes=\"auto, (max-width: 614px) 100vw, 614px\" \/><\/figure><\/div>\n\n\n\n<p>La situaci\u00f3n de las calles de la ciudad a comienzos de 2016 hab\u00eda arrojado un mapa complicado, por eso la planificaci\u00f3n llev\u00f3 a un trabajo constante, d\u00eda a d\u00eda, con el objetivo de brindar soluciones, narr\u00f3 el secretario de obras, P\u00e9rez Carrera. &nbsp;<\/p>\n\n\n\n<p>El avance de la Obra P\u00fablica en Mercedes se extendi\u00f3 de manera planificada a lo largo de la ciudad. Por estos d\u00edas, comenzar\u00e1 una nueva obra que llevar\u00e1 algunas semanas de ejecuci\u00f3n. &nbsp;<\/p>\n\n\n\n<p>Lo iniciado en la bocacalle de la 15 y 54 consiste en vincular las dos cuadras de pavimento que se realizaron con fondos nacionales en la 54 entre 15 y 21 con la calle 15. Esa bocacalle cuenta con aproximadamente 270 metros cuadrados. &nbsp;<\/p>\n\n\n\n<p>Emanuel P\u00e9rez Carrera, Secretario de Obras y Servicios P\u00fablicos Municipal, coment\u00f3 \u201cva a ser una mejora muy importante para los vecinos por el alto nivel de transitabilidad que tiene ese punto de circulaci\u00f3n\u201d y agreg\u00f3 \u201ces una obra de casi 1 mill\u00f3n de pesos\u201d. &nbsp;<\/p>\n\n\n\n<p>El propio arquitecto afirm\u00f3 \u201cla secuencia de la obra ser\u00eda aproximadamente de 6 a 9 d\u00edas de trabajo, entre la demolici\u00f3n, la conformaci\u00f3n de los suelos y el hormig\u00f3n de terminaci\u00f3n; luego vendr\u00eda el fraguado, con un tiempo estimativo de 3 semanas\u201d. &nbsp;<\/p>\n\n\n\n<p>A principios de gesti\u00f3n, Juan Ustarroz decidi\u00f3 darle forma a una cuadrilla municipal que se encarga de manera diaria de realizar trabajos de bacheo en las calles de nuestra ciudad. En este caso, la obra beneficiar\u00e1 a muchos vecinos de la zona, pero tambi\u00e9n a los mercedinos en general que transitan por all\u00ed. &nbsp;<\/p>\n","protected":false},"excerpt":{"rendered":"<p>Informaci\u00f3n de Prensa Municipal &#8211; El Municipio de Mercedes contin\u00faa realizando obras en distintos puntos de la ciudad.\u00a0\u00a0En esta ocasi\u00f3n &#8230; <a title=\"Realizar\u00e1n obra de empalme y bocacalles en 15 y 54\" class=\"read-more\" href=\"https:\/\/www.hoymercedes.com.ar\/principal\/2021\/02\/12\/realizaran-obra-de-empalme-y-bocacalles-en-15-y-54\/\" aria-label=\"Leer m\u00e1s sobre Realizar\u00e1n obra de empalme y bocacalles en 15 y 54\">Leer m\u00e1s<\/a><\/p>\n","protected":false},"author":1,"featured_media":124671,"comment_status":"closed","ping_status":"open","sticky":false,"template":"","format":"standard","meta":{"_monsterinsights_skip_tracking":false,"_monsterinsights_sitenote_active":false,"_monsterinsights_sitenote_note":"","_monsterinsights_sitenote_category":0,"jetpack_post_was_ever_published":false,"_jetpack_newsletter_access":"","_jetpack_dont_email_post_to_subs":false,"_jetpack_newsletter_tier_id":0,"_jetpack_memberships_contains_paywalled_content":false,"_jetpack_memberships_contains_paid_content":false,"footnotes":"","jetpack_publicize_message":"","jetpack_publicize_feature_enabled":true,"jetpack_social_post_already_shared":true,"jetpack_social_options":{"image_generator_settings":{"template":"highway","default_image_id":0,"font":"","enabled":false},"version":2},"_wpas_customize_per_network":false},"categories":[30],"tags":[244,5947],"class_list":["post-124668","post","type-post","status-publish","format-standard","has-post-thumbnail","hentry","category-municipio","tag-municipio-2","tag-obras-publicas","generate-columns","tablet-grid-50","mobile-grid-100","grid-parent","grid-50"],"jetpack_publicize_connections":[],"jetpack_featured_media_url":"https:\/\/www.hoymercedes.com.ar\/principal\/wp-content\/uploads\/2021\/02\/Obra.png","wps_subtitle":"Obras p\u00fablicas","jetpack_sharing_enabled":true,"_links":{"self":[{"href":"https:\/\/www.hoymercedes.com.ar\/principal\/wp-json\/wp\/v2\/posts\/124668","targetHints":{"allow":["GET"]}}],"collection":[{"href":"https:\/\/www.hoymercedes.com.ar\/principal\/wp-json\/wp\/v2\/posts"}],"about":[{"href":"https:\/\/www.hoymercedes.com.ar\/principal\/wp-json\/wp\/v2\/types\/post"}],"author":[{"embeddable":true,"href":"https:\/\/www.hoymercedes.com.ar\/principal\/wp-json\/wp\/v2\/users\/1"}],"replies":[{"embeddable":true,"href":"https:\/\/www.hoymercedes.com.ar\/principal\/wp-json\/wp\/v2\/comments?post=124668"}],"version-history":[{"count":0,"href":"https:\/\/www.hoymercedes.com.ar\/principal\/wp-json\/wp\/v2\/posts\/124668\/revisions"}],"wp:featuredmedia":[{"embeddable":true,"href":"https:\/\/www.hoymercedes.com.ar\/principal\/wp-json\/wp\/v2\/media\/124671"}],"wp:attachment":[{"href":"https:\/\/www.hoymercedes.com.ar\/principal\/wp-json\/wp\/v2\/media?parent=124668"}],"wp:term":[{"taxonomy":"category","embeddable":true,"href":"https:\/\/www.hoymercedes.com.ar\/principal\/wp-json\/wp\/v2\/categories?post=124668"},{"taxonomy":"post_tag","embeddable":true,"href":"https:\/\/www.hoymercedes.com.ar\/principal\/wp-json\/wp\/v2\/tags?post=124668"}],"curies":[{"name":"wp","href":"https:\/\/api.w.org\/{rel}","templated":true}]}}