{"id":124687,"date":"2021-02-12T12:57:00","date_gmt":"2021-02-12T15:57:00","guid":{"rendered":"http:\/\/www.hoymercedes.com.ar\/principal\/?p=124687"},"modified":"2021-02-12T20:02:26","modified_gmt":"2021-02-12T23:02:26","slug":"ministerio-de-trabajo-autoriza-la-eximicion-de-trabajo-presencial-a-personas-que-resulten-indispensables-en-el-hogar","status":"publish","type":"post","link":"https:\/\/www.hoymercedes.com.ar\/principal\/2021\/02\/12\/ministerio-de-trabajo-autoriza-la-eximicion-de-trabajo-presencial-a-personas-que-resulten-indispensables-en-el-hogar\/","title":{"rendered":"Ministerio de Trabajo autoriza la eximici\u00f3n de trabajo presencial a personas que resulten indispensables en el hogar"},"content":{"rendered":"\n<p>El Ministerio de Trabajo, Empleo y Seguridad Social de la Naci\u00f3n determin\u00f3, mediante la\u00a0<a rel=\"noreferrer noopener\" target=\"_blank\" href=\"https:\/\/www.boletinoficial.gob.ar\/detalleAviso\/primera\/240757\/20210212\">Resoluci\u00f3n 60\/2021<\/a>, la eximici\u00f3n de concurrir en forma presencial al puesto de trabajo a las personas que resulten indispensables en el hogar en el marco de las clases presenciales<\/p>\n\n\n\n<p>\u00abDisp\u00f3nese que, a partir del inicio del ciclo lectivo 2021 en cada jurisdicci\u00f3n, se considerar\u00e1 justificada la inasistencia del progenitor, progenitora, o persona adulta responsable a cargo, cuya presencia en el hogar resulte indispensable para el cuidado del ni\u00f1o, ni\u00f1a o adolescente\u00bb, afirma la resoluci\u00f3n.<\/p>\n\n\n\n<p>A su vez, la persona alcanzada por esta justificaci\u00f3n deber\u00e1 notificar tal circunstancia a su empleador o empleadora. Para permitir el adecuado control, deber\u00e1 completar una declaraci\u00f3n jurada que deber\u00e1 contener:<\/p>\n\n\n\n<ul class=\"wp-block-list\"><li>Los datos del ni\u00f1o, ni\u00f1a o adolescente<\/li><li>Grado o a\u00f1o que cursa y datos del establecimiento educativo al que concurre.<\/li><li>El r\u00e9gimen de presencialidad que se haya dispuesto en esa instituci\u00f3n.<\/li><li>La declaraci\u00f3n de que su presencia en el hogar resulta indispensable para el cuidado del ni\u00f1o, ni\u00f1a o adolescente, los d\u00edas en que no concurran a clases presenciales o no pueda cumplirse la jornada escolar normal y habitual del establecimiento educativo.<\/li><\/ul>\n\n\n\n<p>Cabe destacar que podr\u00e1 acogerse a esta justificaci\u00f3n solo un progenitor o persona responsable de los cuidados, por hogar.<\/p>\n\n\n\n<p>Para acceder a la Resoluci\u00f3n 60\/2021, haga&nbsp;<a rel=\"noreferrer noopener\" target=\"_blank\" href=\"https:\/\/www.boletinoficial.gob.ar\/detalleAviso\/primera\/240757\/20210212\">clic aqu\u00ed<\/a>.<\/p>\n","protected":false},"excerpt":{"rendered":"<p>El Ministerio de Trabajo, Empleo y Seguridad Social de la Naci\u00f3n determin\u00f3, mediante la\u00a0Resoluci\u00f3n 60\/2021, la eximici\u00f3n de concurrir en &#8230; <a title=\"Ministerio de Trabajo autoriza la eximici\u00f3n de trabajo presencial a personas que resulten indispensables en el hogar\" class=\"read-more\" href=\"https:\/\/www.hoymercedes.com.ar\/principal\/2021\/02\/12\/ministerio-de-trabajo-autoriza-la-eximicion-de-trabajo-presencial-a-personas-que-resulten-indispensables-en-el-hogar\/\" aria-label=\"Leer m\u00e1s sobre Ministerio de Trabajo autoriza la eximici\u00f3n de trabajo presencial a personas que resulten indispensables en el hogar\">Leer m\u00e1s<\/a><\/p>\n","protected":false},"author":1,"featured_media":108861,"comment_status":"closed","ping_status":"open","sticky":false,"template":"","format":"standard","meta":{"_monsterinsights_skip_tracking":false,"_monsterinsights_sitenote_active":false,"_monsterinsights_sitenote_note":"","_monsterinsights_sitenote_category":0,"jetpack_post_was_ever_published":false,"_jetpack_newsletter_access":"","_jetpack_dont_email_post_to_subs":false,"_jetpack_newsletter_tier_id":0,"_jetpack_memberships_contains_paywalled_content":false,"_jetpack_memberships_contains_paid_content":false,"footnotes":"","jetpack_publicize_message":"","jetpack_publicize_feature_enabled":true,"jetpack_social_post_already_shared":true,"jetpack_social_options":{"image_generator_settings":{"template":"highway","default_image_id":0,"font":"","enabled":false},"version":2},"_wpas_customize_per_network":false},"categories":[17182],"tags":[10371,185,16323],"class_list":["post-124687","post","type-post","status-publish","format-standard","has-post-thumbnail","hentry","category-nacion","tag-licencia","tag-nacion","tag-pandemia","generate-columns","tablet-grid-50","mobile-grid-100","grid-parent","grid-50"],"jetpack_publicize_connections":[],"jetpack_featured_media_url":"https:\/\/www.hoymercedes.com.ar\/principal\/wp-content\/uploads\/2020\/04\/02-trabajo-produccion.jpeg","wps_subtitle":"Licencias autorizadas","jetpack_sharing_enabled":true,"_links":{"self":[{"href":"https:\/\/www.hoymercedes.com.ar\/principal\/wp-json\/wp\/v2\/posts\/124687","targetHints":{"allow":["GET"]}}],"collection":[{"href":"https:\/\/www.hoymercedes.com.ar\/principal\/wp-json\/wp\/v2\/posts"}],"about":[{"href":"https:\/\/www.hoymercedes.com.ar\/principal\/wp-json\/wp\/v2\/types\/post"}],"author":[{"embeddable":true,"href":"https:\/\/www.hoymercedes.com.ar\/principal\/wp-json\/wp\/v2\/users\/1"}],"replies":[{"embeddable":true,"href":"https:\/\/www.hoymercedes.com.ar\/principal\/wp-json\/wp\/v2\/comments?post=124687"}],"version-history":[{"count":0,"href":"https:\/\/www.hoymercedes.com.ar\/principal\/wp-json\/wp\/v2\/posts\/124687\/revisions"}],"wp:featuredmedia":[{"embeddable":true,"href":"https:\/\/www.hoymercedes.com.ar\/principal\/wp-json\/wp\/v2\/media\/108861"}],"wp:attachment":[{"href":"https:\/\/www.hoymercedes.com.ar\/principal\/wp-json\/wp\/v2\/media?parent=124687"}],"wp:term":[{"taxonomy":"category","embeddable":true,"href":"https:\/\/www.hoymercedes.com.ar\/principal\/wp-json\/wp\/v2\/categories?post=124687"},{"taxonomy":"post_tag","embeddable":true,"href":"https:\/\/www.hoymercedes.com.ar\/principal\/wp-json\/wp\/v2\/tags?post=124687"}],"curies":[{"name":"wp","href":"https:\/\/api.w.org\/{rel}","templated":true}]}}