{"id":124695,"date":"2021-02-12T14:07:00","date_gmt":"2021-02-12T17:07:00","guid":{"rendered":"http:\/\/www.hoymercedes.com.ar\/principal\/?p=124695"},"modified":"2021-02-12T20:02:05","modified_gmt":"2021-02-12T23:02:05","slug":"provincia-comienza-con-la-segunda-etapa-de-la-encuesta-de-hogares-y-empleo","status":"publish","type":"post","link":"https:\/\/www.hoymercedes.com.ar\/principal\/2021\/02\/12\/provincia-comienza-con-la-segunda-etapa-de-la-encuesta-de-hogares-y-empleo\/","title":{"rendered":"Provincia comienza con la segunda etapa de la Encuesta de Hogares y Empleo"},"content":{"rendered":"\n<p>Informaci\u00f3n de PBA &#8211; El Ministerio de Hacienda y Finanzas de la provincia de Buenos Aires, a trav\u00e9s de la Direcci\u00f3n Provincial de Estad\u00edstica (DPE), iniciar\u00e1 el pr\u00f3ximo mi\u00e9rcoles 17 de febrero la segunda etapa de la Encuesta de Hogares y Empleo (EHE) provincial que se extender\u00e1 durante 4 semanas. La misma permitir\u00e1 conocer la realidad sociodemogr\u00e1fica y socioecon\u00f3mica de los 135 municipios bonaerenses donde se relevar\u00e1n m\u00e1s de 10 mil viviendas.\u00a0<\/p>\n\n\n\n<div class=\"wp-block-image\"><figure class=\"aligncenter size-large\"><img loading=\"lazy\" decoding=\"async\" width=\"700\" height=\"465\" data-attachment-id=\"124696\" data-permalink=\"https:\/\/www.hoymercedes.com.ar\/principal\/2021\/02\/12\/provincia-comienza-con-la-segunda-etapa-de-la-encuesta-de-hogares-y-empleo\/12-ehe-provincia\/#main\" data-orig-file=\"https:\/\/www.hoymercedes.com.ar\/principal\/wp-content\/uploads\/2021\/02\/12-EHE-provincia.jpeg\" data-orig-size=\"700,465\" data-comments-opened=\"0\" data-image-meta=\"{&quot;aperture&quot;:&quot;0&quot;,&quot;credit&quot;:&quot;&quot;,&quot;camera&quot;:&quot;&quot;,&quot;caption&quot;:&quot;&quot;,&quot;created_timestamp&quot;:&quot;0&quot;,&quot;copyright&quot;:&quot;&quot;,&quot;focal_length&quot;:&quot;0&quot;,&quot;iso&quot;:&quot;0&quot;,&quot;shutter_speed&quot;:&quot;0&quot;,&quot;title&quot;:&quot;&quot;,&quot;orientation&quot;:&quot;0&quot;}\" data-image-title=\"12 EHE provincia\" data-image-description=\"\" data-image-caption=\"\" data-large-file=\"https:\/\/www.hoymercedes.com.ar\/principal\/wp-content\/uploads\/2021\/02\/12-EHE-provincia.jpeg\" src=\"https:\/\/www.hoymercedes.com.ar\/principal\/wp-content\/uploads\/2021\/02\/12-EHE-provincia.jpeg\" alt=\"\" class=\"wp-image-124696\" srcset=\"https:\/\/www.hoymercedes.com.ar\/principal\/wp-content\/uploads\/2021\/02\/12-EHE-provincia.jpeg 700w, https:\/\/www.hoymercedes.com.ar\/principal\/wp-content\/uploads\/2021\/02\/12-EHE-provincia-630x419.jpeg 630w, https:\/\/www.hoymercedes.com.ar\/principal\/wp-content\/uploads\/2021\/02\/12-EHE-provincia-150x100.jpeg 150w\" sizes=\"auto, (max-width: 700px) 100vw, 700px\" \/><\/figure><\/div>\n\n\n\n<p>Este a\u00f1o se busca que la encuesta permita por primera vez agrupar a la Provincia en 16 regiones compuestas por municipios de similares caracter\u00edsticas. Esto permitir\u00e1 tener una mayor desagregaci\u00f3n territorial e informaci\u00f3n de mejor calidad para orientar las pol\u00edticas p\u00fablicas a las necesidades de los y las bonaerenses, seg\u00fan la regi\u00f3n en la cual habiten.<\/p>\n\n\n\n<p>Debido a la emergencia sanitaria por el coronavirus fue necesario adaptar la metodolog\u00eda de relevamiento, dividiendo al operativo en tres etapas. En esta segunda instancia, encuestadores locales recabar\u00e1n de forma presencial los n\u00fameros telef\u00f3nicos de las viviendas que hayan sido seleccionadas de forma aleatoria en 38 municipios de la Provincia. En la primera etapa realizada en diciembre ya hab\u00edan sido recabados los tel\u00e9fonos de las viviendas seleccionadas en los municipios restantes. En la \u00faltima etapa, que se realizar\u00e1 en marzo, personal de la Direcci\u00f3n Provincial de Estad\u00edstica se estar\u00e1 comunicando telef\u00f3nicamente para realizar la encuesta, la cual tiene una duraci\u00f3n aproximada de entre 20 y 30 minutos.&nbsp;<\/p>\n\n\n\n<p>Las viviendas que ser\u00e1n entrevistadas fueron seleccionadas de forma aleatoria mediante t\u00e9cnicas de muestreo que se utilizan en todo el mundo. Todos los datos brindados por los encuestados est\u00e1n protegidos por la Ley provincial 14.998 que impide la difusi\u00f3n de datos personales. La informaci\u00f3n se publica en forma de compilaciones de conjunto con fines estad\u00edsticos.&nbsp;<\/p>\n\n\n\n<p>Los municipios que participar\u00e1n en esta etapa son: Adolfo Gonz\u00e1les Chaves, Almirante Brown, Azul, Berazategui, Bragado, Brandsen, Ca\u00f1uelas, Capit\u00e1n Sarmiento, Carlos Casares, Castelli, Daireaux, Escobar, Esteban Echeverr\u00eda, Exaltaci\u00f3n de la Cruz, General Alvear, General Pueyrred\u00f3n, General Rodr\u00edguez, General Villegas, Ituzaing\u00f3, La Costa, Lan\u00fas, Leandro N. Alem, Lezama, Lomas de Zamora, Maip\u00fa, Marcos Paz, Merlo, Moreno, Pinamar, Quilmes, Rojas, Roque P\u00e9rez, Saavedra, Salliquel\u00f3, San Cayetano, San Miguel, San Vicente y Z\u00e1rate.<\/p>\n\n\n\n<p>Todo el personal abocado a este operativo estar\u00e1 debidamente identificado con una credencial, en la cual consta nombre, apellido, DNI y rol;&nbsp;informaci\u00f3n que puede ser verificada en http:\/\/www.estadistica.ec.gba.gov.ar\/dpe\/encuestadores\/.<\/p>\n","protected":false},"excerpt":{"rendered":"<p>Informaci\u00f3n de PBA &#8211; El Ministerio de Hacienda y Finanzas de la provincia de Buenos Aires, a trav\u00e9s de la &#8230; <a title=\"Provincia comienza con la segunda etapa de la Encuesta de Hogares y Empleo\" class=\"read-more\" href=\"https:\/\/www.hoymercedes.com.ar\/principal\/2021\/02\/12\/provincia-comienza-con-la-segunda-etapa-de-la-encuesta-de-hogares-y-empleo\/\" aria-label=\"Leer m\u00e1s sobre Provincia comienza con la segunda etapa de la Encuesta de Hogares y Empleo\">Leer m\u00e1s<\/a><\/p>\n","protected":false},"author":1,"featured_media":124696,"comment_status":"closed","ping_status":"open","sticky":false,"template":"","format":"standard","meta":{"_monsterinsights_skip_tracking":false,"_monsterinsights_sitenote_active":false,"_monsterinsights_sitenote_note":"","_monsterinsights_sitenote_category":0,"jetpack_post_was_ever_published":false,"_jetpack_newsletter_access":"","_jetpack_dont_email_post_to_subs":false,"_jetpack_newsletter_tier_id":0,"_jetpack_memberships_contains_paywalled_content":false,"_jetpack_memberships_contains_paid_content":false,"footnotes":"","jetpack_publicize_message":"","jetpack_publicize_feature_enabled":true,"jetpack_social_post_already_shared":true,"jetpack_social_options":{"image_generator_settings":{"template":"highway","default_image_id":0,"font":"","enabled":false},"version":2},"_wpas_customize_per_network":false},"categories":[8881],"tags":[17354,1803],"class_list":["post-124695","post","type-post","status-publish","format-standard","has-post-thumbnail","hentry","category-provincia","tag-encuesta-de-hogares","tag-provincia","generate-columns","tablet-grid-50","mobile-grid-100","grid-parent","grid-50"],"jetpack_publicize_connections":[],"jetpack_featured_media_url":"https:\/\/www.hoymercedes.com.ar\/principal\/wp-content\/uploads\/2021\/02\/12-EHE-provincia.jpeg","wps_subtitle":"Informaci\u00f3n oficial","jetpack_sharing_enabled":true,"_links":{"self":[{"href":"https:\/\/www.hoymercedes.com.ar\/principal\/wp-json\/wp\/v2\/posts\/124695","targetHints":{"allow":["GET"]}}],"collection":[{"href":"https:\/\/www.hoymercedes.com.ar\/principal\/wp-json\/wp\/v2\/posts"}],"about":[{"href":"https:\/\/www.hoymercedes.com.ar\/principal\/wp-json\/wp\/v2\/types\/post"}],"author":[{"embeddable":true,"href":"https:\/\/www.hoymercedes.com.ar\/principal\/wp-json\/wp\/v2\/users\/1"}],"replies":[{"embeddable":true,"href":"https:\/\/www.hoymercedes.com.ar\/principal\/wp-json\/wp\/v2\/comments?post=124695"}],"version-history":[{"count":0,"href":"https:\/\/www.hoymercedes.com.ar\/principal\/wp-json\/wp\/v2\/posts\/124695\/revisions"}],"wp:featuredmedia":[{"embeddable":true,"href":"https:\/\/www.hoymercedes.com.ar\/principal\/wp-json\/wp\/v2\/media\/124696"}],"wp:attachment":[{"href":"https:\/\/www.hoymercedes.com.ar\/principal\/wp-json\/wp\/v2\/media?parent=124695"}],"wp:term":[{"taxonomy":"category","embeddable":true,"href":"https:\/\/www.hoymercedes.com.ar\/principal\/wp-json\/wp\/v2\/categories?post=124695"},{"taxonomy":"post_tag","embeddable":true,"href":"https:\/\/www.hoymercedes.com.ar\/principal\/wp-json\/wp\/v2\/tags?post=124695"}],"curies":[{"name":"wp","href":"https:\/\/api.w.org\/{rel}","templated":true}]}}