{"id":124769,"date":"2021-02-15T18:14:06","date_gmt":"2021-02-15T21:14:06","guid":{"rendered":"http:\/\/www.hoymercedes.com.ar\/principal\/?p=124769"},"modified":"2021-02-16T22:26:19","modified_gmt":"2021-02-17T01:26:19","slug":"convocatoria-para-el-segundo-paseo-de-arte-jacaranda","status":"publish","type":"post","link":"https:\/\/www.hoymercedes.com.ar\/principal\/2021\/02\/15\/convocatoria-para-el-segundo-paseo-de-arte-jacaranda\/","title":{"rendered":"Convocatoria para el segundo Paseo de Arte Jacarand\u00e1"},"content":{"rendered":"\n<p id=\"block-f9eaaf8a-79f9-44bc-ade8-ce1bce3d606e\">La Direcci\u00f3n de Cultura del Municipio convoca a los artistas locales a un nuevo paso de arte \u00abJacarand\u00e1\u00bb que se realizar\u00e1 en las pr\u00f3ximas semanas. El paseo de arte es un espacio de intercambio, valoraci\u00f3n y comercializaci\u00f3n. <\/p>\n\n\n\n<p id=\"block-f9eaaf8a-79f9-44bc-ade8-ce1bce3d606e\">Los artistas visuales muestran sus trabajos en las diferentes disciplinas (dibujo, pintura, escultura, grabado y arte impreso, fotograf\u00eda, arte textil, orfebrer\u00eda y artistas literarios) para que los vecinos que gusten del arte puedan adquirir estos objetos exclusivos. <\/p>\n\n\n\n<p id=\"block-7e3c525f-d16e-4be6-9734-f7318356d3fb\">Podr\u00e1n participar todos los artistas visuales, de las disciplinas: dibujo, pintura, escultura, grabado y arte impreso, fotograf\u00eda, arte textil, orfebrer\u00eda, cer\u00e1mica y artistas literarios ya que si la persona insripta tiene su libro u obra literaria editada puede anotarse para el puesto de literatura. <\/p>\n\n\n\n<p id=\"block-6f0e473d-79ff-4cce-9ff1-63ab48ba41c9\"><a rel=\"noreferrer noopener\" href=\"http:\/\/cultura.mercedes.gob.ar\/bases-paseo-de-arte-jacaranda-2021\/\" target=\"_blank\">VER Bases<\/a><\/p>\n\n\n\n<p id=\"block-5ad5ef25-6a36-42d3-9600-584653509e9f\"><a rel=\"noreferrer noopener\" href=\"https:\/\/forms.gle\/yfQvqkBfamehVMHm7\" target=\"_blank\">VER Inscripci\u00f3n<\/a><\/p>\n","protected":false},"excerpt":{"rendered":"<p>La Direcci\u00f3n de Cultura del Municipio convoca a los artistas locales a un nuevo paso de arte \u00abJacarand\u00e1\u00bb que se &#8230; <a title=\"Convocatoria para el segundo Paseo de Arte Jacarand\u00e1\" class=\"read-more\" href=\"https:\/\/www.hoymercedes.com.ar\/principal\/2021\/02\/15\/convocatoria-para-el-segundo-paseo-de-arte-jacaranda\/\" aria-label=\"Leer m\u00e1s sobre Convocatoria para el segundo Paseo de Arte Jacarand\u00e1\">Leer m\u00e1s<\/a><\/p>\n","protected":false},"author":1,"featured_media":121684,"comment_status":"closed","ping_status":"open","sticky":false,"template":"","format":"standard","meta":{"_monsterinsights_skip_tracking":false,"_monsterinsights_sitenote_active":false,"_monsterinsights_sitenote_note":"","_monsterinsights_sitenote_category":0,"jetpack_post_was_ever_published":false,"_jetpack_newsletter_access":"","_jetpack_dont_email_post_to_subs":false,"_jetpack_newsletter_tier_id":0,"_jetpack_memberships_contains_paywalled_content":false,"_jetpack_memberships_contains_paid_content":false,"footnotes":"","jetpack_publicize_message":"","jetpack_publicize_feature_enabled":true,"jetpack_social_post_already_shared":true,"jetpack_social_options":{"image_generator_settings":{"template":"highway","default_image_id":0,"font":"","enabled":false},"version":2},"_wpas_customize_per_network":false},"categories":[104],"tags":[7805,244,17324],"class_list":["post-124769","post","type-post","status-publish","format-standard","has-post-thumbnail","hentry","category-cultura","tag-cultura","tag-municipio-2","tag-paseo-de-arte","generate-columns","tablet-grid-50","mobile-grid-100","grid-parent","grid-50"],"jetpack_publicize_connections":[],"jetpack_featured_media_url":"https:\/\/www.hoymercedes.com.ar\/principal\/wp-content\/uploads\/2020\/12\/IMG_20201212_203849464.jpg","wps_subtitle":"Para artistas visuales y literarios","jetpack_sharing_enabled":true,"_links":{"self":[{"href":"https:\/\/www.hoymercedes.com.ar\/principal\/wp-json\/wp\/v2\/posts\/124769","targetHints":{"allow":["GET"]}}],"collection":[{"href":"https:\/\/www.hoymercedes.com.ar\/principal\/wp-json\/wp\/v2\/posts"}],"about":[{"href":"https:\/\/www.hoymercedes.com.ar\/principal\/wp-json\/wp\/v2\/types\/post"}],"author":[{"embeddable":true,"href":"https:\/\/www.hoymercedes.com.ar\/principal\/wp-json\/wp\/v2\/users\/1"}],"replies":[{"embeddable":true,"href":"https:\/\/www.hoymercedes.com.ar\/principal\/wp-json\/wp\/v2\/comments?post=124769"}],"version-history":[{"count":0,"href":"https:\/\/www.hoymercedes.com.ar\/principal\/wp-json\/wp\/v2\/posts\/124769\/revisions"}],"wp:featuredmedia":[{"embeddable":true,"href":"https:\/\/www.hoymercedes.com.ar\/principal\/wp-json\/wp\/v2\/media\/121684"}],"wp:attachment":[{"href":"https:\/\/www.hoymercedes.com.ar\/principal\/wp-json\/wp\/v2\/media?parent=124769"}],"wp:term":[{"taxonomy":"category","embeddable":true,"href":"https:\/\/www.hoymercedes.com.ar\/principal\/wp-json\/wp\/v2\/categories?post=124769"},{"taxonomy":"post_tag","embeddable":true,"href":"https:\/\/www.hoymercedes.com.ar\/principal\/wp-json\/wp\/v2\/tags?post=124769"}],"curies":[{"name":"wp","href":"https:\/\/api.w.org\/{rel}","templated":true}]}}