{"id":124819,"date":"2021-02-14T16:31:36","date_gmt":"2021-02-14T19:31:36","guid":{"rendered":"http:\/\/www.hoymercedes.com.ar\/principal\/?p=124819"},"modified":"2021-02-15T00:26:45","modified_gmt":"2021-02-15T03:26:45","slug":"pisano-hay-escuelas-que-comenzaran-las-presencialidad-de-manera-normal-el-1-de-marzo-otras-que-quizas-no","status":"publish","type":"post","link":"https:\/\/www.hoymercedes.com.ar\/principal\/2021\/02\/14\/pisano-hay-escuelas-que-comenzaran-las-presencialidad-de-manera-normal-el-1-de-marzo-otras-que-quizas-no\/","title":{"rendered":"Pisano: \u201cHay escuelas que comenzar\u00e1n las presencialidad de manera  normal, el 1\u00b0 de marzo, otras que quizas no\u201d"},"content":{"rendered":"\n<p><strong><em>As\u00ed se expres\u00f3 el titular del Consejo Escolar, Jos\u00e9 Luis Pisano, teniendo en cuenta la infraestructura de las escuelas del distrito y los acuerdos arribados en cada comunidad educativa tras las jornadas del 11 y el 12 de febrero. Asimismo, confirm\u00f3 que los comedores escolares no funcionar\u00e1n, aunque seguir\u00e1n entregando bolsones de alimentos, y que el Colegio Nacional est\u00e1 prestado hasta fin de mes para ser Centro de Vacunaci\u00f3n.<\/em><\/strong><\/p>\n\n\n\n<div class=\"wp-block-image\"><figure class=\"aligncenter size-large\"><img loading=\"lazy\" decoding=\"async\" width=\"719\" height=\"479\" data-attachment-id=\"124821\" data-permalink=\"https:\/\/www.hoymercedes.com.ar\/principal\/2021\/02\/14\/pisano-hay-escuelas-que-comenzaran-las-presencialidad-de-manera-normal-el-1-de-marzo-otras-que-quizas-no\/14-escuelas-1\/#main\" data-orig-file=\"https:\/\/www.hoymercedes.com.ar\/principal\/wp-content\/uploads\/2021\/02\/14-escuelas-1.jpg\" data-orig-size=\"719,479\" data-comments-opened=\"0\" data-image-meta=\"{&quot;aperture&quot;:&quot;0&quot;,&quot;credit&quot;:&quot;&quot;,&quot;camera&quot;:&quot;&quot;,&quot;caption&quot;:&quot;&quot;,&quot;created_timestamp&quot;:&quot;1613319638&quot;,&quot;copyright&quot;:&quot;&quot;,&quot;focal_length&quot;:&quot;0&quot;,&quot;iso&quot;:&quot;0&quot;,&quot;shutter_speed&quot;:&quot;0&quot;,&quot;title&quot;:&quot;&quot;,&quot;orientation&quot;:&quot;1&quot;}\" data-image-title=\"14 escuelas 1\" data-image-description=\"\" data-image-caption=\"\" data-large-file=\"https:\/\/www.hoymercedes.com.ar\/principal\/wp-content\/uploads\/2021\/02\/14-escuelas-1.jpg\" src=\"https:\/\/www.hoymercedes.com.ar\/principal\/wp-content\/uploads\/2021\/02\/14-escuelas-1.jpg\" alt=\"\" class=\"wp-image-124821\" srcset=\"https:\/\/www.hoymercedes.com.ar\/principal\/wp-content\/uploads\/2021\/02\/14-escuelas-1.jpg 719w, https:\/\/www.hoymercedes.com.ar\/principal\/wp-content\/uploads\/2021\/02\/14-escuelas-1-630x420.jpg 630w, https:\/\/www.hoymercedes.com.ar\/principal\/wp-content\/uploads\/2021\/02\/14-escuelas-1-150x100.jpg 150w, https:\/\/www.hoymercedes.com.ar\/principal\/wp-content\/uploads\/2021\/02\/14-escuelas-1-700x465.jpg 700w\" sizes=\"auto, (max-width: 719px) 100vw, 719px\" \/><\/figure><\/div>\n\n\n\n<p>A quince d\u00edas del inicio del ciclo lectivo 2021 y a pocos d\u00edas de que comience el per\u00edodo de intensificaci\u00f3n de los saberes del ciclo lectivo 2020, las escuelas de Mercedes en particular y de la provincia de Buenos Aires en general debatieron en las jornadas del 11 y 12 de febrero debatieron y acordaron c\u00f3mo ser\u00e1 el regreso a clases presenciales y virtuales.<\/p>\n\n\n\n<p>Una parte importante de las decisiones y los acuerdos de cada escuela, dependen de la infraestructura escolar. O sea, si tienen los espacios suficientes y en condiciones para albergar los d\u00edas y horas acordadas por el Plan Jurisdiccional planteado en octubre del a\u00f1o pasado. Aqu\u00ed entra como actor principal el Consejo Escolar de Mercedes.<\/p>\n\n\n\n<p>Su presidente, Jos\u00e9 Luis Pisano, dijo que \u201cest\u00e1n trabajando para garantizar un retorno seguro en las escuelas\u201d. Seguro para los estudiantes, seguro para los docentes, securo para los auxiliares y seguro para que las familias env\u00eden a sus hijos a la presencialidad de las clases.<\/p>\n\n\n\n<p>\u201c<strong>Ac\u00e1 hay escuelas que comenzar\u00e1n las presencialidad de manera super normal, el 1\u00b0 de marzo, otras que quizas no, que tengan que esperar quince d\u00edas o veinte porque estamos en obras o porque la cantidad de estudiantes que entran en las aulas es poca. Entonces, trabajamos individualmente con cada una de las escuelas\u201d,<\/strong> dijo Pisano en una entrevista radial poniendo de ejemplo la Primaria N\u00b0 26 en donde son 50 chicos, pero en el aula podr\u00edan entrar tres pero tienen mucho espacio al aire libre, y escuelas como la Primaria N\u00b0 2 que convive en el mismo edificio con la Secundaria N\u00b0 12<strong>.<\/strong><\/p>\n\n\n\n<p>\u201c<strong>Las jornadas del 11 y el 12, m\u00e1s toda la semana que empieza, permite trabajar para la elaboraci\u00f3n individual de las caracter\u00edsticas de cada escuela. Qu\u00e9 grupo volver\u00e1 en su totalidad, qu\u00e9 grupo no y cu\u00e1les tienen que proyectar la continuidad del trabajo remoto o <\/strong>virtual\u201d , agreg\u00f3 el titular del Consejo Escolar.<\/p>\n\n\n\n<p>Asimismo, destac\u00f3 que ese Plan Jurisdiccional no incluye los Jardines Maternales ni las salas de 3 y 4 a\u00f1os del nivel Inicial. \u201c<strong>No hay una definici\u00f3n protocolar para las salas de 3 y 4, ni para los maternales. Hay maternales, como los municipales, que est\u00e1n a la espera de las resoluciones, y a su vez, est\u00e1n los maternales privados que la est\u00e1n pasando muy mal porque han perdido much\u00edsima matr\u00edcula. Estamos esperando que haya definiciones para ver como retoman. Ser\u00e1 complejo porque un maternal necesita mucho contacto f\u00edsico. Lo mismo pasa con las salas de 3 y 4. Si todo sale bien, la semana que viene tendremos los mecanismos y protocolos para volver en esas instituciones<\/strong>\u201d, resalt\u00f3 Pisano.<\/p>\n\n\n\n<p><strong>Comedores Escolares<\/strong><\/p>\n\n\n\n<p>En tanto, confirm\u00f3 que algo que no volver\u00e1 a \u201cla normalidad\u201d ser\u00e1n los comedores escolares. Adelant\u00f3 que se continuar\u00e1 entregando los bolsones de alimentos, tal como lo hicieron en el 2020. \u201c<strong>No habr\u00e1 un espacio com\u00fan de comedor en la escuela. Lo m\u00e1s complicado ser\u00e1 en las escuelas de doble jornada porque se ver\u00e1n reducidas las cantidades de horas. No estar\u00e1n las 8 horas que habitualmente est\u00e1n los chicos, sino que ser\u00e1n menos porque no podr\u00e1n almorzar. En esas escuelas, la provincia les garantiza los bolsones de alimentos bastante completos, para que ning\u00fan pibe pase <\/strong>hambre\u201d, destac\u00f3 Pisano y es un punto que se evaluar\u00e1 a medida que sucedan los meses ya que\u201cconf\u00eda\u201d en que septiembre, tras el invieron y con la vacunaci\u00f3n m\u00e1s amplia puede vivirse en las escuelas \u201clo m\u00e1s normal posible\u201d.<\/p>\n\n\n\n<div class=\"wp-block-image\"><figure class=\"aligncenter size-large\"><img loading=\"lazy\" decoding=\"async\" width=\"800\" height=\"533\" data-attachment-id=\"124820\" data-permalink=\"https:\/\/www.hoymercedes.com.ar\/principal\/2021\/02\/14\/pisano-hay-escuelas-que-comenzaran-las-presencialidad-de-manera-normal-el-1-de-marzo-otras-que-quizas-no\/14-escuelas-2\/#main\" data-orig-file=\"https:\/\/www.hoymercedes.com.ar\/principal\/wp-content\/uploads\/2021\/02\/14-escuelas-2.jpg\" data-orig-size=\"800,533\" data-comments-opened=\"0\" data-image-meta=\"{&quot;aperture&quot;:&quot;0&quot;,&quot;credit&quot;:&quot;&quot;,&quot;camera&quot;:&quot;&quot;,&quot;caption&quot;:&quot;&quot;,&quot;created_timestamp&quot;:&quot;1613319656&quot;,&quot;copyright&quot;:&quot;&quot;,&quot;focal_length&quot;:&quot;0&quot;,&quot;iso&quot;:&quot;0&quot;,&quot;shutter_speed&quot;:&quot;0&quot;,&quot;title&quot;:&quot;&quot;,&quot;orientation&quot;:&quot;1&quot;}\" data-image-title=\"14 escuelas 2\" data-image-description=\"\" data-image-caption=\"\" data-large-file=\"https:\/\/www.hoymercedes.com.ar\/principal\/wp-content\/uploads\/2021\/02\/14-escuelas-2.jpg\" src=\"https:\/\/www.hoymercedes.com.ar\/principal\/wp-content\/uploads\/2021\/02\/14-escuelas-2.jpg\" alt=\"\" class=\"wp-image-124820\" srcset=\"https:\/\/www.hoymercedes.com.ar\/principal\/wp-content\/uploads\/2021\/02\/14-escuelas-2.jpg 800w, https:\/\/www.hoymercedes.com.ar\/principal\/wp-content\/uploads\/2021\/02\/14-escuelas-2-630x420.jpg 630w, https:\/\/www.hoymercedes.com.ar\/principal\/wp-content\/uploads\/2021\/02\/14-escuelas-2-150x100.jpg 150w, https:\/\/www.hoymercedes.com.ar\/principal\/wp-content\/uploads\/2021\/02\/14-escuelas-2-700x465.jpg 700w\" sizes=\"auto, (max-width: 800px) 100vw, 800px\" \/><\/figure><\/div>\n\n\n\n<p><strong>Vacunaci\u00f3n<\/strong><\/p>\n\n\n\n<p>Desde el Consejo Federal de Educaci\u00f3n se dio a conocer un criterio de orden para empezar a vacunar a los docentes comenzando con los equipos de direcci\u00f3n, gesti\u00f3n, e inspecci\u00f3n, para luego seguir con los docentes del nivel inicial y el primer ciclo de primaria. El seguno grupo es \u201cel personal de apoyo a la ense\u00f1anza\u201d y auxiliares que, si bien no est\u00e1n frente a alumnos, concurren diariamente a las escuelas. El tercer grupo se encuentran los docentes de primaria del segundo ciclo, mientras que en el cuarto estar\u00edan los docentes del nivel secundario e instructores de formaci\u00f3n profesional y en el quinto los docentes y no docentes de educaci\u00f3n superior y universitario. (<em>NdR: Cabe destacarse que los docentes del cuarto y quinto grupo, son los que est\u00e1n permanentemente cambiando de escuelas; sin embargo, ser\u00edan los \u00faltimos en recibir la vacuna<\/em>)<\/p>\n\n\n\n<p>Sobre la vacunaci\u00f3n, Pisano conf\u00eda en que las d\u00f3sis alcancen para todos los docentes del pa\u00eds. \u201c<strong>Todav\u00eda no comenz\u00f3 la vacunaci\u00f3n para el personal docente. Empezar\u00e1 dependiendo de la llegada de llas vacunas<\/strong>\u201d, marc\u00f3.<\/p>\n\n\n\n<p>Algo que debi\u00f3 aclarar ante la dudas de muchos vecinos es que el Colegio Nacional est\u00e1 \u201cprestado\u201d como Centro de Vacunaci\u00f3n hasta el 26 de febrero. Es por eso, que desde la comuna est\u00e1n buscando otro lugar que re\u00fana las condiciones. \u201c<strong>Est\u00e1 decidido por parte de la provincia, y en el contrato de comodato que firmamos de pr\u00e9stamo del edificio, lo hicimos hasta el d\u00eda 26 de febrero, que nos permite un par de d\u00edas de desinfecci\u00f3n en caso de que se haya iniciado el proceso de vacunaci\u00f3n. El Colegio Nacional, volver\u00e1 a su actividad normal a partir del 8 de marzo<\/strong>\u201d, resalt\u00f3 el Presidente del Consejo Escolar en una entrevista radial con FM Santa Mar\u00eda.<\/p>\n","protected":false},"excerpt":{"rendered":"<p>As\u00ed se expres\u00f3 el titular del Consejo Escolar, Jos\u00e9 Luis Pisano, teniendo en cuenta la infraestructura de las escuelas del &#8230; <a title=\"Pisano: \u201cHay escuelas que comenzar\u00e1n las presencialidad de manera  normal, el 1\u00b0 de marzo, otras que quizas no\u201d\" class=\"read-more\" href=\"https:\/\/www.hoymercedes.com.ar\/principal\/2021\/02\/14\/pisano-hay-escuelas-que-comenzaran-las-presencialidad-de-manera-normal-el-1-de-marzo-otras-que-quizas-no\/\" aria-label=\"Leer m\u00e1s sobre Pisano: \u201cHay escuelas que comenzar\u00e1n las presencialidad de manera  normal, el 1\u00b0 de marzo, otras que quizas no\u201d\">Leer m\u00e1s<\/a><\/p>\n","protected":false},"author":1,"featured_media":124820,"comment_status":"closed","ping_status":"open","sticky":false,"template":"","format":"standard","meta":{"_monsterinsights_skip_tracking":false,"_monsterinsights_sitenote_active":false,"_monsterinsights_sitenote_note":"","_monsterinsights_sitenote_category":0,"jetpack_post_was_ever_published":false,"_jetpack_newsletter_access":"","_jetpack_dont_email_post_to_subs":false,"_jetpack_newsletter_tier_id":0,"_jetpack_memberships_contains_paywalled_content":false,"_jetpack_memberships_contains_paid_content":false,"footnotes":"","jetpack_publicize_message":"","jetpack_publicize_feature_enabled":true,"jetpack_social_post_already_shared":true,"jetpack_social_options":{"image_generator_settings":{"template":"highway","default_image_id":0,"font":"","enabled":false},"version":2},"_wpas_customize_per_network":false},"categories":[23],"tags":[17161,1317,47,6985],"class_list":["post-124819","post","type-post","status-publish","format-standard","has-post-thumbnail","hentry","category-educacion","tag-clases-presenciales","tag-consejo-escolar","tag-educacion-2","tag-inicio-de-clases","generate-columns","tablet-grid-50","mobile-grid-100","grid-parent","grid-50"],"jetpack_publicize_connections":[],"jetpack_featured_media_url":"https:\/\/www.hoymercedes.com.ar\/principal\/wp-content\/uploads\/2021\/02\/14-escuelas-2.jpg","wps_subtitle":"Infraestructura escolar","jetpack_sharing_enabled":true,"_links":{"self":[{"href":"https:\/\/www.hoymercedes.com.ar\/principal\/wp-json\/wp\/v2\/posts\/124819","targetHints":{"allow":["GET"]}}],"collection":[{"href":"https:\/\/www.hoymercedes.com.ar\/principal\/wp-json\/wp\/v2\/posts"}],"about":[{"href":"https:\/\/www.hoymercedes.com.ar\/principal\/wp-json\/wp\/v2\/types\/post"}],"author":[{"embeddable":true,"href":"https:\/\/www.hoymercedes.com.ar\/principal\/wp-json\/wp\/v2\/users\/1"}],"replies":[{"embeddable":true,"href":"https:\/\/www.hoymercedes.com.ar\/principal\/wp-json\/wp\/v2\/comments?post=124819"}],"version-history":[{"count":0,"href":"https:\/\/www.hoymercedes.com.ar\/principal\/wp-json\/wp\/v2\/posts\/124819\/revisions"}],"wp:featuredmedia":[{"embeddable":true,"href":"https:\/\/www.hoymercedes.com.ar\/principal\/wp-json\/wp\/v2\/media\/124820"}],"wp:attachment":[{"href":"https:\/\/www.hoymercedes.com.ar\/principal\/wp-json\/wp\/v2\/media?parent=124819"}],"wp:term":[{"taxonomy":"category","embeddable":true,"href":"https:\/\/www.hoymercedes.com.ar\/principal\/wp-json\/wp\/v2\/categories?post=124819"},{"taxonomy":"post_tag","embeddable":true,"href":"https:\/\/www.hoymercedes.com.ar\/principal\/wp-json\/wp\/v2\/tags?post=124819"}],"curies":[{"name":"wp","href":"https:\/\/api.w.org\/{rel}","templated":true}]}}