{"id":124828,"date":"2021-02-15T07:12:00","date_gmt":"2021-02-15T10:12:00","guid":{"rendered":"http:\/\/www.hoymercedes.com.ar\/principal\/?p=124828"},"modified":"2021-02-15T00:21:50","modified_gmt":"2021-02-15T03:21:50","slug":"ustarroz-creo-que-hay-que-tomar-las-cosas-con-mayor-seriedad","status":"publish","type":"post","link":"https:\/\/www.hoymercedes.com.ar\/principal\/2021\/02\/15\/ustarroz-creo-que-hay-que-tomar-las-cosas-con-mayor-seriedad\/","title":{"rendered":"Ustarroz: \u201cCreo que hay que tomar las cosas con mayor seriedad\u201d"},"content":{"rendered":"\n<p><strong><em>Ustarroz dio su visi\u00f3n sobre la problem\u00e1tica del Puente Garc\u00eda, tras las declaraciones de un sector de Juntos por el Cambio. \u201cNo se resuelve de la noche a la ma\u00f1ana\u201d dijo y afirm\u00f3 que llevar\u00eda una inversi\u00f3n de m\u00e1s de 100 millones de pesos.<\/em><\/strong><\/p>\n\n\n\n<figure class=\"wp-block-embed is-type-video is-provider-youtube wp-block-embed-youtube wp-embed-aspect-16-9 wp-has-aspect-ratio\"><div class=\"wp-block-embed__wrapper\">\n<span class=\"embed-youtube\" style=\"text-align:center; display: block;\"><iframe loading=\"lazy\" class=\"youtube-player\" width=\"1200\" height=\"675\" src=\"https:\/\/www.youtube.com\/embed\/OCnurSO1Qjk?version=3&#038;rel=1&#038;showsearch=0&#038;showinfo=1&#038;iv_load_policy=1&#038;fs=1&#038;hl=es-ES&#038;autohide=2&#038;wmode=transparent\" allowfullscreen=\"true\" style=\"border:0;\" sandbox=\"allow-scripts allow-same-origin allow-popups allow-presentation allow-popups-to-escape-sandbox\"><\/iframe><\/span>\n<\/div><\/figure>\n\n\n\n<p>Luego que desde un sector de la oposici\u00f3n local hicieran visible el reclamo ante la pronta soluci\u00f3n de la ca\u00edda del Puente Garc\u00eda, el intendente Juan Ustarroz se refiri\u00f3 al tema durante su participaci\u00f3n en el programa \u201cHablemos Claro\u201d emitido por la TV Local que produce Milenio Media.<\/p>\n\n\n\n<p>\u201cEl puente Garc\u00eda es un puente que estaba bien, que se prendi\u00f3 fuego y por eso qued\u00f3 inutilizado. Cambiar un puente no es poner piedras, hacer una cuadra de asfalto, es una obra que requiere de ingenier\u00eda y lo primero que hicimos un an\u00e1lisis para ver si se puede recuperar y la conclusi\u00f3n es que se tiene que hacer a nuevo, con una inversi\u00f3n de m\u00e1s de 100 millones de pesos que hace la provincia\u201d manifest\u00f3 el jefe comunal y agreg\u00f3 que \u201chay que hacer un proyecto ejecutivo, una licitaci\u00f3n, incorporarlo en el marco de las diferentes licitaciones del puente que tiene la cuenca del r\u00edo Luj\u00e1n. Es una obra que tiene una gran complejidad\u201d.<\/p>\n\n\n\n<p>En tanto, aclar\u00f3 que dicho puente forma parte de la Cuenca del R\u00edo Luj\u00e1n y, por ende \u201cla responsabilidad primaria es de la Provincia por la cuesti\u00f3n jurisdiccional. Nosotros tambi\u00e9n nos hacemos responsables de esa situaci\u00f3n, pero no se resuelve de la noche a la ma\u00f1ana\u201d\u00a0 y record\u00f3 que el gobierno de Mar\u00eda Eugenia Vidal durante sus cuatro a\u00f1os de gobierno, luego de haber conseguido un cr\u00e9dito para hacer obras, no lleg\u00f3 al 5% de la inversi\u00f3n, la cual estuvo destinada a pagar consultoras. \u201cFrente a esta realidad que es dolorosa porque hay vecinos que quedan aislados y tienen que hacer m\u00e1s kil\u00f3metros para salir, hacen un vil uso pol\u00edtico de una situaci\u00f3n objetiva\u201d manifest\u00f3 Ustarroz ante los dichos de la oposici\u00f3n y los acus\u00f3 de \u201cbuscar el t\u00edtulo o la foto\u201d.<\/p>\n\n\n\n<div class=\"wp-block-image\"><figure class=\"aligncenter size-large\"><img loading=\"lazy\" decoding=\"async\" width=\"800\" height=\"533\" data-attachment-id=\"124832\" data-permalink=\"https:\/\/www.hoymercedes.com.ar\/principal\/2021\/02\/15\/ustarroz-creo-que-hay-que-tomar-las-cosas-con-mayor-seriedad\/14-juani-puente-garcia\/#main\" data-orig-file=\"https:\/\/www.hoymercedes.com.ar\/principal\/wp-content\/uploads\/2021\/02\/14-juani-puente-garcia.png\" data-orig-size=\"800,533\" data-comments-opened=\"0\" data-image-meta=\"{&quot;aperture&quot;:&quot;0&quot;,&quot;credit&quot;:&quot;&quot;,&quot;camera&quot;:&quot;&quot;,&quot;caption&quot;:&quot;&quot;,&quot;created_timestamp&quot;:&quot;0&quot;,&quot;copyright&quot;:&quot;&quot;,&quot;focal_length&quot;:&quot;0&quot;,&quot;iso&quot;:&quot;0&quot;,&quot;shutter_speed&quot;:&quot;0&quot;,&quot;title&quot;:&quot;&quot;,&quot;orientation&quot;:&quot;0&quot;}\" data-image-title=\"14 juani puente garc\u00eda\" data-image-description=\"\" data-image-caption=\"\" data-large-file=\"https:\/\/www.hoymercedes.com.ar\/principal\/wp-content\/uploads\/2021\/02\/14-juani-puente-garcia.png\" src=\"https:\/\/www.hoymercedes.com.ar\/principal\/wp-content\/uploads\/2021\/02\/14-juani-puente-garcia.png\" alt=\"\" class=\"wp-image-124832\" srcset=\"https:\/\/www.hoymercedes.com.ar\/principal\/wp-content\/uploads\/2021\/02\/14-juani-puente-garcia.png 800w, https:\/\/www.hoymercedes.com.ar\/principal\/wp-content\/uploads\/2021\/02\/14-juani-puente-garcia-630x420.png 630w, https:\/\/www.hoymercedes.com.ar\/principal\/wp-content\/uploads\/2021\/02\/14-juani-puente-garcia-150x100.png 150w, https:\/\/www.hoymercedes.com.ar\/principal\/wp-content\/uploads\/2021\/02\/14-juani-puente-garcia-700x465.png 700w\" sizes=\"auto, (max-width: 800px) 100vw, 800px\" \/><\/figure><\/div>\n\n\n\n<p>\u201cUno entiende el reclamo del vecino pero en este caso me gusta ponerlo en el justo contexto. Habiendo firmado el municipio de Mercedes en el a\u00f1o 2017 el reconocimiento de la obra de la avenida 2 y la verdad es que no la hicieron.&nbsp; Nos dejaron con la promesa incumplida y nosotros no salimos a llorar por los medios, sino que nos pusimos a trabajar\u201d expres\u00f3 el intendente.<\/p>\n\n\n\n<p>Por otra parte, separ\u00f3 el trabajo que se viene realizando desde el municipio junto con los sectores opositores, y manifest\u00f3 que \u201chay otro sector que es mucho m\u00e1s racional, con el que trabajamos en el Comit\u00e9 de Crisis, con el que podeos dialogar con las propuestas para la tierra, la vivienda. Creo que la pandemia marc\u00f3 un antes y un despu\u00e9s. La dirigencia pol\u00edtica tiene que tener m\u00e1s madurez, no tienen que ser tan efectivista de buscar discordia por la discordia misma, porque ya la situaci\u00f3n objetiva del pa\u00eds es muy dif\u00edcil\u201d.<\/p>\n\n\n\n<p>\u201cCreo que hay que tomar las cosas con mayor seriedad. Est\u00e1n bien los reclamos, peticionar, pero tambi\u00e9n buscar las formas de otro nivel de entendimiento. El diputado, cuando era gobierno oficialista nunca acerc\u00f3 ninguna propuesta, ninguna soluci\u00f3n a la ciudad de Mercedes y hoy se para desde la queja. Uno acepta este juego en la democracia pero tambi\u00e9n, uno llama a la reflexi\u00f3n a los dirigentes porque la situaci\u00f3n de la gran mayor\u00eda de los comerciantes, trabajadores, PyMES, de todos los sectores, realmente es una situaci\u00f3n muy compleja entonces tenemos que enconarnos en las soluciones y no en la chicana\u201d concluy\u00f3.<\/p>\n\n\n\n<p>Colaboraci\u00f3n: <br>Mariano Oyarz\u00fa<br>Pedro Caramelo de Milenio Media<\/p>\n","protected":false},"excerpt":{"rendered":"<p>Ustarroz dio su visi\u00f3n sobre la problem\u00e1tica del Puente Garc\u00eda, tras las declaraciones de un sector de Juntos por el &#8230; <a title=\"Ustarroz: \u201cCreo que hay que tomar las cosas con mayor seriedad\u201d\" class=\"read-more\" href=\"https:\/\/www.hoymercedes.com.ar\/principal\/2021\/02\/15\/ustarroz-creo-que-hay-que-tomar-las-cosas-con-mayor-seriedad\/\" aria-label=\"Leer m\u00e1s sobre Ustarroz: \u201cCreo que hay que tomar las cosas con mayor seriedad\u201d\">Leer m\u00e1s<\/a><\/p>\n","protected":false},"author":1,"featured_media":124832,"comment_status":"closed","ping_status":"open","sticky":false,"template":"","format":"standard","meta":{"_monsterinsights_skip_tracking":false,"_monsterinsights_sitenote_active":false,"_monsterinsights_sitenote_note":"","_monsterinsights_sitenote_category":0,"jetpack_post_was_ever_published":false,"_jetpack_newsletter_access":"","_jetpack_dont_email_post_to_subs":false,"_jetpack_newsletter_tier_id":0,"_jetpack_memberships_contains_paywalled_content":false,"_jetpack_memberships_contains_paid_content":false,"footnotes":"","jetpack_publicize_message":"","jetpack_publicize_feature_enabled":true,"jetpack_social_post_already_shared":true,"jetpack_social_options":{"image_generator_settings":{"template":"highway","default_image_id":0,"font":"","enabled":false},"version":2},"_wpas_customize_per_network":false},"categories":[5],"tags":[8320,5319,17536,9787],"class_list":["post-124828","post","type-post","status-publish","format-standard","has-post-thumbnail","hentry","category-politica","tag-intendente-ustarroz","tag-politica-2","tag-puente-de-garcia","tag-respuesta","generate-columns","tablet-grid-50","mobile-grid-100","grid-parent","grid-50"],"jetpack_publicize_connections":[],"jetpack_featured_media_url":"https:\/\/www.hoymercedes.com.ar\/principal\/wp-content\/uploads\/2021\/02\/14-juani-puente-garcia.png","wps_subtitle":"Sobre el puente de Garc\u00eda","jetpack_sharing_enabled":true,"_links":{"self":[{"href":"https:\/\/www.hoymercedes.com.ar\/principal\/wp-json\/wp\/v2\/posts\/124828","targetHints":{"allow":["GET"]}}],"collection":[{"href":"https:\/\/www.hoymercedes.com.ar\/principal\/wp-json\/wp\/v2\/posts"}],"about":[{"href":"https:\/\/www.hoymercedes.com.ar\/principal\/wp-json\/wp\/v2\/types\/post"}],"author":[{"embeddable":true,"href":"https:\/\/www.hoymercedes.com.ar\/principal\/wp-json\/wp\/v2\/users\/1"}],"replies":[{"embeddable":true,"href":"https:\/\/www.hoymercedes.com.ar\/principal\/wp-json\/wp\/v2\/comments?post=124828"}],"version-history":[{"count":0,"href":"https:\/\/www.hoymercedes.com.ar\/principal\/wp-json\/wp\/v2\/posts\/124828\/revisions"}],"wp:featuredmedia":[{"embeddable":true,"href":"https:\/\/www.hoymercedes.com.ar\/principal\/wp-json\/wp\/v2\/media\/124832"}],"wp:attachment":[{"href":"https:\/\/www.hoymercedes.com.ar\/principal\/wp-json\/wp\/v2\/media?parent=124828"}],"wp:term":[{"taxonomy":"category","embeddable":true,"href":"https:\/\/www.hoymercedes.com.ar\/principal\/wp-json\/wp\/v2\/categories?post=124828"},{"taxonomy":"post_tag","embeddable":true,"href":"https:\/\/www.hoymercedes.com.ar\/principal\/wp-json\/wp\/v2\/tags?post=124828"}],"curies":[{"name":"wp","href":"https:\/\/api.w.org\/{rel}","templated":true}]}}