{"id":124907,"date":"2021-02-16T15:59:56","date_gmt":"2021-02-16T18:59:56","guid":{"rendered":"http:\/\/www.hoymercedes.com.ar\/principal\/?p=124907"},"modified":"2021-02-16T22:38:08","modified_gmt":"2021-02-17T01:38:08","slug":"realizaron-simulacro-de-vacunacion-para-cuando-lleguen-mas-dosis","status":"publish","type":"post","link":"https:\/\/www.hoymercedes.com.ar\/principal\/2021\/02\/16\/realizaron-simulacro-de-vacunacion-para-cuando-lleguen-mas-dosis\/","title":{"rendered":"Realizaron simulacro de vacunaci\u00f3n para cuando lleguen m\u00e1s d\u00f3sis"},"content":{"rendered":"\n<p>Fuente: Prensa Municipal &#8211; El intendente Juan Ustarroz agradeci\u00f3 al personal de salud y municipal por la realizaci\u00f3n de un simulacro de vacunaci\u00f3n en el Colegio Nacional como parte del plan de inoculaci\u00f3n que se viene llevando adelante seg\u00fan los tiempos previstos. \u00a0Estiman que el jueves podr\u00edan arrancar a vacunar a las personas que se inscribieron previamente de acuerdo al grupo y prioridad marcada por la provincia. <\/p>\n\n\n\n<div class=\"wp-block-image\"><figure class=\"aligncenter size-large\"><img loading=\"lazy\" decoding=\"async\" width=\"800\" height=\"535\" data-attachment-id=\"124908\" data-permalink=\"https:\/\/www.hoymercedes.com.ar\/principal\/2021\/02\/16\/realizaron-simulacro-de-vacunacion-para-cuando-lleguen-mas-dosis\/whatsapp-image-2021-02-16-at-12-21-21\/#main\" data-orig-file=\"https:\/\/www.hoymercedes.com.ar\/principal\/wp-content\/uploads\/2021\/02\/WhatsApp-Image-2021-02-16-at-12.21.21.jpeg\" data-orig-size=\"800,535\" data-comments-opened=\"0\" data-image-meta=\"{&quot;aperture&quot;:&quot;0&quot;,&quot;credit&quot;:&quot;&quot;,&quot;camera&quot;:&quot;&quot;,&quot;caption&quot;:&quot;&quot;,&quot;created_timestamp&quot;:&quot;1613490450&quot;,&quot;copyright&quot;:&quot;&quot;,&quot;focal_length&quot;:&quot;0&quot;,&quot;iso&quot;:&quot;0&quot;,&quot;shutter_speed&quot;:&quot;0&quot;,&quot;title&quot;:&quot;&quot;,&quot;orientation&quot;:&quot;1&quot;}\" data-image-title=\"WhatsApp Image 2021-02-16 at 12.21.21\" data-image-description=\"\" data-image-caption=\"\" data-large-file=\"https:\/\/www.hoymercedes.com.ar\/principal\/wp-content\/uploads\/2021\/02\/WhatsApp-Image-2021-02-16-at-12.21.21.jpeg\" src=\"https:\/\/www.hoymercedes.com.ar\/principal\/wp-content\/uploads\/2021\/02\/WhatsApp-Image-2021-02-16-at-12.21.21.jpeg\" alt=\"\" class=\"wp-image-124908\" srcset=\"https:\/\/www.hoymercedes.com.ar\/principal\/wp-content\/uploads\/2021\/02\/WhatsApp-Image-2021-02-16-at-12.21.21.jpeg 800w, https:\/\/www.hoymercedes.com.ar\/principal\/wp-content\/uploads\/2021\/02\/WhatsApp-Image-2021-02-16-at-12.21.21-630x421.jpeg 630w, https:\/\/www.hoymercedes.com.ar\/principal\/wp-content\/uploads\/2021\/02\/WhatsApp-Image-2021-02-16-at-12.21.21-150x100.jpeg 150w\" sizes=\"auto, (max-width: 800px) 100vw, 800px\" \/><\/figure><\/div>\n\n\n\n<p>En el desarrollo de las actividades en el Colegio Nacional tambi\u00e9n hubo una nueva posta de inscripci\u00f3n para vecinos y vecinas. Acompa\u00f1aron al intendente Ustarroz, el Secretario de Salud N\u00e9stor Pisapia a Carolina Di Napoli, responsable de la Regi\u00f3n X del Ministerio de Salud de la Provincia de Buenos Aires. &nbsp;<\/p>\n\n\n\n<p>\u201cEstuvimos en el Colegio Nacional con las autoridades tomando contacto con los equipos que estar\u00e1n a cargo de la campa\u00f1a provincial de vacunaci\u00f3n de cara a la pronta llegada de vacunas para iniciar este proceso, masivo, segmentado, priorizando a los grupos que epidemiol\u00f3gicamente tienen m\u00e1s riesgo que son los mayores de 60 a\u00f1os\u201d, dijo Carolina Di Napoli. &nbsp;<\/p>\n\n\n\n<p>\u201cTambi\u00e9n para personas de riesgo y contemplando a los docentes de cara al inicio de clases\u201d narr\u00f3 y mencion\u00f3 que \u201ctambi\u00e9n personal de seguridad que estuvo durante todo el a\u00f1o pasado en los puntos de cuidado de la poblaci\u00f3n\u201d inform\u00f3 &nbsp;<\/p>\n\n\n\n<p>\u201cEncontramos los equipos consolidaros, con roles asignados, con funciones determinadas, porque no es algo sencillo y es bueno encontrar personas comprometidas\u201d afirm\u00f3 y destac\u00f3 que \u201cno se trata s\u00f3lo de las vacunas, sino del trabajo planificado\u201d sostuvo. &nbsp;<\/p>\n\n\n\n<p>Por su parte el jefe comunal mencion\u00f3 que \u201ces muy importante lo que se est\u00e1 llevando a cabo, porque es la puesta a punto de los equipos para el cuidado de la salud de las y los mercedinos, y hoy nos encontramos con un equipo profesional, administrativos, auxiliares, que tienen una preparaci\u00f3n que nos llena de orgullo y agradecimiento\u201d &nbsp;<\/p>\n\n\n\n<p>Adem\u00e1s, estuvo tambi\u00e9n el secretario de salud, N\u00e9stor Pisapia y la subsecretaria, Marianela Arenillas. &nbsp;<\/p>\n\n\n\n<p>La vacuna que de momento se implementa es la Sputnik, pero se espera el arribo de m\u00e1s dosis de desde otros laboratorios, todos mostrando altos niveles de eficiencia y eficacia, tal como se observ\u00f3 en la cantidad de personal sanitario vacunado en Mercedes, siendo m\u00e1s de mil vecinos y vecinas, que no han tenido inconveniente alguno. &nbsp;<\/p>\n\n\n\n<p>Para el armado del centro de vacunaci\u00f3n se recibi\u00f3 la semana pasada un importante arribo de insumos accesorios por parte de la Provincia de Buenos Aires, desde freezer a carteler\u00eda, gacebos, sillas, conservadores, etc, adem\u00e1s del apoyo de instituciones educativas comprometidas con el proceso. &nbsp;<\/p>\n\n\n\n<p>Se sabe que en Mercedes hay alrededor de 10.000 inscriptos de manera voluntaria a trav\u00e9s de la p\u00e1gina de la Provincia de Buenos Aires, que se suman a los ya inmunizados, siendo una importante cantidad dentro de marco de \u201cpoblaci\u00f3n objetivo\u201d como se determina a los sectores que requieren la importante intervenci\u00f3n. \u00a0<\/p>\n","protected":false},"excerpt":{"rendered":"<p>Fuente: Prensa Municipal &#8211; El intendente Juan Ustarroz agradeci\u00f3 al personal de salud y municipal por la realizaci\u00f3n de un &#8230; <a title=\"Realizaron simulacro de vacunaci\u00f3n para cuando lleguen m\u00e1s d\u00f3sis\" class=\"read-more\" href=\"https:\/\/www.hoymercedes.com.ar\/principal\/2021\/02\/16\/realizaron-simulacro-de-vacunacion-para-cuando-lleguen-mas-dosis\/\" aria-label=\"Leer m\u00e1s sobre Realizaron simulacro de vacunaci\u00f3n para cuando lleguen m\u00e1s d\u00f3sis\">Leer m\u00e1s<\/a><\/p>\n","protected":false},"author":1,"featured_media":124908,"comment_status":"closed","ping_status":"open","sticky":false,"template":"","format":"standard","meta":{"_monsterinsights_skip_tracking":false,"_monsterinsights_sitenote_active":false,"_monsterinsights_sitenote_note":"","_monsterinsights_sitenote_category":0,"jetpack_post_was_ever_published":false,"_jetpack_newsletter_access":"","_jetpack_dont_email_post_to_subs":false,"_jetpack_newsletter_tier_id":0,"_jetpack_memberships_contains_paywalled_content":false,"_jetpack_memberships_contains_paid_content":false,"footnotes":"","jetpack_publicize_message":"","jetpack_publicize_feature_enabled":true,"jetpack_social_post_already_shared":true,"jetpack_social_options":{"image_generator_settings":{"template":"highway","default_image_id":0,"font":"","enabled":false},"version":2},"_wpas_customize_per_network":false},"categories":[30],"tags":[7873,16175,16313,765],"class_list":["post-124907","post","type-post","status-publish","format-standard","has-post-thumbnail","hentry","category-municipio","tag-campana","tag-coronavirus","tag-covid-19","tag-vacunacion","generate-columns","tablet-grid-50","mobile-grid-100","grid-parent","grid-50"],"jetpack_publicize_connections":[],"jetpack_featured_media_url":"https:\/\/www.hoymercedes.com.ar\/principal\/wp-content\/uploads\/2021\/02\/WhatsApp-Image-2021-02-16-at-12.21.21.jpeg","wps_subtitle":"Informaci\u00f3n municipal","jetpack_sharing_enabled":true,"_links":{"self":[{"href":"https:\/\/www.hoymercedes.com.ar\/principal\/wp-json\/wp\/v2\/posts\/124907","targetHints":{"allow":["GET"]}}],"collection":[{"href":"https:\/\/www.hoymercedes.com.ar\/principal\/wp-json\/wp\/v2\/posts"}],"about":[{"href":"https:\/\/www.hoymercedes.com.ar\/principal\/wp-json\/wp\/v2\/types\/post"}],"author":[{"embeddable":true,"href":"https:\/\/www.hoymercedes.com.ar\/principal\/wp-json\/wp\/v2\/users\/1"}],"replies":[{"embeddable":true,"href":"https:\/\/www.hoymercedes.com.ar\/principal\/wp-json\/wp\/v2\/comments?post=124907"}],"version-history":[{"count":0,"href":"https:\/\/www.hoymercedes.com.ar\/principal\/wp-json\/wp\/v2\/posts\/124907\/revisions"}],"wp:featuredmedia":[{"embeddable":true,"href":"https:\/\/www.hoymercedes.com.ar\/principal\/wp-json\/wp\/v2\/media\/124908"}],"wp:attachment":[{"href":"https:\/\/www.hoymercedes.com.ar\/principal\/wp-json\/wp\/v2\/media?parent=124907"}],"wp:term":[{"taxonomy":"category","embeddable":true,"href":"https:\/\/www.hoymercedes.com.ar\/principal\/wp-json\/wp\/v2\/categories?post=124907"},{"taxonomy":"post_tag","embeddable":true,"href":"https:\/\/www.hoymercedes.com.ar\/principal\/wp-json\/wp\/v2\/tags?post=124907"}],"curies":[{"name":"wp","href":"https:\/\/api.w.org\/{rel}","templated":true}]}}