{"id":124917,"date":"2021-02-16T20:41:00","date_gmt":"2021-02-16T23:41:00","guid":{"rendered":"http:\/\/www.hoymercedes.com.ar\/principal\/?p=124917"},"modified":"2021-02-16T22:40:23","modified_gmt":"2021-02-17T01:40:23","slug":"comienzan-a-vacunar-a-los-mayores-de-70-anos-en-la-provincia-de-buenos-aires","status":"publish","type":"post","link":"https:\/\/www.hoymercedes.com.ar\/principal\/2021\/02\/16\/comienzan-a-vacunar-a-los-mayores-de-70-anos-en-la-provincia-de-buenos-aires\/","title":{"rendered":"Comienzan a vacunar a los mayores de 70 a\u00f1os en la provincia de Buenos Aires"},"content":{"rendered":"\n<p><strong><em>Las 462.239 personas\u00a0mayores de 70\u00a0que se inscribieron para recibir las vacunas, comenzar\u00e1n a recibir las dosis a partir del lunes pr\u00f3ximo en algunos municipios y, desde el jueves, en toda la provincia.<\/em><\/strong><\/p>\n\n\n\n<hr class=\"wp-block-separator is-style-wide\"\/>\n\n\n\n<p>El Gobierno bonaerense comenzar\u00e1 el pr\u00f3ximo mi\u00e9rcoles a vacunar contra la Covid-19 a las personas mayores de 70 a\u00f1os que hayan manifestado su inter\u00e9s en recibir la inmunizaci\u00f3n.<\/p>\n\n\n\n<p>Los voceros del Poder Ejecutivo precisaron que el proceso de vacunaci\u00f3n para ese grupo etario comenzar\u00e1 el lunes pr\u00f3ximo en algunos municipios y el jueves en toda la provincia con parte de las 400 mil dosis de la vacuna Sputnik V que llegaron al pa\u00eds la semana pasada desde Rusia.<\/p>\n\n\n\n<p>Adem\u00e1s, detallaron que ya se comunicaron los turnos y lugares asignados a las personas mayores de 70 a\u00f1os de edad que se inscribieron en https:\/\/vacunatepba.gba.gob.ar\/ para recibir las vacunas.<\/p>\n\n\n\n<p>A la vez, desde el Gobierno se especific\u00f3 que, hasta el momento, los inscriptos mayores de 70 suman 462.239: un total de 335.396 de entre 70 y 79 a\u00f1os; 111.960 mayores de 80; 14.750 mayores de 90; y unos 160 mayores de 100.<\/p>\n\n\n\n<p>Desde el Ministerio de Salud se inform\u00f3, en paralelo, que esta semana comenzar\u00e1 tambi\u00e9n la vacunaci\u00f3n de los docentes, de cara a la vuelta a las clases presenciales.<\/p>\n","protected":false},"excerpt":{"rendered":"<p>Las 462.239 personas\u00a0mayores de 70\u00a0que se inscribieron para recibir las vacunas, comenzar\u00e1n a recibir las dosis a partir del lunes &#8230; <a title=\"Comienzan a vacunar a los mayores de 70 a\u00f1os en la provincia de Buenos Aires\" class=\"read-more\" href=\"https:\/\/www.hoymercedes.com.ar\/principal\/2021\/02\/16\/comienzan-a-vacunar-a-los-mayores-de-70-anos-en-la-provincia-de-buenos-aires\/\" aria-label=\"Leer m\u00e1s sobre Comienzan a vacunar a los mayores de 70 a\u00f1os en la provincia de Buenos Aires\">Leer m\u00e1s<\/a><\/p>\n","protected":false},"author":1,"featured_media":122372,"comment_status":"closed","ping_status":"open","sticky":false,"template":"","format":"standard","meta":{"_monsterinsights_skip_tracking":false,"_monsterinsights_sitenote_active":false,"_monsterinsights_sitenote_note":"","_monsterinsights_sitenote_category":0,"jetpack_post_was_ever_published":false,"_jetpack_newsletter_access":"","_jetpack_dont_email_post_to_subs":false,"_jetpack_newsletter_tier_id":0,"_jetpack_memberships_contains_paywalled_content":false,"_jetpack_memberships_contains_paid_content":false,"footnotes":"","jetpack_publicize_message":"","jetpack_publicize_feature_enabled":true,"jetpack_social_post_already_shared":true,"jetpack_social_options":{"image_generator_settings":{"template":"highway","default_image_id":0,"font":"","enabled":false},"version":2},"_wpas_customize_per_network":false},"categories":[8881],"tags":[1803,17418,765],"class_list":["post-124917","post","type-post","status-publish","format-standard","has-post-thumbnail","hentry","category-provincia","tag-provincia","tag-sputnik","tag-vacunacion","generate-columns","tablet-grid-50","mobile-grid-100","grid-parent","grid-50"],"jetpack_publicize_connections":[],"jetpack_featured_media_url":"https:\/\/www.hoymercedes.com.ar\/principal\/wp-content\/uploads\/2020\/12\/24-vacunate.jpg","wps_subtitle":"Campa\u00f1a de vacunaci\u00f3n","jetpack_sharing_enabled":true,"_links":{"self":[{"href":"https:\/\/www.hoymercedes.com.ar\/principal\/wp-json\/wp\/v2\/posts\/124917","targetHints":{"allow":["GET"]}}],"collection":[{"href":"https:\/\/www.hoymercedes.com.ar\/principal\/wp-json\/wp\/v2\/posts"}],"about":[{"href":"https:\/\/www.hoymercedes.com.ar\/principal\/wp-json\/wp\/v2\/types\/post"}],"author":[{"embeddable":true,"href":"https:\/\/www.hoymercedes.com.ar\/principal\/wp-json\/wp\/v2\/users\/1"}],"replies":[{"embeddable":true,"href":"https:\/\/www.hoymercedes.com.ar\/principal\/wp-json\/wp\/v2\/comments?post=124917"}],"version-history":[{"count":0,"href":"https:\/\/www.hoymercedes.com.ar\/principal\/wp-json\/wp\/v2\/posts\/124917\/revisions"}],"wp:featuredmedia":[{"embeddable":true,"href":"https:\/\/www.hoymercedes.com.ar\/principal\/wp-json\/wp\/v2\/media\/122372"}],"wp:attachment":[{"href":"https:\/\/www.hoymercedes.com.ar\/principal\/wp-json\/wp\/v2\/media?parent=124917"}],"wp:term":[{"taxonomy":"category","embeddable":true,"href":"https:\/\/www.hoymercedes.com.ar\/principal\/wp-json\/wp\/v2\/categories?post=124917"},{"taxonomy":"post_tag","embeddable":true,"href":"https:\/\/www.hoymercedes.com.ar\/principal\/wp-json\/wp\/v2\/tags?post=124917"}],"curies":[{"name":"wp","href":"https:\/\/api.w.org\/{rel}","templated":true}]}}