{"id":124930,"date":"2021-02-17T09:15:00","date_gmt":"2021-02-17T12:15:00","guid":{"rendered":"http:\/\/www.hoymercedes.com.ar\/principal\/?p=124930"},"modified":"2021-02-16T22:42:32","modified_gmt":"2021-02-17T01:42:32","slug":"llegaron-mas-dosis-de-la-vacuna-sputnik-para-continuar-con-la-campana","status":"publish","type":"post","link":"https:\/\/www.hoymercedes.com.ar\/principal\/2021\/02\/17\/llegaron-mas-dosis-de-la-vacuna-sputnik-para-continuar-con-la-campana\/","title":{"rendered":"Llegaron m\u00e1s d\u00f3sis de la vacuna sputnik para continuar con la campa\u00f1a"},"content":{"rendered":"\n<p>Fuente: Prensa Municipal  &#8211; Este martes lleg\u00f3 a Mercedes una nueva tanda de dosis de la vacuna contra el Covid Sputnik que estar\u00e1 destinada para aplicar a distintos p\u00fablicos objetivos. Ser\u00e1 el inicio en el Centro ubicado en el Colegio Nacional con asignaci\u00f3n desde Provincia. \u00a0<\/p>\n\n\n\n<div class=\"wp-block-image\"><figure class=\"aligncenter size-large\"><img loading=\"lazy\" decoding=\"async\" width=\"800\" height=\"535\" data-attachment-id=\"124931\" data-permalink=\"https:\/\/www.hoymercedes.com.ar\/principal\/2021\/02\/17\/llegaron-mas-dosis-de-la-vacuna-sputnik-para-continuar-con-la-campana\/whatsapp-image-2021-02-16-at-21-41-25-1\/#main\" data-orig-file=\"https:\/\/www.hoymercedes.com.ar\/principal\/wp-content\/uploads\/2021\/02\/WhatsApp-Image-2021-02-16-at-21.41.25-1.jpeg\" data-orig-size=\"800,535\" data-comments-opened=\"0\" data-image-meta=\"{&quot;aperture&quot;:&quot;0&quot;,&quot;credit&quot;:&quot;&quot;,&quot;camera&quot;:&quot;&quot;,&quot;caption&quot;:&quot;&quot;,&quot;created_timestamp&quot;:&quot;1613513704&quot;,&quot;copyright&quot;:&quot;&quot;,&quot;focal_length&quot;:&quot;0&quot;,&quot;iso&quot;:&quot;0&quot;,&quot;shutter_speed&quot;:&quot;0&quot;,&quot;title&quot;:&quot;&quot;,&quot;orientation&quot;:&quot;1&quot;}\" data-image-title=\"WhatsApp Image 2021-02-16 at 21.41.25 (1)\" data-image-description=\"\" data-image-caption=\"\" data-large-file=\"https:\/\/www.hoymercedes.com.ar\/principal\/wp-content\/uploads\/2021\/02\/WhatsApp-Image-2021-02-16-at-21.41.25-1.jpeg\" src=\"https:\/\/www.hoymercedes.com.ar\/principal\/wp-content\/uploads\/2021\/02\/WhatsApp-Image-2021-02-16-at-21.41.25-1.jpeg\" alt=\"\" class=\"wp-image-124931\" srcset=\"https:\/\/www.hoymercedes.com.ar\/principal\/wp-content\/uploads\/2021\/02\/WhatsApp-Image-2021-02-16-at-21.41.25-1.jpeg 800w, https:\/\/www.hoymercedes.com.ar\/principal\/wp-content\/uploads\/2021\/02\/WhatsApp-Image-2021-02-16-at-21.41.25-1-630x421.jpeg 630w, https:\/\/www.hoymercedes.com.ar\/principal\/wp-content\/uploads\/2021\/02\/WhatsApp-Image-2021-02-16-at-21.41.25-1-150x100.jpeg 150w\" sizes=\"auto, (max-width: 800px) 100vw, 800px\" \/><\/figure><\/div>\n\n\n\n<p>El Dr. N\u00e9stor Pisapia, Secretario de Seguridad, confirm\u00f3 y fue receptor de las vacunas en el centro montado en el Colegio Nacional. All\u00ed acompa\u00f1\u00f3 el procedimiento de preparaci\u00f3n para iniciar esta semana con el proceso de aplicaci\u00f3n. &nbsp;<\/p>\n\n\n\n<p>El plan de vacunaci\u00f3n que ide\u00f3 y puso en pr\u00e1ctica la gesti\u00f3n municipal que comanda Juan Ustarroz sigue adelante con lo planificado y por estas horas estar\u00eda comenzando la vacunaci\u00f3n de distintas poblaciones objetivo seg\u00fan un determinado orden. Personal de salud que por alg\u00fan motivo no lleg\u00f3 a vacunarse, personas adultas mayores con patolog\u00edas, docentes con patolog\u00edas, etc. Vienen, los turnos dados &nbsp;<\/p>\n\n\n\n<p>Las nuevas dosis llegaron en estas horas al centro de vacunaci\u00f3n instalado en el Colegio Nacional. &nbsp;<\/p>\n\n\n\n<p>\u201cEn el marco de la campa\u00f1a de salud llevada adelante por la provincia de Buenos Aires y el Gobierno Nacional arrib\u00f3 a la ciudad una nueva tanda de vacunas contra el Covid-19 que se aplicar\u00e1n a la \u201cpoblaci\u00f3n objetivo\u201d, destac\u00f3 Pisapia quien adem\u00e1s verific\u00f3 el cumplimiento de los protocolos establecidos. \u00a0<\/p>\n\n\n\n<div class=\"wp-block-image\"><figure class=\"aligncenter size-large\"><img loading=\"lazy\" decoding=\"async\" width=\"800\" height=\"533\" data-attachment-id=\"124932\" data-permalink=\"https:\/\/www.hoymercedes.com.ar\/principal\/2021\/02\/17\/llegaron-mas-dosis-de-la-vacuna-sputnik-para-continuar-con-la-campana\/whatsapp-image-2021-02-16-at-21-41-26-1\/#main\" data-orig-file=\"https:\/\/www.hoymercedes.com.ar\/principal\/wp-content\/uploads\/2021\/02\/WhatsApp-Image-2021-02-16-at-21.41.26-1.jpeg\" data-orig-size=\"800,533\" data-comments-opened=\"0\" data-image-meta=\"{&quot;aperture&quot;:&quot;0&quot;,&quot;credit&quot;:&quot;&quot;,&quot;camera&quot;:&quot;&quot;,&quot;caption&quot;:&quot;&quot;,&quot;created_timestamp&quot;:&quot;1613513702&quot;,&quot;copyright&quot;:&quot;&quot;,&quot;focal_length&quot;:&quot;0&quot;,&quot;iso&quot;:&quot;0&quot;,&quot;shutter_speed&quot;:&quot;0&quot;,&quot;title&quot;:&quot;&quot;,&quot;orientation&quot;:&quot;1&quot;}\" data-image-title=\"WhatsApp Image 2021-02-16 at 21.41.26 (1)\" data-image-description=\"\" data-image-caption=\"\" data-large-file=\"https:\/\/www.hoymercedes.com.ar\/principal\/wp-content\/uploads\/2021\/02\/WhatsApp-Image-2021-02-16-at-21.41.26-1.jpeg\" src=\"https:\/\/www.hoymercedes.com.ar\/principal\/wp-content\/uploads\/2021\/02\/WhatsApp-Image-2021-02-16-at-21.41.26-1.jpeg\" alt=\"\" class=\"wp-image-124932\" srcset=\"https:\/\/www.hoymercedes.com.ar\/principal\/wp-content\/uploads\/2021\/02\/WhatsApp-Image-2021-02-16-at-21.41.26-1.jpeg 800w, https:\/\/www.hoymercedes.com.ar\/principal\/wp-content\/uploads\/2021\/02\/WhatsApp-Image-2021-02-16-at-21.41.26-1-630x420.jpeg 630w, https:\/\/www.hoymercedes.com.ar\/principal\/wp-content\/uploads\/2021\/02\/WhatsApp-Image-2021-02-16-at-21.41.26-1-150x100.jpeg 150w, https:\/\/www.hoymercedes.com.ar\/principal\/wp-content\/uploads\/2021\/02\/WhatsApp-Image-2021-02-16-at-21.41.26-1-700x465.jpeg 700w\" sizes=\"auto, (max-width: 800px) 100vw, 800px\" \/><\/figure><\/div>\n\n\n\n<p>Ustarroz destac\u00f3 el avance firme que se viene produciendo con el plan de vacunaci\u00f3n, que es un desaf\u00edo organizativo y log\u00edstico, ya que requiere del trabajo en conjunto del Estado en todos sus estamentos: nacional, provincial y municipal. &nbsp;<\/p>\n\n\n\n<p>\u201cDe manera progresiva y con mucho trabajo vamos atendiendo las necesidades de nuestros vecinos manteniendo cada una de las medidas de prevenci\u00f3n, higiene, control y cuidados necesarios. Seguimos dando pasos fundamentales en la lucha contra la pandemia\u201d, expres\u00f3 Ustarroz en las redes sociales. &nbsp;<\/p>\n\n\n\n<p>Esta nueva etapa de vacunaci\u00f3n incluye ya a los primeros cupos de poblaci\u00f3n en general y en los pr\u00f3ximos d\u00edas van a empezar a notificar y avisar a quienes se hayan inscripto en la web o la app de Vacunate. Esta aplicaci\u00f3n del gobierno provincial ha logrado la inscripci\u00f3n de m\u00e1s de 10 mil personas en Mercedes por ahora. &nbsp;<\/p>\n\n\n\n<p>Para inscribirse hay que bajar la App Vacunate, ingresar a https:\/\/vacunatepba.gba.gob.ar o a trav\u00e9s de las postas sanitarias desplegadas por la municipalidad en distintos puntos de la ciudad y que oportunamente se van a anunciando sus disponibilidades. &nbsp;<\/p>\n","protected":false},"excerpt":{"rendered":"<p>Fuente: Prensa Municipal &#8211; Este martes lleg\u00f3 a Mercedes una nueva tanda de dosis de la vacuna contra el Covid &#8230; <a title=\"Llegaron m\u00e1s d\u00f3sis de la vacuna sputnik para continuar con la campa\u00f1a\" class=\"read-more\" href=\"https:\/\/www.hoymercedes.com.ar\/principal\/2021\/02\/17\/llegaron-mas-dosis-de-la-vacuna-sputnik-para-continuar-con-la-campana\/\" aria-label=\"Leer m\u00e1s sobre Llegaron m\u00e1s d\u00f3sis de la vacuna sputnik para continuar con la campa\u00f1a\">Leer m\u00e1s<\/a><\/p>\n","protected":false},"author":1,"featured_media":124932,"comment_status":"closed","ping_status":"open","sticky":false,"template":"","format":"standard","meta":{"_monsterinsights_skip_tracking":false,"_monsterinsights_sitenote_active":false,"_monsterinsights_sitenote_note":"","_monsterinsights_sitenote_category":0,"jetpack_post_was_ever_published":false,"_jetpack_newsletter_access":"","_jetpack_dont_email_post_to_subs":false,"_jetpack_newsletter_tier_id":0,"_jetpack_memberships_contains_paywalled_content":false,"_jetpack_memberships_contains_paid_content":false,"footnotes":"","jetpack_publicize_message":"","jetpack_publicize_feature_enabled":true,"jetpack_social_post_already_shared":true,"jetpack_social_options":{"image_generator_settings":{"template":"highway","default_image_id":0,"font":"","enabled":false},"version":2},"_wpas_customize_per_network":false},"categories":[9791],"tags":[17545,244,134,17418,765],"class_list":["post-124930","post","type-post","status-publish","format-standard","has-post-thumbnail","hentry","category-salud","tag-dosis-nuevas","tag-municipio-2","tag-salud","tag-sputnik","tag-vacunacion","generate-columns","tablet-grid-50","mobile-grid-100","grid-parent","grid-50"],"jetpack_publicize_connections":[],"jetpack_featured_media_url":"https:\/\/www.hoymercedes.com.ar\/principal\/wp-content\/uploads\/2021\/02\/WhatsApp-Image-2021-02-16-at-21.41.26-1.jpeg","wps_subtitle":"Para comenzar con una nueva etapa de vacunaci\u00f3n","jetpack_sharing_enabled":true,"_links":{"self":[{"href":"https:\/\/www.hoymercedes.com.ar\/principal\/wp-json\/wp\/v2\/posts\/124930","targetHints":{"allow":["GET"]}}],"collection":[{"href":"https:\/\/www.hoymercedes.com.ar\/principal\/wp-json\/wp\/v2\/posts"}],"about":[{"href":"https:\/\/www.hoymercedes.com.ar\/principal\/wp-json\/wp\/v2\/types\/post"}],"author":[{"embeddable":true,"href":"https:\/\/www.hoymercedes.com.ar\/principal\/wp-json\/wp\/v2\/users\/1"}],"replies":[{"embeddable":true,"href":"https:\/\/www.hoymercedes.com.ar\/principal\/wp-json\/wp\/v2\/comments?post=124930"}],"version-history":[{"count":0,"href":"https:\/\/www.hoymercedes.com.ar\/principal\/wp-json\/wp\/v2\/posts\/124930\/revisions"}],"wp:featuredmedia":[{"embeddable":true,"href":"https:\/\/www.hoymercedes.com.ar\/principal\/wp-json\/wp\/v2\/media\/124932"}],"wp:attachment":[{"href":"https:\/\/www.hoymercedes.com.ar\/principal\/wp-json\/wp\/v2\/media?parent=124930"}],"wp:term":[{"taxonomy":"category","embeddable":true,"href":"https:\/\/www.hoymercedes.com.ar\/principal\/wp-json\/wp\/v2\/categories?post=124930"},{"taxonomy":"post_tag","embeddable":true,"href":"https:\/\/www.hoymercedes.com.ar\/principal\/wp-json\/wp\/v2\/tags?post=124930"}],"curies":[{"name":"wp","href":"https:\/\/api.w.org\/{rel}","templated":true}]}}