{"id":124951,"date":"2021-02-17T12:53:40","date_gmt":"2021-02-17T15:53:40","guid":{"rendered":"http:\/\/www.hoymercedes.com.ar\/principal\/?p=124951"},"modified":"2021-02-17T15:26:52","modified_gmt":"2021-02-17T18:26:52","slug":"kicillof-con-la-llegada-de-las-nuevas-dosis-hemos-comenzado-con-la-etapa-de-vacunacion-masiva-en-la-provincia","status":"publish","type":"post","link":"https:\/\/www.hoymercedes.com.ar\/principal\/2021\/02\/17\/kicillof-con-la-llegada-de-las-nuevas-dosis-hemos-comenzado-con-la-etapa-de-vacunacion-masiva-en-la-provincia\/","title":{"rendered":"Kicillof: \u201cCon la llegada de las nuevas dosis, hemos comenzado con la etapa de vacunaci\u00f3n masiva en la Provincia\u201d"},"content":{"rendered":"\n<p>Fuente: Gobierno PBA &#8211; El gobernador Axel Kicillof destac\u00f3 esta ma\u00f1ana que \u201ca partir de la llegada de una mayor cantidad de dosis, la provincia de Buenos Aires est\u00e1 comenzando la etapa de vacunaci\u00f3n masiva\u201d, al encabezar una conferencia de prensa en la que actualiz\u00f3 la situaci\u00f3n epidemiol\u00f3gica junto al ministro de Salud, Daniel Gollan, y la directora general de Cultura y Educaci\u00f3n, Agustina Vila.<\/p>\n\n\n\n<div class=\"wp-block-image\"><figure class=\"aligncenter size-large\"><img loading=\"lazy\" decoding=\"async\" width=\"800\" height=\"532\" data-attachment-id=\"124953\" data-permalink=\"https:\/\/www.hoymercedes.com.ar\/principal\/2021\/02\/17\/kicillof-con-la-llegada-de-las-nuevas-dosis-hemos-comenzado-con-la-etapa-de-vacunacion-masiva-en-la-provincia\/2021_02_17_ak_conferencia-de-prensa-_salud_gba_0102\/#main\" data-orig-file=\"https:\/\/www.hoymercedes.com.ar\/principal\/wp-content\/uploads\/2021\/02\/2021_02_17_AK_Conferencia-de-prensa-_Salud_GBA_0102.jpg\" data-orig-size=\"800,532\" data-comments-opened=\"0\" data-image-meta=\"{&quot;aperture&quot;:&quot;0&quot;,&quot;credit&quot;:&quot;&quot;,&quot;camera&quot;:&quot;&quot;,&quot;caption&quot;:&quot;&quot;,&quot;created_timestamp&quot;:&quot;1613554036&quot;,&quot;copyright&quot;:&quot;&quot;,&quot;focal_length&quot;:&quot;0&quot;,&quot;iso&quot;:&quot;0&quot;,&quot;shutter_speed&quot;:&quot;0&quot;,&quot;title&quot;:&quot;&quot;,&quot;orientation&quot;:&quot;0&quot;}\" data-image-title=\"2021_02_17_AK_Conferencia de prensa _Salud_GBA_0102\" data-image-description=\"\" data-image-caption=\"\" data-large-file=\"https:\/\/www.hoymercedes.com.ar\/principal\/wp-content\/uploads\/2021\/02\/2021_02_17_AK_Conferencia-de-prensa-_Salud_GBA_0102.jpg\" src=\"https:\/\/www.hoymercedes.com.ar\/principal\/wp-content\/uploads\/2021\/02\/2021_02_17_AK_Conferencia-de-prensa-_Salud_GBA_0102.jpg\" alt=\"\" class=\"wp-image-124953\" srcset=\"https:\/\/www.hoymercedes.com.ar\/principal\/wp-content\/uploads\/2021\/02\/2021_02_17_AK_Conferencia-de-prensa-_Salud_GBA_0102.jpg 800w, https:\/\/www.hoymercedes.com.ar\/principal\/wp-content\/uploads\/2021\/02\/2021_02_17_AK_Conferencia-de-prensa-_Salud_GBA_0102-630x419.jpg 630w, https:\/\/www.hoymercedes.com.ar\/principal\/wp-content\/uploads\/2021\/02\/2021_02_17_AK_Conferencia-de-prensa-_Salud_GBA_0102-150x100.jpg 150w, https:\/\/www.hoymercedes.com.ar\/principal\/wp-content\/uploads\/2021\/02\/2021_02_17_AK_Conferencia-de-prensa-_Salud_GBA_0102-700x465.jpg 700w\" sizes=\"auto, (max-width: 800px) 100vw, 800px\" \/><\/figure><\/div>\n\n\n\n<p>Desde el Sal\u00f3n Dorado de la Gobernaci\u00f3n, Kicillof destac\u00f3 que \u201cen las \u00faltimas horas han llegado cerca de un mill\u00f3n de dosis a la Argentina y hemos otorgado 115 mil turnos para aplicar la vacuna entre ma\u00f1ana jueves y el pr\u00f3ximo domingo en los 135 municipios\u201d. \u201cDe los 181 mil trabajadores y trabajadoras de la salud que se inscribieron, ya hemos inmunizado a 143 mil\u201d, agreg\u00f3.<\/p>\n\n\n\n<p>\u201cCon el nuevo lote, terminaremos de cubrir al personal sanitario que se inscribi\u00f3 para recibir la vacuna y avanzaremos con los mayores de 70 a\u00f1os, quienes residen en geri\u00e1tricos, los mayores de 60 que presenten comorbilidades y los miembros de la comunidad educativa y las fuerzas de seguridad, priorizando a aquellos que presenten enfermedades preexistentes\u201d, indic\u00f3 el Gobernador.<\/p>\n\n\n\n<p>Respecto a la educaci\u00f3n, Kicillof se\u00f1al\u00f3 que \u201choy empiezan las clases con presencialidad cuidada 1.100.000 estudiantes que necesitan reforzar contenidos o que vieron debilitadas sus trayectorias debido a la pandemia\u201d. \u201cEn el inicio formal de las clases, entre el 1\u00b0 y el 8 de marzo, 4.150.000 chicos y chicas de los niveles inicial, primario y secundario se van a incorporar con la mayor presencialidad posible dentro de un marco de protocolos de cuidado para preservar la salud y evitar los contagios\u201d, a\u00f1adi\u00f3.<\/p>\n\n\n\n<p>\u201cCerca del 30% de las escuelas de la Provincia podr\u00e1n recibir a los estudiantes todos los d\u00edas. En el resto, con el objetivo de mantener el distanciamiento social necesario, se llevar\u00e1 a cabo una presencialidad alternada de forma semanal\u201d, sostuvo Kicillof, al tiempo que ponder\u00f3 \u201cel di\u00e1logo con los especialistas y la comunidad educativa, que nos permiti\u00f3 aprobar los protocolos de cuidado en octubre del a\u00f1o pasado\u201d.<\/p>\n\n\n\n<p>\u201cEl proceso de intensificaci\u00f3n de saberes que empieza hoy se lleva adelante respetando todos los protocolos necesarios: el uso de barbijo de forma permanente, la ventilaci\u00f3n adecuada, la limpieza frecuente y, sobre todo, la distancia social entre estudiantes y con los docentes\u201d, explic\u00f3 Vila y a\u00f1adi\u00f3: \u201cHemos trabajado para la puesta a punto de las escuelas y para la subdivisi\u00f3n de los grupos en los casos en que sea necesario, adoptando una modalidad combinada de alternancia semanal\u201d.<\/p>\n\n\n\n<p>Por su parte, el ministro Gollan detall\u00f3 el estado de la situaci\u00f3n sanitaria que muestra un descenso del promedio semanal de casos diarios, con 2.731 positivos frente a los 3.162 de la semana anterior. Asimismo, explic\u00f3 que continuaron disminuyendo los llamados al n\u00famero 148 y la ocupaci\u00f3n de camas de terapia intensiva, que alcanza un 56,90% en la zona metropolitana y un 39,39% en el interior de la Provincia.<\/p>\n\n\n\n<p>\u201cHemos vacunado al 75% de los trabajadores de la salud inscriptos y, a partir de ello, observamos una fuerte disminuci\u00f3n de los requerimientos de plasma para tratar la enfermedad en el personal sanitario\u201d, sostuvo Gollan, al tiempo que enfatiz\u00f3 que \u201cesto demuestra que quienes reciben la vacuna no se enferman o, en todo caso, cursan la enfermedad de forma mucho m\u00e1s leve\u201d.<\/p>\n\n\n\n<p>El Ministro inform\u00f3 que \u201cayer hubo un r\u00e9cord de inscripciones, con casi 87 mil bonaerenses que se inscribieron en un solo d\u00eda para recibir la vacuna\u201d. Quienes opten por inmunizarse deben preinscribirse en el sitio www.vacunatepba.gba.gob.ar o a trav\u00e9s de la aplicaci\u00f3n vacunatePBA. All\u00ed se gestionar\u00e1n los turnos de acuerdo con las distintas prioridades establecidas en el plan de vacunaci\u00f3n.<\/p>\n\n\n\n<p>\u201cCon las medidas que se adoptaron, y a partir del esfuerzo de todos los y las bonaerenses, llevamos ya cinco semanas consecutivas de ca\u00edda de los contagios\u201d, explic\u00f3 Kicillof y concluy\u00f3: \u201cHemos llegado al inicio de las clases con una reducci\u00f3n sistem\u00e1tica de los casos y con la campa\u00f1a de vacunaci\u00f3n en marcha, lo que nos ha permitido el regreso con una presencialidad segura, un objetivo esencial por el que hemos estado trabajando hace mucho tiempo\u201d.<\/p>\n","protected":false},"excerpt":{"rendered":"<p>Fuente: Gobierno PBA &#8211; El gobernador Axel Kicillof destac\u00f3 esta ma\u00f1ana que \u201ca partir de la llegada de una mayor &#8230; <a title=\"Kicillof: \u201cCon la llegada de las nuevas dosis, hemos comenzado con la etapa de vacunaci\u00f3n masiva en la Provincia\u201d\" class=\"read-more\" href=\"https:\/\/www.hoymercedes.com.ar\/principal\/2021\/02\/17\/kicillof-con-la-llegada-de-las-nuevas-dosis-hemos-comenzado-con-la-etapa-de-vacunacion-masiva-en-la-provincia\/\" aria-label=\"Leer m\u00e1s sobre Kicillof: \u201cCon la llegada de las nuevas dosis, hemos comenzado con la etapa de vacunaci\u00f3n masiva en la Provincia\u201d\">Leer m\u00e1s<\/a><\/p>\n","protected":false},"author":1,"featured_media":124952,"comment_status":"closed","ping_status":"open","sticky":false,"template":"","format":"standard","meta":{"_monsterinsights_skip_tracking":false,"_monsterinsights_sitenote_active":false,"_monsterinsights_sitenote_note":"","_monsterinsights_sitenote_category":0,"jetpack_post_was_ever_published":false,"_jetpack_newsletter_access":"","_jetpack_dont_email_post_to_subs":false,"_jetpack_newsletter_tier_id":0,"_jetpack_memberships_contains_paywalled_content":false,"_jetpack_memberships_contains_paid_content":false,"footnotes":"","jetpack_publicize_message":"","jetpack_publicize_feature_enabled":true,"jetpack_social_post_already_shared":true,"jetpack_social_options":{"image_generator_settings":{"template":"highway","default_image_id":0,"font":"","enabled":false},"version":2},"_wpas_customize_per_network":false},"categories":[8881],"tags":[1803,765],"class_list":["post-124951","post","type-post","status-publish","format-standard","has-post-thumbnail","hentry","category-provincia","tag-provincia","tag-vacunacion","generate-columns","tablet-grid-50","mobile-grid-100","grid-parent","grid-50"],"jetpack_publicize_connections":[],"jetpack_featured_media_url":"https:\/\/www.hoymercedes.com.ar\/principal\/wp-content\/uploads\/2021\/02\/2021_02_17_AK_Conferencia-de-prensa-_Salud_GBA_0287.jpg","wps_subtitle":"Campa\u00f1a de vacunaci\u00f3n","jetpack_sharing_enabled":true,"_links":{"self":[{"href":"https:\/\/www.hoymercedes.com.ar\/principal\/wp-json\/wp\/v2\/posts\/124951","targetHints":{"allow":["GET"]}}],"collection":[{"href":"https:\/\/www.hoymercedes.com.ar\/principal\/wp-json\/wp\/v2\/posts"}],"about":[{"href":"https:\/\/www.hoymercedes.com.ar\/principal\/wp-json\/wp\/v2\/types\/post"}],"author":[{"embeddable":true,"href":"https:\/\/www.hoymercedes.com.ar\/principal\/wp-json\/wp\/v2\/users\/1"}],"replies":[{"embeddable":true,"href":"https:\/\/www.hoymercedes.com.ar\/principal\/wp-json\/wp\/v2\/comments?post=124951"}],"version-history":[{"count":0,"href":"https:\/\/www.hoymercedes.com.ar\/principal\/wp-json\/wp\/v2\/posts\/124951\/revisions"}],"wp:featuredmedia":[{"embeddable":true,"href":"https:\/\/www.hoymercedes.com.ar\/principal\/wp-json\/wp\/v2\/media\/124952"}],"wp:attachment":[{"href":"https:\/\/www.hoymercedes.com.ar\/principal\/wp-json\/wp\/v2\/media?parent=124951"}],"wp:term":[{"taxonomy":"category","embeddable":true,"href":"https:\/\/www.hoymercedes.com.ar\/principal\/wp-json\/wp\/v2\/categories?post=124951"},{"taxonomy":"post_tag","embeddable":true,"href":"https:\/\/www.hoymercedes.com.ar\/principal\/wp-json\/wp\/v2\/tags?post=124951"}],"curies":[{"name":"wp","href":"https:\/\/api.w.org\/{rel}","templated":true}]}}