{"id":124955,"date":"2021-02-17T15:24:02","date_gmt":"2021-02-17T18:24:02","guid":{"rendered":"http:\/\/www.hoymercedes.com.ar\/principal\/?p=124955"},"modified":"2021-02-17T15:27:15","modified_gmt":"2021-02-17T18:27:15","slug":"trabajan-en-la-urbanizacion-de-los-174-lotes","status":"publish","type":"post","link":"https:\/\/www.hoymercedes.com.ar\/principal\/2021\/02\/17\/trabajan-en-la-urbanizacion-de-los-174-lotes\/","title":{"rendered":"Trabajan en la urbanizaci\u00f3n de los 174 lotes"},"content":{"rendered":"\n<p>La Municipalidad de Mercedes est\u00e1 trabajando en la creaci\u00f3n del nuevo barrio de 174 lotes del Programa Municipal. En los \u00faltimos d\u00edas se empezaron a ver trabajos en lo que ser\u00e1 el nuevo barrio en la zona oeste de la ciudad. Por decisi\u00f3n del intendente Juan Ustarroz se empez\u00f3 con la colocaci\u00f3n de ca\u00f1os dentro de lo que ser\u00e1 el loteo y tambi\u00e9n en las adyacencias. \u00a0<\/p>\n\n\n\n<div class=\"wp-block-image\"><figure class=\"aligncenter size-large\"><img loading=\"lazy\" decoding=\"async\" width=\"768\" height=\"1024\" data-attachment-id=\"124956\" data-permalink=\"https:\/\/www.hoymercedes.com.ar\/principal\/2021\/02\/17\/trabajan-en-la-urbanizacion-de-los-174-lotes\/whatsapp-image-2021-02-16-at-19-53-17-1\/#main\" data-orig-file=\"https:\/\/www.hoymercedes.com.ar\/principal\/wp-content\/uploads\/2021\/02\/WhatsApp-Image-2021-02-16-at-19.53.17-1.jpeg\" data-orig-size=\"800,1067\" data-comments-opened=\"0\" data-image-meta=\"{&quot;aperture&quot;:&quot;0&quot;,&quot;credit&quot;:&quot;&quot;,&quot;camera&quot;:&quot;&quot;,&quot;caption&quot;:&quot;&quot;,&quot;created_timestamp&quot;:&quot;0&quot;,&quot;copyright&quot;:&quot;&quot;,&quot;focal_length&quot;:&quot;0&quot;,&quot;iso&quot;:&quot;0&quot;,&quot;shutter_speed&quot;:&quot;0&quot;,&quot;title&quot;:&quot;&quot;,&quot;orientation&quot;:&quot;0&quot;}\" data-image-title=\"WhatsApp Image 2021-02-16 at 19.53.17 (1)\" data-image-description=\"\" data-image-caption=\"\" data-large-file=\"https:\/\/www.hoymercedes.com.ar\/principal\/wp-content\/uploads\/2021\/02\/WhatsApp-Image-2021-02-16-at-19.53.17-1-768x1024.jpeg\" src=\"https:\/\/www.hoymercedes.com.ar\/principal\/wp-content\/uploads\/2021\/02\/WhatsApp-Image-2021-02-16-at-19.53.17-1-768x1024.jpeg\" alt=\"\" class=\"wp-image-124956\" srcset=\"https:\/\/www.hoymercedes.com.ar\/principal\/wp-content\/uploads\/2021\/02\/WhatsApp-Image-2021-02-16-at-19.53.17-1-768x1024.jpeg 768w, https:\/\/www.hoymercedes.com.ar\/principal\/wp-content\/uploads\/2021\/02\/WhatsApp-Image-2021-02-16-at-19.53.17-1-465x620.jpeg 465w, https:\/\/www.hoymercedes.com.ar\/principal\/wp-content\/uploads\/2021\/02\/WhatsApp-Image-2021-02-16-at-19.53.17-1-112x150.jpeg 112w, https:\/\/www.hoymercedes.com.ar\/principal\/wp-content\/uploads\/2021\/02\/WhatsApp-Image-2021-02-16-at-19.53.17-1.jpeg 800w\" sizes=\"auto, (max-width: 768px) 100vw, 768px\" \/><\/figure><\/div>\n\n\n\n<p>Es as\u00ed como el Municipio de Mercedes, en un trabajo en conjunto con el Ministerio de Desarrollo Territorial y H\u00e1bitat, que conduce Jorge Ferraresi, est\u00e1 trabajando en la urbanizaci\u00f3n de 174 lotes con servicios para vecinos y vecinas de la ciudad de Mercedes, en el marco del Plan Nacional de Suelo Urbano que lleva adelante la Secretar\u00eda de Desarrollo Territorial. &nbsp;<\/p>\n\n\n\n<p>El financiamiento de Naci\u00f3n incluye la ejecuci\u00f3n de las redes de energ\u00eda el\u00e9ctrica, agua potable, desag\u00fces cloacales y pluviales, red vial, peatonal, nexos y obras complementarias, por un monto de $72.119.048,97 y ser\u00e1 ejecutado por administraci\u00f3n por el Municipio. &nbsp;<\/p>\n\n\n\n<p>Por estas horas el municipio ya empez\u00f3 a colocar ca\u00f1os de desag\u00fce en la zona. La inversi\u00f3n por ahora indica la colocaci\u00f3n de 90 ca\u00f1os de 1000cc sobre la calle 91, otros 165 ca\u00f1os de 600 dentro del loteo. Adem\u00e1s, est\u00e1 la licitaci\u00f3n por la compra de 112 ca\u00f1os m\u00e1s para las obras anexas. \u00a0<\/p>\n\n\n\n<p>Fuente: Prensa Municipal<\/p>\n\n\n\n<div class=\"wp-block-image\"><figure class=\"aligncenter size-large\"><img loading=\"lazy\" decoding=\"async\" width=\"800\" height=\"533\" data-attachment-id=\"124957\" data-permalink=\"https:\/\/www.hoymercedes.com.ar\/principal\/2021\/02\/17\/trabajan-en-la-urbanizacion-de-los-174-lotes\/whatsapp-image-2021-02-16-at-19-53-23\/#main\" data-orig-file=\"https:\/\/www.hoymercedes.com.ar\/principal\/wp-content\/uploads\/2021\/02\/WhatsApp-Image-2021-02-16-at-19.53.23.jpeg\" data-orig-size=\"800,533\" data-comments-opened=\"0\" data-image-meta=\"{&quot;aperture&quot;:&quot;0&quot;,&quot;credit&quot;:&quot;&quot;,&quot;camera&quot;:&quot;&quot;,&quot;caption&quot;:&quot;&quot;,&quot;created_timestamp&quot;:&quot;1613574826&quot;,&quot;copyright&quot;:&quot;&quot;,&quot;focal_length&quot;:&quot;0&quot;,&quot;iso&quot;:&quot;0&quot;,&quot;shutter_speed&quot;:&quot;0&quot;,&quot;title&quot;:&quot;&quot;,&quot;orientation&quot;:&quot;1&quot;}\" data-image-title=\"WhatsApp Image 2021-02-16 at 19.53.23\" data-image-description=\"\" data-image-caption=\"\" data-large-file=\"https:\/\/www.hoymercedes.com.ar\/principal\/wp-content\/uploads\/2021\/02\/WhatsApp-Image-2021-02-16-at-19.53.23.jpeg\" src=\"https:\/\/www.hoymercedes.com.ar\/principal\/wp-content\/uploads\/2021\/02\/WhatsApp-Image-2021-02-16-at-19.53.23.jpeg\" alt=\"\" class=\"wp-image-124957\" srcset=\"https:\/\/www.hoymercedes.com.ar\/principal\/wp-content\/uploads\/2021\/02\/WhatsApp-Image-2021-02-16-at-19.53.23.jpeg 800w, https:\/\/www.hoymercedes.com.ar\/principal\/wp-content\/uploads\/2021\/02\/WhatsApp-Image-2021-02-16-at-19.53.23-630x420.jpeg 630w, https:\/\/www.hoymercedes.com.ar\/principal\/wp-content\/uploads\/2021\/02\/WhatsApp-Image-2021-02-16-at-19.53.23-150x100.jpeg 150w, https:\/\/www.hoymercedes.com.ar\/principal\/wp-content\/uploads\/2021\/02\/WhatsApp-Image-2021-02-16-at-19.53.23-700x465.jpeg 700w\" sizes=\"auto, (max-width: 800px) 100vw, 800px\" \/><\/figure><\/div>\n","protected":false},"excerpt":{"rendered":"<p>La Municipalidad de Mercedes est\u00e1 trabajando en la creaci\u00f3n del nuevo barrio de 174 lotes del Programa Municipal. En los &#8230; <a title=\"Trabajan en la urbanizaci\u00f3n de los 174 lotes\" class=\"read-more\" href=\"https:\/\/www.hoymercedes.com.ar\/principal\/2021\/02\/17\/trabajan-en-la-urbanizacion-de-los-174-lotes\/\" aria-label=\"Leer m\u00e1s sobre Trabajan en la urbanizaci\u00f3n de los 174 lotes\">Leer m\u00e1s<\/a><\/p>\n","protected":false},"author":1,"featured_media":124957,"comment_status":"closed","ping_status":"open","sticky":false,"template":"","format":"standard","meta":{"_monsterinsights_skip_tracking":false,"_monsterinsights_sitenote_active":false,"_monsterinsights_sitenote_note":"","_monsterinsights_sitenote_category":0,"jetpack_post_was_ever_published":false,"_jetpack_newsletter_access":"","_jetpack_dont_email_post_to_subs":false,"_jetpack_newsletter_tier_id":0,"_jetpack_memberships_contains_paywalled_content":false,"_jetpack_memberships_contains_paid_content":false,"footnotes":"","jetpack_publicize_message":"","jetpack_publicize_feature_enabled":true,"jetpack_social_post_already_shared":true,"jetpack_social_options":{"image_generator_settings":{"template":"highway","default_image_id":0,"font":"","enabled":false},"version":2},"_wpas_customize_per_network":false},"categories":[30],"tags":[17152,14241,244,17047],"class_list":["post-124955","post","type-post","status-publish","format-standard","has-post-thumbnail","hentry","category-municipio","tag-lotes","tag-mi-terreno","tag-municipio-2","tag-tierras","generate-columns","tablet-grid-50","mobile-grid-100","grid-parent","grid-50"],"jetpack_publicize_connections":[],"jetpack_featured_media_url":"https:\/\/www.hoymercedes.com.ar\/principal\/wp-content\/uploads\/2021\/02\/WhatsApp-Image-2021-02-16-at-19.53.23.jpeg","wps_subtitle":"Programa Mi Terreno","jetpack_sharing_enabled":true,"_links":{"self":[{"href":"https:\/\/www.hoymercedes.com.ar\/principal\/wp-json\/wp\/v2\/posts\/124955","targetHints":{"allow":["GET"]}}],"collection":[{"href":"https:\/\/www.hoymercedes.com.ar\/principal\/wp-json\/wp\/v2\/posts"}],"about":[{"href":"https:\/\/www.hoymercedes.com.ar\/principal\/wp-json\/wp\/v2\/types\/post"}],"author":[{"embeddable":true,"href":"https:\/\/www.hoymercedes.com.ar\/principal\/wp-json\/wp\/v2\/users\/1"}],"replies":[{"embeddable":true,"href":"https:\/\/www.hoymercedes.com.ar\/principal\/wp-json\/wp\/v2\/comments?post=124955"}],"version-history":[{"count":0,"href":"https:\/\/www.hoymercedes.com.ar\/principal\/wp-json\/wp\/v2\/posts\/124955\/revisions"}],"wp:featuredmedia":[{"embeddable":true,"href":"https:\/\/www.hoymercedes.com.ar\/principal\/wp-json\/wp\/v2\/media\/124957"}],"wp:attachment":[{"href":"https:\/\/www.hoymercedes.com.ar\/principal\/wp-json\/wp\/v2\/media?parent=124955"}],"wp:term":[{"taxonomy":"category","embeddable":true,"href":"https:\/\/www.hoymercedes.com.ar\/principal\/wp-json\/wp\/v2\/categories?post=124955"},{"taxonomy":"post_tag","embeddable":true,"href":"https:\/\/www.hoymercedes.com.ar\/principal\/wp-json\/wp\/v2\/tags?post=124955"}],"curies":[{"name":"wp","href":"https:\/\/api.w.org\/{rel}","templated":true}]}}