{"id":124961,"date":"2021-02-17T18:45:00","date_gmt":"2021-02-17T21:45:00","guid":{"rendered":"http:\/\/www.hoymercedes.com.ar\/principal\/?p=124961"},"modified":"2021-02-17T15:45:52","modified_gmt":"2021-02-17T18:45:52","slug":"realizan-bacheo-y-pavimentacion-en-la-interseccion-de-15-y-42","status":"publish","type":"post","link":"https:\/\/www.hoymercedes.com.ar\/principal\/2021\/02\/17\/realizan-bacheo-y-pavimentacion-en-la-interseccion-de-15-y-42\/","title":{"rendered":"Realizan bacheo y pavimentaci\u00f3n en la intersecci\u00f3n de 15 y 42"},"content":{"rendered":"\n<p>Informaci\u00f3n Municipal &#8211; La Municipalidad de Mercedes contin\u00faa brindando soluciones estructurales en la ciudad, en este caso, la maquinar\u00eda municipal se ver\u00e1 apostada en las calles 15 y 42, donde se realizar\u00e1n trabajos de repavimentaci\u00f3n, por lo que estar\u00e1 cerrada -por un tiempo- al tr\u00e1nsito. \u00a0<\/p>\n\n\n\n<div class=\"wp-block-image\"><figure class=\"aligncenter size-large\"><img loading=\"lazy\" decoding=\"async\" width=\"800\" height=\"534\" data-attachment-id=\"124963\" data-permalink=\"https:\/\/www.hoymercedes.com.ar\/principal\/2021\/02\/17\/realizan-bacheo-y-pavimentacion-en-la-interseccion-de-15-y-42\/whatsapp-image-2021-02-17-at-14-12-36-3\/#main\" data-orig-file=\"https:\/\/www.hoymercedes.com.ar\/principal\/wp-content\/uploads\/2021\/02\/WhatsApp-Image-2021-02-17-at-14.12.36-3.jpeg\" data-orig-size=\"800,534\" data-comments-opened=\"0\" data-image-meta=\"{&quot;aperture&quot;:&quot;0&quot;,&quot;credit&quot;:&quot;&quot;,&quot;camera&quot;:&quot;&quot;,&quot;caption&quot;:&quot;&quot;,&quot;created_timestamp&quot;:&quot;1613576250&quot;,&quot;copyright&quot;:&quot;&quot;,&quot;focal_length&quot;:&quot;0&quot;,&quot;iso&quot;:&quot;0&quot;,&quot;shutter_speed&quot;:&quot;0&quot;,&quot;title&quot;:&quot;&quot;,&quot;orientation&quot;:&quot;1&quot;}\" data-image-title=\"WhatsApp Image 2021-02-17 at 14.12.36 (3)\" data-image-description=\"\" data-image-caption=\"\" data-large-file=\"https:\/\/www.hoymercedes.com.ar\/principal\/wp-content\/uploads\/2021\/02\/WhatsApp-Image-2021-02-17-at-14.12.36-3.jpeg\" src=\"https:\/\/www.hoymercedes.com.ar\/principal\/wp-content\/uploads\/2021\/02\/WhatsApp-Image-2021-02-17-at-14.12.36-3.jpeg\" alt=\"\" class=\"wp-image-124963\" srcset=\"https:\/\/www.hoymercedes.com.ar\/principal\/wp-content\/uploads\/2021\/02\/WhatsApp-Image-2021-02-17-at-14.12.36-3.jpeg 800w, https:\/\/www.hoymercedes.com.ar\/principal\/wp-content\/uploads\/2021\/02\/WhatsApp-Image-2021-02-17-at-14.12.36-3-630x421.jpeg 630w, https:\/\/www.hoymercedes.com.ar\/principal\/wp-content\/uploads\/2021\/02\/WhatsApp-Image-2021-02-17-at-14.12.36-3-150x100.jpeg 150w\" sizes=\"auto, (max-width: 800px) 100vw, 800px\" \/><\/figure><\/div>\n\n\n\n<p>Estas obras son llevadas adelante por trabajadores municipales pertenecientes a la cuadrilla de bacheo, misma que viene realizando m\u00faltiples trabajos en la ciudad. En este caso se efectuar\u00e1 una repavimentaci\u00f3n que tiene como objetivo \u201cperdure en el tiempo\u201d se\u00f1al\u00f3 Luis Ponce, subsecretario de Servicios P\u00fablicos. &nbsp;<\/p>\n\n\n\n<p>\u201cSe trata de obras profundas e integrales de hormig\u00f3n para tener arreglos de calidad, duraderos y con materiales resistentes. Estas tareas son efectuadas por personal municipal y solventadas con fondos municipales\u201d, afirm\u00f3 Luis Ponce, subsecretario de Servicios P\u00fablicos y quien coordina los trabajos que realiza la cuadrilla de bacheo que conduce el trabajador municipal Carlos Romero. &nbsp;<\/p>\n\n\n\n<p>Cabe destacar que quienes hoy integran la cuadrilla municipal, vienen desarrollando trabajos con hormig\u00f3n elaborado desde hace m\u00e1s de dos a\u00f1os y han ejecutado obras como veredas que han mejorado la accesibilidad en diferentes barrios de la ciudad y un total de 17 plazas inclusivas. Dichas labores han sido una capacitaci\u00f3n permanente que hoy se ve reflejado en los trabajos que desarrollan con las calles de nuestra ciudad. &nbsp;<\/p>\n\n\n\n<p>La creaci\u00f3n de esta cuadrilla de trabajo y la suma de equipamientos necesarios para realizar estas tareas, han permitido que se repararan m\u00e1s de un centenar de baches y\u00a0\u00a0pa\u00f1os completos de asfalto en diferentes puntos de la ciudad.\u00a0<\/p>\n\n\n\n<div class=\"wp-block-image\"><figure class=\"aligncenter size-large\"><img loading=\"lazy\" decoding=\"async\" width=\"800\" height=\"533\" data-attachment-id=\"124962\" data-permalink=\"https:\/\/www.hoymercedes.com.ar\/principal\/2021\/02\/17\/realizan-bacheo-y-pavimentacion-en-la-interseccion-de-15-y-42\/whatsapp-image-2021-02-17-at-14-12-36-1\/#main\" data-orig-file=\"https:\/\/www.hoymercedes.com.ar\/principal\/wp-content\/uploads\/2021\/02\/WhatsApp-Image-2021-02-17-at-14.12.36-1.jpeg\" data-orig-size=\"800,533\" data-comments-opened=\"0\" data-image-meta=\"{&quot;aperture&quot;:&quot;0&quot;,&quot;credit&quot;:&quot;&quot;,&quot;camera&quot;:&quot;&quot;,&quot;caption&quot;:&quot;&quot;,&quot;created_timestamp&quot;:&quot;0&quot;,&quot;copyright&quot;:&quot;&quot;,&quot;focal_length&quot;:&quot;0&quot;,&quot;iso&quot;:&quot;0&quot;,&quot;shutter_speed&quot;:&quot;0&quot;,&quot;title&quot;:&quot;&quot;,&quot;orientation&quot;:&quot;0&quot;}\" data-image-title=\"WhatsApp Image 2021-02-17 at 14.12.36 (1)\" data-image-description=\"\" data-image-caption=\"\" data-large-file=\"https:\/\/www.hoymercedes.com.ar\/principal\/wp-content\/uploads\/2021\/02\/WhatsApp-Image-2021-02-17-at-14.12.36-1.jpeg\" src=\"https:\/\/www.hoymercedes.com.ar\/principal\/wp-content\/uploads\/2021\/02\/WhatsApp-Image-2021-02-17-at-14.12.36-1.jpeg\" alt=\"\" class=\"wp-image-124962\" srcset=\"https:\/\/www.hoymercedes.com.ar\/principal\/wp-content\/uploads\/2021\/02\/WhatsApp-Image-2021-02-17-at-14.12.36-1.jpeg 800w, https:\/\/www.hoymercedes.com.ar\/principal\/wp-content\/uploads\/2021\/02\/WhatsApp-Image-2021-02-17-at-14.12.36-1-630x420.jpeg 630w, https:\/\/www.hoymercedes.com.ar\/principal\/wp-content\/uploads\/2021\/02\/WhatsApp-Image-2021-02-17-at-14.12.36-1-150x100.jpeg 150w, https:\/\/www.hoymercedes.com.ar\/principal\/wp-content\/uploads\/2021\/02\/WhatsApp-Image-2021-02-17-at-14.12.36-1-700x465.jpeg 700w\" sizes=\"auto, (max-width: 800px) 100vw, 800px\" \/><\/figure><\/div>\n","protected":false},"excerpt":{"rendered":"<p>Informaci\u00f3n Municipal &#8211; La Municipalidad de Mercedes contin\u00faa brindando soluciones estructurales en la ciudad, en este caso, la maquinar\u00eda municipal &#8230; <a title=\"Realizan bacheo y pavimentaci\u00f3n en la intersecci\u00f3n de 15 y 42\" class=\"read-more\" href=\"https:\/\/www.hoymercedes.com.ar\/principal\/2021\/02\/17\/realizan-bacheo-y-pavimentacion-en-la-interseccion-de-15-y-42\/\" aria-label=\"Leer m\u00e1s sobre Realizan bacheo y pavimentaci\u00f3n en la intersecci\u00f3n de 15 y 42\">Leer m\u00e1s<\/a><\/p>\n","protected":false},"author":1,"featured_media":124962,"comment_status":"closed","ping_status":"open","sticky":false,"template":"","format":"standard","meta":{"_monsterinsights_skip_tracking":false,"_monsterinsights_sitenote_active":false,"_monsterinsights_sitenote_note":"","_monsterinsights_sitenote_category":0,"jetpack_post_was_ever_published":false,"_jetpack_newsletter_access":"","_jetpack_dont_email_post_to_subs":false,"_jetpack_newsletter_tier_id":0,"_jetpack_memberships_contains_paywalled_content":false,"_jetpack_memberships_contains_paid_content":false,"footnotes":"","jetpack_publicize_message":"","jetpack_publicize_feature_enabled":true,"jetpack_social_post_already_shared":true,"jetpack_social_options":{"image_generator_settings":{"template":"highway","default_image_id":0,"font":"","enabled":false},"version":2},"_wpas_customize_per_network":false},"categories":[30],"tags":[],"class_list":["post-124961","post","type-post","status-publish","format-standard","has-post-thumbnail","hentry","category-municipio","generate-columns","tablet-grid-50","mobile-grid-100","grid-parent","grid-50"],"jetpack_publicize_connections":[],"jetpack_featured_media_url":"https:\/\/www.hoymercedes.com.ar\/principal\/wp-content\/uploads\/2021\/02\/WhatsApp-Image-2021-02-17-at-14.12.36-1.jpeg","wps_subtitle":"","jetpack_sharing_enabled":true,"_links":{"self":[{"href":"https:\/\/www.hoymercedes.com.ar\/principal\/wp-json\/wp\/v2\/posts\/124961","targetHints":{"allow":["GET"]}}],"collection":[{"href":"https:\/\/www.hoymercedes.com.ar\/principal\/wp-json\/wp\/v2\/posts"}],"about":[{"href":"https:\/\/www.hoymercedes.com.ar\/principal\/wp-json\/wp\/v2\/types\/post"}],"author":[{"embeddable":true,"href":"https:\/\/www.hoymercedes.com.ar\/principal\/wp-json\/wp\/v2\/users\/1"}],"replies":[{"embeddable":true,"href":"https:\/\/www.hoymercedes.com.ar\/principal\/wp-json\/wp\/v2\/comments?post=124961"}],"version-history":[{"count":0,"href":"https:\/\/www.hoymercedes.com.ar\/principal\/wp-json\/wp\/v2\/posts\/124961\/revisions"}],"wp:featuredmedia":[{"embeddable":true,"href":"https:\/\/www.hoymercedes.com.ar\/principal\/wp-json\/wp\/v2\/media\/124962"}],"wp:attachment":[{"href":"https:\/\/www.hoymercedes.com.ar\/principal\/wp-json\/wp\/v2\/media?parent=124961"}],"wp:term":[{"taxonomy":"category","embeddable":true,"href":"https:\/\/www.hoymercedes.com.ar\/principal\/wp-json\/wp\/v2\/categories?post=124961"},{"taxonomy":"post_tag","embeddable":true,"href":"https:\/\/www.hoymercedes.com.ar\/principal\/wp-json\/wp\/v2\/tags?post=124961"}],"curies":[{"name":"wp","href":"https:\/\/api.w.org\/{rel}","templated":true}]}}