{"id":124971,"date":"2021-02-18T09:34:00","date_gmt":"2021-02-18T12:34:00","guid":{"rendered":"http:\/\/www.hoymercedes.com.ar\/principal\/?p=124971"},"modified":"2021-02-17T22:35:28","modified_gmt":"2021-02-18T01:35:28","slug":"el-estado-en-tu-barrio-con-tramites-varios","status":"publish","type":"post","link":"https:\/\/www.hoymercedes.com.ar\/principal\/2021\/02\/18\/el-estado-en-tu-barrio-con-tramites-varios\/","title":{"rendered":"El Estado en Tu Barrio con tr\u00e1mites varios"},"content":{"rendered":"\n<p>Informaci\u00f3n oficial &#8211; El Municipio de Mercedes en un trabajo en conjunto con el Ministerio del Interior, acercan a los vecinos dispositivos como el Registro Nacional de las Personas y la Direcci\u00f3n Nacional de Migraciones, a trav\u00e9s de los cuales se pueden tramitar DNI, pasaportes y brindan, adem\u00e1s, informaci\u00f3n a todos los vecinos que previamente sacaron su turno correspondiente. Este operativo se llevar\u00e1 adelante desde este mi\u00e9rcoles hasta el pr\u00f3ximo viernes, de 10:00 de la ma\u00f1ana hasta las 18:00 horas. Asimismo, se desarrollar\u00e1 simult\u00e1neamente \u201cel Estado en Tu barrio\u201d en el espacio de La Trocha.<\/p>\n\n\n\n<div class=\"wp-block-image\"><figure class=\"aligncenter size-large\"><img loading=\"lazy\" decoding=\"async\" width=\"722\" height=\"482\" data-attachment-id=\"124972\" data-permalink=\"https:\/\/www.hoymercedes.com.ar\/principal\/2021\/02\/18\/el-estado-en-tu-barrio-con-tramites-varios\/photo5001548511103265062\/#main\" data-orig-file=\"https:\/\/www.hoymercedes.com.ar\/principal\/wp-content\/uploads\/2021\/02\/photo5001548511103265062.jpg\" data-orig-size=\"722,482\" data-comments-opened=\"0\" data-image-meta=\"{&quot;aperture&quot;:&quot;0&quot;,&quot;credit&quot;:&quot;&quot;,&quot;camera&quot;:&quot;&quot;,&quot;caption&quot;:&quot;&quot;,&quot;created_timestamp&quot;:&quot;1613597644&quot;,&quot;copyright&quot;:&quot;&quot;,&quot;focal_length&quot;:&quot;0&quot;,&quot;iso&quot;:&quot;0&quot;,&quot;shutter_speed&quot;:&quot;0&quot;,&quot;title&quot;:&quot;&quot;,&quot;orientation&quot;:&quot;1&quot;}\" data-image-title=\"photo5001548511103265062\" data-image-description=\"\" data-image-caption=\"\" data-large-file=\"https:\/\/www.hoymercedes.com.ar\/principal\/wp-content\/uploads\/2021\/02\/photo5001548511103265062.jpg\" src=\"https:\/\/www.hoymercedes.com.ar\/principal\/wp-content\/uploads\/2021\/02\/photo5001548511103265062.jpg\" alt=\"\" class=\"wp-image-124972\" srcset=\"https:\/\/www.hoymercedes.com.ar\/principal\/wp-content\/uploads\/2021\/02\/photo5001548511103265062.jpg 722w, https:\/\/www.hoymercedes.com.ar\/principal\/wp-content\/uploads\/2021\/02\/photo5001548511103265062-630x421.jpg 630w, https:\/\/www.hoymercedes.com.ar\/principal\/wp-content\/uploads\/2021\/02\/photo5001548511103265062-150x100.jpg 150w\" sizes=\"auto, (max-width: 722px) 100vw, 722px\" \/><\/figure><\/div>\n\n\n\n<p>Este mi\u00e9rcoles, jueves y viernes, entre las 10 de la ma\u00f1ana y las 18 horas los vecinos se pueden acercar al Complejo Cultural La Trocha para realizar estos tr\u00e1mites. Joaquin Bistuer, a cargo del operativo explic\u00f3 que conjuntamente con Migraciones, se desarrolla \u201cEl Estado en Tu Barrio\u201d con varias dependencias nacionales, provinciales y municipales.<\/p>\n\n\n\n<p>\u201cLuego de un trabajo territorial que hemos hecho con el COE, observamos que mucha gente no ten\u00eda la renovaci\u00f3n del documento\u201d se\u00f1al\u00f3 Bistuer que destac\u00f3 la r\u00e1pida gesti\u00f3n del intendente Ustarroz conjuntamente con el Ministerio del Interior de Naci\u00f3n, que encabeza Eduardo \u201cWado\u201d De Pedro, para montar el dispositivo.<\/p>\n\n\n\n<p>\u201cCalculamos que se van a realizar 350 DNI por d\u00eda\u201d se\u00f1al\u00f3 el encargado del dispositivo que cont\u00f3 con la colaboraci\u00f3n de distintos estamentos para la organizaci\u00f3n de los turnos: \u201cy dejamos un cupo de 70 u 80 documentos diarios\u201d.<\/p>\n\n\n\n<p>Para quienes van a hacer su nuevo DNI tienen que ir con su antiguo documento, en caso de haberlo perdido la denuncia o constancia del Registro Civil, en tanto los menores de 18 a\u00f1os deben presentarse con el Acta o Partida de Nacimiento.<\/p>\n\n\n\n<p>Conjuntamente con el dispositivo del RENAPER estar\u00e1n representaciones de ANSES, Defensor\u00eda del Pueblo, IPS, PAMI, Desarrollo Social del Municipio, el Centro de Referencia de Naci\u00f3n, Patronato de Liberados, Secretar\u00eda de Salud, Servicios P\u00fablicos, la Regi\u00f3n Sanitaria X.<\/p>\n\n\n\n<p>\u201cEstamos viendo la posibilidad de realizar otro operativo en Gowland el d\u00eda s\u00e1bado\u201d indic\u00f3 el responsable del operativo que se llevar\u00e1 entre este mi\u00e9rcoles y viernes en La Trocha y agreg\u00f3 que \u201cvienen 3 camionetas del RENAPER con 6 box en total\u201d para la atenci\u00f3n al p\u00fablico.<\/p>\n","protected":false},"excerpt":{"rendered":"<p>Informaci\u00f3n oficial &#8211; El Municipio de Mercedes en un trabajo en conjunto con el Ministerio del Interior, acercan a los &#8230; <a title=\"El Estado en Tu Barrio con tr\u00e1mites varios\" class=\"read-more\" href=\"https:\/\/www.hoymercedes.com.ar\/principal\/2021\/02\/18\/el-estado-en-tu-barrio-con-tramites-varios\/\" aria-label=\"Leer m\u00e1s sobre El Estado en Tu Barrio con tr\u00e1mites varios\">Leer m\u00e1s<\/a><\/p>\n","protected":false},"author":1,"featured_media":124972,"comment_status":"closed","ping_status":"open","sticky":false,"template":"","format":"standard","meta":{"_monsterinsights_skip_tracking":false,"_monsterinsights_sitenote_active":false,"_monsterinsights_sitenote_note":"","_monsterinsights_sitenote_category":0,"jetpack_post_was_ever_published":false,"_jetpack_newsletter_access":"","_jetpack_dont_email_post_to_subs":false,"_jetpack_newsletter_tier_id":0,"_jetpack_memberships_contains_paywalled_content":false,"_jetpack_memberships_contains_paid_content":false,"footnotes":"","jetpack_publicize_message":"","jetpack_publicize_feature_enabled":true,"jetpack_social_post_already_shared":true,"jetpack_social_options":{"image_generator_settings":{"template":"highway","default_image_id":0,"font":"","enabled":false},"version":2},"_wpas_customize_per_network":false},"categories":[30],"tags":[],"class_list":["post-124971","post","type-post","status-publish","format-standard","has-post-thumbnail","hentry","category-municipio","generate-columns","tablet-grid-50","mobile-grid-100","grid-parent","grid-50"],"jetpack_publicize_connections":[],"jetpack_featured_media_url":"https:\/\/www.hoymercedes.com.ar\/principal\/wp-content\/uploads\/2021\/02\/photo5001548511103265062.jpg","wps_subtitle":"En La Trocha","jetpack_sharing_enabled":true,"_links":{"self":[{"href":"https:\/\/www.hoymercedes.com.ar\/principal\/wp-json\/wp\/v2\/posts\/124971","targetHints":{"allow":["GET"]}}],"collection":[{"href":"https:\/\/www.hoymercedes.com.ar\/principal\/wp-json\/wp\/v2\/posts"}],"about":[{"href":"https:\/\/www.hoymercedes.com.ar\/principal\/wp-json\/wp\/v2\/types\/post"}],"author":[{"embeddable":true,"href":"https:\/\/www.hoymercedes.com.ar\/principal\/wp-json\/wp\/v2\/users\/1"}],"replies":[{"embeddable":true,"href":"https:\/\/www.hoymercedes.com.ar\/principal\/wp-json\/wp\/v2\/comments?post=124971"}],"version-history":[{"count":0,"href":"https:\/\/www.hoymercedes.com.ar\/principal\/wp-json\/wp\/v2\/posts\/124971\/revisions"}],"wp:featuredmedia":[{"embeddable":true,"href":"https:\/\/www.hoymercedes.com.ar\/principal\/wp-json\/wp\/v2\/media\/124972"}],"wp:attachment":[{"href":"https:\/\/www.hoymercedes.com.ar\/principal\/wp-json\/wp\/v2\/media?parent=124971"}],"wp:term":[{"taxonomy":"category","embeddable":true,"href":"https:\/\/www.hoymercedes.com.ar\/principal\/wp-json\/wp\/v2\/categories?post=124971"},{"taxonomy":"post_tag","embeddable":true,"href":"https:\/\/www.hoymercedes.com.ar\/principal\/wp-json\/wp\/v2\/tags?post=124971"}],"curies":[{"name":"wp","href":"https:\/\/api.w.org\/{rel}","templated":true}]}}