{"id":125035,"date":"2021-02-18T19:30:00","date_gmt":"2021-02-18T22:30:00","guid":{"rendered":"http:\/\/www.hoymercedes.com.ar\/principal\/?p=125035"},"modified":"2021-02-18T18:36:15","modified_gmt":"2021-02-18T21:36:15","slug":"los-dias-25-y-26-jubilados-y-pensionados-del-ips-cobran-haberes-de-febrero","status":"publish","type":"post","link":"https:\/\/www.hoymercedes.com.ar\/principal\/2021\/02\/18\/los-dias-25-y-26-jubilados-y-pensionados-del-ips-cobran-haberes-de-febrero\/","title":{"rendered":"Los d\u00edas 25 y 26 jubilados y pensionados del IPS cobran haberes de febrero"},"content":{"rendered":"\n<p>El Instituto de Previsi\u00f3n Social Bonaerense (IPS) informa que los jubilados y pensionados de la Provincia de Buenos Aires percibir\u00e1n los haberes del mes de febrero entre los d\u00edas jueves 25&nbsp;y viernes 26 del corriente, seg\u00fan cronograma que se detalla a continuaci\u00f3n:<\/p>\n\n\n\n<figure class=\"wp-block-image\"><img decoding=\"async\" src=\"https:\/\/flashissue.s3.us-east-1.amazonaws.com\/A0mrVl8UT7SAITxn7OrW_Y3Jvbm8gZmVicmVybw==.jpeg\" alt=\"\"\/><\/figure>\n\n\n\n<p><strong>Se recuerda que:&nbsp;<\/strong><\/p>\n\n\n\n<ul class=\"wp-block-list\"><li>Todos los tr\u00e1mites del IPS se realizan de forma online.&nbsp;Si los interesados a\u00fan no obtuvieron su turno, deber\u00e1n acceder a&nbsp;<a href=\"http:\/\/www.ips.gba.gob.ar\/tramites_remotos.html\" target=\"_blank\" rel=\"noreferrer noopener\">http:\/\/www.ips.gba.gob.ar\/tramites_remotos.html<\/a>&nbsp;y solicitar un turno de atenci\u00f3n No presencial en Sede de Inicio La Plata o bien en cualquier Centro de Atenci\u00f3n Previsional habilitado en el interior de la Provincia.&nbsp;<\/li><li>Se ampliaron los plazos para la presentaci\u00f3n de documentaci\u00f3n con vencimiento hasta el 31 de marzo de 2021.<\/li><li>Todo lo que hay que saber sobre Tr\u00e1mites No Presenciales podr\u00e1 encontrarse en:&nbsp;<a href=\"http:\/\/www.ips.gba.gov.ar\/tramites_remotos.html\" target=\"_blank\" rel=\"noreferrer noopener\">http:\/\/www.ips.gba.gov.ar\/tramites_remotos.html<\/a><\/li><\/ul>\n","protected":false},"excerpt":{"rendered":"<p>El Instituto de Previsi\u00f3n Social Bonaerense (IPS) informa que los jubilados y pensionados de la Provincia de Buenos Aires percibir\u00e1n &#8230; <a title=\"Los d\u00edas 25 y 26 jubilados y pensionados del IPS cobran haberes de febrero\" class=\"read-more\" href=\"https:\/\/www.hoymercedes.com.ar\/principal\/2021\/02\/18\/los-dias-25-y-26-jubilados-y-pensionados-del-ips-cobran-haberes-de-febrero\/\" aria-label=\"Leer m\u00e1s sobre Los d\u00edas 25 y 26 jubilados y pensionados del IPS cobran haberes de febrero\">Leer m\u00e1s<\/a><\/p>\n","protected":false},"author":1,"featured_media":107631,"comment_status":"closed","ping_status":"open","sticky":false,"template":"","format":"standard","meta":{"_monsterinsights_skip_tracking":false,"_monsterinsights_sitenote_active":false,"_monsterinsights_sitenote_note":"","_monsterinsights_sitenote_category":0,"jetpack_post_was_ever_published":false,"_jetpack_newsletter_access":"","_jetpack_dont_email_post_to_subs":false,"_jetpack_newsletter_tier_id":0,"_jetpack_memberships_contains_paywalled_content":false,"_jetpack_memberships_contains_paid_content":false,"footnotes":"","jetpack_publicize_message":"","jetpack_publicize_feature_enabled":true,"jetpack_social_post_already_shared":true,"jetpack_social_options":{"image_generator_settings":{"template":"highway","default_image_id":0,"font":"","enabled":false},"version":2},"_wpas_customize_per_network":false},"categories":[8881],"tags":[17546,7007,17547,13810],"class_list":["post-125035","post","type-post","status-publish","format-standard","has-post-thumbnail","hentry","category-provincia","tag-aporte-previsional","tag-ips","tag-jubilado","tag-pensionados","generate-columns","tablet-grid-50","mobile-grid-100","grid-parent","grid-50"],"jetpack_publicize_connections":[],"jetpack_featured_media_url":"https:\/\/www.hoymercedes.com.ar\/principal\/wp-content\/uploads\/2020\/03\/14-logo-IPS.png","wps_subtitle":"Aporte previsional","jetpack_sharing_enabled":true,"_links":{"self":[{"href":"https:\/\/www.hoymercedes.com.ar\/principal\/wp-json\/wp\/v2\/posts\/125035","targetHints":{"allow":["GET"]}}],"collection":[{"href":"https:\/\/www.hoymercedes.com.ar\/principal\/wp-json\/wp\/v2\/posts"}],"about":[{"href":"https:\/\/www.hoymercedes.com.ar\/principal\/wp-json\/wp\/v2\/types\/post"}],"author":[{"embeddable":true,"href":"https:\/\/www.hoymercedes.com.ar\/principal\/wp-json\/wp\/v2\/users\/1"}],"replies":[{"embeddable":true,"href":"https:\/\/www.hoymercedes.com.ar\/principal\/wp-json\/wp\/v2\/comments?post=125035"}],"version-history":[{"count":0,"href":"https:\/\/www.hoymercedes.com.ar\/principal\/wp-json\/wp\/v2\/posts\/125035\/revisions"}],"wp:featuredmedia":[{"embeddable":true,"href":"https:\/\/www.hoymercedes.com.ar\/principal\/wp-json\/wp\/v2\/media\/107631"}],"wp:attachment":[{"href":"https:\/\/www.hoymercedes.com.ar\/principal\/wp-json\/wp\/v2\/media?parent=125035"}],"wp:term":[{"taxonomy":"category","embeddable":true,"href":"https:\/\/www.hoymercedes.com.ar\/principal\/wp-json\/wp\/v2\/categories?post=125035"},{"taxonomy":"post_tag","embeddable":true,"href":"https:\/\/www.hoymercedes.com.ar\/principal\/wp-json\/wp\/v2\/tags?post=125035"}],"curies":[{"name":"wp","href":"https:\/\/api.w.org\/{rel}","templated":true}]}}