{"id":12504,"date":"2012-04-27T13:04:09","date_gmt":"2012-04-27T13:04:09","guid":{"rendered":"http:\/\/www.hoymercedes.com.ar\/principal\/?p=12504"},"modified":"2012-04-27T13:04:09","modified_gmt":"2012-04-27T13:04:09","slug":"ate-mercedes-presente-en-congreso-realizado-en-mar-del-plata","status":"publish","type":"post","link":"https:\/\/www.hoymercedes.com.ar\/principal\/2012\/04\/27\/ate-mercedes-presente-en-congreso-realizado-en-mar-del-plata\/","title":{"rendered":"ATE Mercedes presente en congreso realizado en Mar del plata"},"content":{"rendered":"<p style=\"text-align: center;\"><a href=\"https:\/\/www.hoymercedes.com.ar\/principal\/wp-content\/uploads\/2012\/04\/ATE-Mercedes.jpg\"><img loading=\"lazy\" decoding=\"async\" data-attachment-id=\"12506\" data-permalink=\"https:\/\/www.hoymercedes.com.ar\/principal\/2012\/04\/27\/ate-mercedes-presente-en-congreso-realizado-en-mar-del-plata\/ate-mercedes-2\/#main\" data-orig-file=\"https:\/\/www.hoymercedes.com.ar\/principal\/wp-content\/uploads\/2012\/04\/ATE-Mercedes.jpg\" data-orig-size=\"612,367\" data-comments-opened=\"1\" data-image-meta=\"{&quot;aperture&quot;:&quot;2.8&quot;,&quot;credit&quot;:&quot;&quot;,&quot;camera&quot;:&quot;DSC-W55&quot;,&quot;caption&quot;:&quot;&quot;,&quot;created_timestamp&quot;:&quot;1334941302&quot;,&quot;copyright&quot;:&quot;&quot;,&quot;focal_length&quot;:&quot;6.3&quot;,&quot;iso&quot;:&quot;100&quot;,&quot;shutter_speed&quot;:&quot;0.002&quot;,&quot;title&quot;:&quot;&quot;}\" data-image-title=\"ATE-Mercedes\" data-image-description=\"\" data-image-caption=\"\" data-large-file=\"https:\/\/www.hoymercedes.com.ar\/principal\/wp-content\/uploads\/2012\/04\/ATE-Mercedes.jpg\" class=\"size-full wp-image-12506 aligncenter\" title=\"ATE-Mercedes\" src=\"https:\/\/www.hoymercedes.com.ar\/principal\/wp-content\/uploads\/2012\/04\/ATE-Mercedes.jpg\" alt=\"\" width=\"612\" height=\"367\" \/><\/a><\/p>\n<p>\u201cLejos de retroceder vamos por mas\u201d Con esa frase dio comienzo Oscar De Isasi, secretario General de ATE provincia de Buenos Aires, al 22\u00b0 Congreso Extraordinario. Anteriormente sesion\u00f3 el 21\u00b0 Congreso Ordinario que aprob\u00f3 la memoria y balance de 2011 con la presencia de 1.226 trabajadores. , De Isasi manifest\u00f3 el total respaldo de ATE Provincia al proyecto de expropiaci\u00f3n de YPF y dijo: \u00abLo siento como propio, como el inicio de una pol\u00edtica de recuperaci\u00f3n total de la soberan\u00eda nacional en el petr\u00f3leo, la energ\u00eda y la miner\u00eda. Ahora tenemos que ir por todo\u00bb. Julio Fuentes destac\u00f3 en tanto la lucha de ATE contra las privatizaciones y record\u00f3 la idea de \u00abqueremos m\u00e1s Estado en lugar de m\u00e1s mercado\u00bb<\/p>\n<p>De Isasi manifest\u00f3 que \u201cla crisis nos da una posibilidad. La crisis de 2001 signific\u00f3 el fin del consenso de Washington y esta, la crisis del capitalismo, nos da la posibilidad de construir la fuerza necesaria para salir fortalecidos. Lejos de replegarnos los trabajadores del Estado Nacional, provincial y municipal vamos por m\u00e1s aumentos, porque la hora de trabajo sea igual paga en cada \u00e1rea, por la eliminaci\u00f3n de salarios en negro, porque para los municipales el m\u00ednimo sea el m\u00ednimo vital y m\u00f3vil, a igual tarea igual remuneraci\u00f3n, vamos porque haya paritarias en los 135 distritos de la provincia de Buenos Aires y que se termine con los manejos feudales de los intendentes<\/p>\n<p>M\u00e1s tarde fueron homenajeados los trabajadores y ex combatientes de Malvinas de distintas localidades del territorio bonaerense, donde nuestro compa\u00f1ero de la seccional mercedes Ra\u00fal Aguirre de la vecina localidad de Suipacha paso por el escenario donde recibi\u00f3 una distinci\u00f3n por parte de los dirigentes provinciales<\/p>\n","protected":false},"excerpt":{"rendered":"<p>\u201cLejos de retroceder vamos por mas\u201d Con esa frase dio comienzo Oscar De Isasi, secretario General de ATE provincia de &#8230; <a title=\"ATE Mercedes presente en congreso realizado en Mar del plata\" class=\"read-more\" href=\"https:\/\/www.hoymercedes.com.ar\/principal\/2012\/04\/27\/ate-mercedes-presente-en-congreso-realizado-en-mar-del-plata\/\" aria-label=\"Leer m\u00e1s sobre ATE Mercedes presente en congreso realizado en Mar del plata\">Leer m\u00e1s<\/a><\/p>\n","protected":false},"author":1,"featured_media":0,"comment_status":"open","ping_status":"open","sticky":false,"template":"","format":"standard","meta":{"_monsterinsights_skip_tracking":false,"_monsterinsights_sitenote_active":false,"_monsterinsights_sitenote_note":"","_monsterinsights_sitenote_category":0,"jetpack_post_was_ever_published":false,"_jetpack_newsletter_access":"","_jetpack_dont_email_post_to_subs":false,"_jetpack_newsletter_tier_id":0,"_jetpack_memberships_contains_paywalled_content":false,"_jetpack_memberships_contains_paid_content":false,"footnotes":"","jetpack_publicize_message":"","jetpack_publicize_feature_enabled":true,"jetpack_social_post_already_shared":false,"jetpack_social_options":{"image_generator_settings":{"template":"highway","default_image_id":0,"font":"","enabled":false},"version":2},"_wpas_customize_per_network":false},"categories":[5],"tags":[308],"class_list":["post-12504","post","type-post","status-publish","format-standard","hentry","category-politica","tag-ate-mercedes","generate-columns","tablet-grid-50","mobile-grid-100","grid-parent","grid-50"],"jetpack_publicize_connections":[],"jetpack_featured_media_url":"","wps_subtitle":"","jetpack_sharing_enabled":true,"_links":{"self":[{"href":"https:\/\/www.hoymercedes.com.ar\/principal\/wp-json\/wp\/v2\/posts\/12504","targetHints":{"allow":["GET"]}}],"collection":[{"href":"https:\/\/www.hoymercedes.com.ar\/principal\/wp-json\/wp\/v2\/posts"}],"about":[{"href":"https:\/\/www.hoymercedes.com.ar\/principal\/wp-json\/wp\/v2\/types\/post"}],"author":[{"embeddable":true,"href":"https:\/\/www.hoymercedes.com.ar\/principal\/wp-json\/wp\/v2\/users\/1"}],"replies":[{"embeddable":true,"href":"https:\/\/www.hoymercedes.com.ar\/principal\/wp-json\/wp\/v2\/comments?post=12504"}],"version-history":[{"count":0,"href":"https:\/\/www.hoymercedes.com.ar\/principal\/wp-json\/wp\/v2\/posts\/12504\/revisions"}],"wp:attachment":[{"href":"https:\/\/www.hoymercedes.com.ar\/principal\/wp-json\/wp\/v2\/media?parent=12504"}],"wp:term":[{"taxonomy":"category","embeddable":true,"href":"https:\/\/www.hoymercedes.com.ar\/principal\/wp-json\/wp\/v2\/categories?post=12504"},{"taxonomy":"post_tag","embeddable":true,"href":"https:\/\/www.hoymercedes.com.ar\/principal\/wp-json\/wp\/v2\/tags?post=12504"}],"curies":[{"name":"wp","href":"https:\/\/api.w.org\/{rel}","templated":true}]}}