{"id":125051,"date":"2021-02-19T07:12:00","date_gmt":"2021-02-19T10:12:00","guid":{"rendered":"http:\/\/www.hoymercedes.com.ar\/principal\/?p=125051"},"modified":"2021-02-19T22:52:28","modified_gmt":"2021-02-20T01:52:28","slug":"vacunaron-a-150-personas-en-el-primer-dia-de-vacunacion","status":"publish","type":"post","link":"https:\/\/www.hoymercedes.com.ar\/principal\/2021\/02\/19\/vacunaron-a-150-personas-en-el-primer-dia-de-vacunacion\/","title":{"rendered":"Vacunaron a 150 personas en el primer d\u00eda de vacunaci\u00f3n"},"content":{"rendered":"\n<p>El Municipio de Mercedes a trav\u00e9s de la Secretar\u00eda de salud, comenz\u00f3 con el\u00a0Programa de Vacunaci\u00f3n Masiva en la ciudad. Durante este jueves en el Colegio Nacional, bajo los protocolos sanitarios vigentes, se vacunaron a 150 vecinos quienes previamente se hab\u00edan inscriptos en\u00a0<a rel=\"noreferrer noopener\" target=\"_blank\" href=\"http:\/\/www.vacunatepba.gba.gov.ar\/\">www.vacunatepba.gba.gov.ar<\/a>\u00a0\u00a0<\/p>\n\n\n\n<div class=\"wp-block-image\"><figure class=\"aligncenter size-large\"><img loading=\"lazy\" decoding=\"async\" width=\"800\" height=\"533\" data-attachment-id=\"125052\" data-permalink=\"https:\/\/www.hoymercedes.com.ar\/principal\/2021\/02\/19\/vacunaron-a-150-personas-en-el-primer-dia-de-vacunacion\/photo5006188587611433153\/#main\" data-orig-file=\"https:\/\/www.hoymercedes.com.ar\/principal\/wp-content\/uploads\/2021\/02\/photo5006188587611433153.jpg\" data-orig-size=\"800,533\" data-comments-opened=\"0\" data-image-meta=\"{&quot;aperture&quot;:&quot;0&quot;,&quot;credit&quot;:&quot;&quot;,&quot;camera&quot;:&quot;&quot;,&quot;caption&quot;:&quot;&quot;,&quot;created_timestamp&quot;:&quot;1613686302&quot;,&quot;copyright&quot;:&quot;&quot;,&quot;focal_length&quot;:&quot;0&quot;,&quot;iso&quot;:&quot;0&quot;,&quot;shutter_speed&quot;:&quot;0&quot;,&quot;title&quot;:&quot;&quot;,&quot;orientation&quot;:&quot;1&quot;}\" data-image-title=\"photo5006188587611433153\" data-image-description=\"\" data-image-caption=\"\" data-large-file=\"https:\/\/www.hoymercedes.com.ar\/principal\/wp-content\/uploads\/2021\/02\/photo5006188587611433153.jpg\" src=\"https:\/\/www.hoymercedes.com.ar\/principal\/wp-content\/uploads\/2021\/02\/photo5006188587611433153.jpg\" alt=\"\" class=\"wp-image-125052\" srcset=\"https:\/\/www.hoymercedes.com.ar\/principal\/wp-content\/uploads\/2021\/02\/photo5006188587611433153.jpg 800w, https:\/\/www.hoymercedes.com.ar\/principal\/wp-content\/uploads\/2021\/02\/photo5006188587611433153-630x420.jpg 630w, https:\/\/www.hoymercedes.com.ar\/principal\/wp-content\/uploads\/2021\/02\/photo5006188587611433153-150x100.jpg 150w, https:\/\/www.hoymercedes.com.ar\/principal\/wp-content\/uploads\/2021\/02\/photo5006188587611433153-700x465.jpg 700w\" sizes=\"auto, (max-width: 800px) 100vw, 800px\" \/><\/figure><\/div>\n\n\n\n<div class=\"wp-block-group\"><div class=\"wp-block-group__inner-container is-layout-flow wp-block-group-is-layout-flow\">\n<p>En el edificio del Colegio Nacional, en calle 17 entre 30 y 32 se llev\u00f3 adelante la primera jornada de vacunaci\u00f3n a los mayores de 70 a\u00f1os y los profesionales de la salud que no pudieron hacer con antelaci\u00f3n. Fueron 150 personas las citadas en la primera jornada que eran recibidos por personal administrativo que luego eran derivados a los puestos de vacunaci\u00f3n y finalmente a una sala a esperar que no presentasen ninguna reacci\u00f3n ante la vacuna. <\/p>\n<\/div><\/div>\n\n\n\n<p>En el dispositivo hay dispuesto 5 vacunatorios: \u201cEstamos preparados para vacunar 350 personas por d\u00eda, de lunes a lunes\u201d explic\u00f3 el Secretario de Salud municipal el pediatra N\u00e9stor Pisapia. \u00abEn este momento la turnera que nos bajaron, design\u00f3 que en cuatro d\u00edas vacunemos a 150 personas, por d\u00eda y eso tiene que ver con agilizar el sistema y ponerse acorde al mismo.\u201d \u00a0<\/p>\n\n\n\n<p>\u201cA medida que vayan llegando cantidad de vacunas las turneras van a ir ampli\u00e1ndose en cantidad de turnos por d\u00eda\u201d dijo mientras recorr\u00eda los distintos espacios del lugar y afirm\u00f3 \u201cal finalizar la jornada se evaluar\u00e1 el resultado de esta primera jornada de vacunaci\u00f3n\u201d. &nbsp;<\/p>\n\n\n\n<p>Vale remarcar, que quienes no se hayan inscripto lo deben hacer a trav\u00e9s de la app de Provincia&nbsp;<a rel=\"noreferrer noopener\" target=\"_blank\" href=\"http:\/\/www.vacunatepba.gba.gov.ar\/\">www.vacunatepba.gba.gov.ar<\/a>&nbsp;&nbsp;&nbsp;<\/p>\n\n\n\n<p><\/p>\n","protected":false},"excerpt":{"rendered":"<p>El Municipio de Mercedes a trav\u00e9s de la Secretar\u00eda de salud, comenz\u00f3 con el\u00a0Programa de Vacunaci\u00f3n Masiva en la ciudad. &#8230; <a title=\"Vacunaron a 150 personas en el primer d\u00eda de vacunaci\u00f3n\" class=\"read-more\" href=\"https:\/\/www.hoymercedes.com.ar\/principal\/2021\/02\/19\/vacunaron-a-150-personas-en-el-primer-dia-de-vacunacion\/\" aria-label=\"Leer m\u00e1s sobre Vacunaron a 150 personas en el primer d\u00eda de vacunaci\u00f3n\">Leer m\u00e1s<\/a><\/p>\n","protected":false},"author":1,"featured_media":125052,"comment_status":"closed","ping_status":"open","sticky":false,"template":"","format":"standard","meta":{"_monsterinsights_skip_tracking":false,"_monsterinsights_sitenote_active":false,"_monsterinsights_sitenote_note":"","_monsterinsights_sitenote_category":0,"jetpack_post_was_ever_published":false,"_jetpack_newsletter_access":"","_jetpack_dont_email_post_to_subs":false,"_jetpack_newsletter_tier_id":0,"_jetpack_memberships_contains_paywalled_content":false,"_jetpack_memberships_contains_paid_content":false,"footnotes":"","jetpack_publicize_message":"","jetpack_publicize_feature_enabled":true,"jetpack_social_post_already_shared":true,"jetpack_social_options":{"image_generator_settings":{"template":"highway","default_image_id":0,"font":"","enabled":false},"version":2},"_wpas_customize_per_network":false},"categories":[30],"tags":[7873,244,765],"class_list":["post-125051","post","type-post","status-publish","format-standard","has-post-thumbnail","hentry","category-municipio","tag-campana","tag-municipio-2","tag-vacunacion","generate-columns","tablet-grid-50","mobile-grid-100","grid-parent","grid-50"],"jetpack_publicize_connections":[],"jetpack_featured_media_url":"https:\/\/www.hoymercedes.com.ar\/principal\/wp-content\/uploads\/2021\/02\/photo5006188587611433153.jpg","wps_subtitle":"Informe municipal","jetpack_sharing_enabled":true,"_links":{"self":[{"href":"https:\/\/www.hoymercedes.com.ar\/principal\/wp-json\/wp\/v2\/posts\/125051","targetHints":{"allow":["GET"]}}],"collection":[{"href":"https:\/\/www.hoymercedes.com.ar\/principal\/wp-json\/wp\/v2\/posts"}],"about":[{"href":"https:\/\/www.hoymercedes.com.ar\/principal\/wp-json\/wp\/v2\/types\/post"}],"author":[{"embeddable":true,"href":"https:\/\/www.hoymercedes.com.ar\/principal\/wp-json\/wp\/v2\/users\/1"}],"replies":[{"embeddable":true,"href":"https:\/\/www.hoymercedes.com.ar\/principal\/wp-json\/wp\/v2\/comments?post=125051"}],"version-history":[{"count":0,"href":"https:\/\/www.hoymercedes.com.ar\/principal\/wp-json\/wp\/v2\/posts\/125051\/revisions"}],"wp:featuredmedia":[{"embeddable":true,"href":"https:\/\/www.hoymercedes.com.ar\/principal\/wp-json\/wp\/v2\/media\/125052"}],"wp:attachment":[{"href":"https:\/\/www.hoymercedes.com.ar\/principal\/wp-json\/wp\/v2\/media?parent=125051"}],"wp:term":[{"taxonomy":"category","embeddable":true,"href":"https:\/\/www.hoymercedes.com.ar\/principal\/wp-json\/wp\/v2\/categories?post=125051"},{"taxonomy":"post_tag","embeddable":true,"href":"https:\/\/www.hoymercedes.com.ar\/principal\/wp-json\/wp\/v2\/tags?post=125051"}],"curies":[{"name":"wp","href":"https:\/\/api.w.org\/{rel}","templated":true}]}}