{"id":125065,"date":"2021-02-19T11:22:17","date_gmt":"2021-02-19T14:22:17","guid":{"rendered":"http:\/\/www.hoymercedes.com.ar\/principal\/?p=125065"},"modified":"2021-02-19T15:08:24","modified_gmt":"2021-02-19T18:08:24","slug":"condenan-a-perpetua-a-femicida","status":"publish","type":"post","link":"https:\/\/www.hoymercedes.com.ar\/principal\/2021\/02\/19\/condenan-a-perpetua-a-femicida\/","title":{"rendered":"Condenan a perpetua a femicida"},"content":{"rendered":"\n<p>En la jornada del 17 de febrero \u00faltimo el Tribunal Oral en lo Criminal N.\u00ba 3 del Departamento Judicial de Mercedes dio a conocer su veredicto en el marco de un juicio a un hombre de 43 a\u00f1os acusado de femicidio. El hecho ocurri\u00f3\u00a0 entre las \u00faltimas horas del 26 de febrero de 2016 y las \u00faltimas horas del d\u00eda 27 del mismo mes y a\u00f1o, cuando el ahora condenado ocasion\u00f3 intencionalmente la muerte de una mujer de 23 a\u00f1os, con quien por entonces manten\u00eda una relaci\u00f3n de noviazgo, en un domicilio de la localidad de Chivilcoy.<\/p>\n\n\n\n<div class=\"wp-block-image\"><figure class=\"aligncenter size-large\"><img loading=\"lazy\" decoding=\"async\" width=\"1024\" height=\"684\" data-attachment-id=\"125066\" data-permalink=\"https:\/\/www.hoymercedes.com.ar\/principal\/2021\/02\/19\/condenan-a-perpetua-a-femicida\/19-caso-chivilcoy\/#main\" data-orig-file=\"https:\/\/www.hoymercedes.com.ar\/principal\/wp-content\/uploads\/2021\/02\/19-caso-chivilcoy-e1613744421834.jpg\" data-orig-size=\"800,534\" data-comments-opened=\"0\" data-image-meta=\"{&quot;aperture&quot;:&quot;0&quot;,&quot;credit&quot;:&quot;&quot;,&quot;camera&quot;:&quot;&quot;,&quot;caption&quot;:&quot;&quot;,&quot;created_timestamp&quot;:&quot;0&quot;,&quot;copyright&quot;:&quot;&quot;,&quot;focal_length&quot;:&quot;0&quot;,&quot;iso&quot;:&quot;0&quot;,&quot;shutter_speed&quot;:&quot;0&quot;,&quot;title&quot;:&quot;&quot;,&quot;orientation&quot;:&quot;0&quot;}\" data-image-title=\"19 caso chivilcoy}\" data-image-description=\"\" data-image-caption=\"&lt;p&gt;Fotograf\u00eda: La Raz\u00f3n de Chivilcoy&lt;\/p&gt;\n\" data-large-file=\"https:\/\/www.hoymercedes.com.ar\/principal\/wp-content\/uploads\/2021\/02\/19-caso-chivilcoy-1024x684.jpg\" src=\"https:\/\/www.hoymercedes.com.ar\/principal\/wp-content\/uploads\/2021\/02\/19-caso-chivilcoy-1024x684.jpg\" alt=\"\" class=\"wp-image-125066\"\/><figcaption>Fotograf\u00eda: La Raz\u00f3n de Chivilcoy<\/figcaption><\/figure><\/div>\n\n\n\n<p>Seg\u00fan surgi\u00f3 de las pericias, el sujeto realiz\u00f3 una \u201ccompresi\u00f3n o golpe directo o indirecto sobre el cuello de la v\u00edctima, ocasionando una eventual arritmia o paro card\u00edaco en virtud de las signos hallados\u201d.<\/p>\n\n\n\n<p>Tras ello, descart\u00f3 el cuerpo envuelto en un bald\u00edo y se mantuvo pr\u00f3fugo hasta el mes de agosto de ese mismo a\u00f1o cuando fue detenido.<\/p>\n\n\n\n<p>Para los jueces Claudia Esquivel, Pablo Vieiro y Francisco Ghibaudi, la imputaci\u00f3n sostenida por la fiscal de Juicio, dra. Valeria Chapuis fue fundada y resolvieron condenarlo a la pena de prisi\u00f3n perpetua, accesorias legales y costas al encontrarlo culpable del delito de \u201cHomicidio agravado por haber mantenido una relaci\u00f3n de pareja y por ser cometido por un hombre contra una mujer mediando violencia de g\u00e9nero\u201d (femicidio).<\/p>\n\n\n\n<p>Para arribar a dicha resoluci\u00f3n se basaron en los diversos elementos que se adjuntaron a la causa tras la investigaci\u00f3n realizada por la UFIJ N.\u00ba 6, los cuales se ventilaron durante el debate oral llevado a cabo durante los d\u00edas 4 y 5 de febrero del corriente, en el marco de los protocolos vigentes.<\/p>\n\n\n\n<p>Fuente: Ministerio P\u00fablico Fiscal &#8211; Depto Judicial Mercedes<\/p>\n","protected":false},"excerpt":{"rendered":"<p>En la jornada del 17 de febrero \u00faltimo el Tribunal Oral en lo Criminal N.\u00ba 3 del Departamento Judicial de &#8230; <a title=\"Condenan a perpetua a femicida\" class=\"read-more\" href=\"https:\/\/www.hoymercedes.com.ar\/principal\/2021\/02\/19\/condenan-a-perpetua-a-femicida\/\" aria-label=\"Leer m\u00e1s sobre Condenan a perpetua a femicida\">Leer m\u00e1s<\/a><\/p>\n","protected":false},"author":1,"featured_media":125066,"comment_status":"closed","ping_status":"open","sticky":false,"template":"","format":"standard","meta":{"_monsterinsights_skip_tracking":false,"_monsterinsights_sitenote_active":false,"_monsterinsights_sitenote_note":"","_monsterinsights_sitenote_category":0,"jetpack_post_was_ever_published":false,"_jetpack_newsletter_access":"","_jetpack_dont_email_post_to_subs":false,"_jetpack_newsletter_tier_id":0,"_jetpack_memberships_contains_paywalled_content":false,"_jetpack_memberships_contains_paid_content":false,"footnotes":"","jetpack_publicize_message":"","jetpack_publicize_feature_enabled":true,"jetpack_social_post_already_shared":true,"jetpack_social_options":{"image_generator_settings":{"template":"highway","default_image_id":0,"font":"","enabled":false},"version":2},"_wpas_customize_per_network":false},"categories":[85],"tags":[62,17550,325,10],"class_list":["post-125065","post","type-post","status-publish","format-standard","has-post-thumbnail","hentry","category-policial","tag-chivilcoy","tag-femicida","tag-justicia","tag-mercedes","generate-columns","tablet-grid-50","mobile-grid-100","grid-parent","grid-50"],"jetpack_publicize_connections":[],"jetpack_featured_media_url":"https:\/\/www.hoymercedes.com.ar\/principal\/wp-content\/uploads\/2021\/02\/19-caso-chivilcoy-e1613744421834.jpg","wps_subtitle":"Juzgado de Mercedes","jetpack_sharing_enabled":true,"_links":{"self":[{"href":"https:\/\/www.hoymercedes.com.ar\/principal\/wp-json\/wp\/v2\/posts\/125065","targetHints":{"allow":["GET"]}}],"collection":[{"href":"https:\/\/www.hoymercedes.com.ar\/principal\/wp-json\/wp\/v2\/posts"}],"about":[{"href":"https:\/\/www.hoymercedes.com.ar\/principal\/wp-json\/wp\/v2\/types\/post"}],"author":[{"embeddable":true,"href":"https:\/\/www.hoymercedes.com.ar\/principal\/wp-json\/wp\/v2\/users\/1"}],"replies":[{"embeddable":true,"href":"https:\/\/www.hoymercedes.com.ar\/principal\/wp-json\/wp\/v2\/comments?post=125065"}],"version-history":[{"count":0,"href":"https:\/\/www.hoymercedes.com.ar\/principal\/wp-json\/wp\/v2\/posts\/125065\/revisions"}],"wp:featuredmedia":[{"embeddable":true,"href":"https:\/\/www.hoymercedes.com.ar\/principal\/wp-json\/wp\/v2\/media\/125066"}],"wp:attachment":[{"href":"https:\/\/www.hoymercedes.com.ar\/principal\/wp-json\/wp\/v2\/media?parent=125065"}],"wp:term":[{"taxonomy":"category","embeddable":true,"href":"https:\/\/www.hoymercedes.com.ar\/principal\/wp-json\/wp\/v2\/categories?post=125065"},{"taxonomy":"post_tag","embeddable":true,"href":"https:\/\/www.hoymercedes.com.ar\/principal\/wp-json\/wp\/v2\/tags?post=125065"}],"curies":[{"name":"wp","href":"https:\/\/api.w.org\/{rel}","templated":true}]}}